{"id":41394,"date":"2024-02-05T20:06:58","date_gmt":"2024-02-05T20:06:58","guid":{"rendered":"http:\/\/www.mycielewo.pl\/?p=41394"},"modified":"2024-02-05T20:06:58","modified_gmt":"2024-02-05T20:06:58","slug":"walentynki-2024","status":"publish","type":"post","link":"https:\/\/mycielewo.pl\/?p=41394","title":{"rendered":"Walentynki 2024"},"content":{"rendered":"\n<p>Samorz\u0105d Uczniowski og\u0142asza, \u017ce w dniu 09.02.2024 (pi\u0105tek) b\u0119dziemy obchodzili walentynki. Zach\u0119camy wszystkich uczni\u00f3w, aby ubrali si\u0119 w tym dniu na czerwono. Sw\u00f3j str\u00f3j mo\u017cna r\u00f3wnie\u017c ozdobi\u0107 serduszkami. <br>Dodatkowo do pi\u0105tku na holu stoi kartonik &#8211; poczta walentynkowa, do kt\u00f3rej mo\u017cna wrzuca\u0107 swoje walentynki. Zostan\u0105 one rozdane w pi\u0105tek. <\/p>\n\n\n\n<p class=\"has-text-align-right\"><em>Marta Bernas &#8211; SU<\/em><\/p>\n\n\n\n<figure class=\"wp-block-image size-full\"><img loading=\"lazy\" decoding=\"async\" width=\"1920\" height=\"952\" src=\"https:\/\/mycielewo.pl\/wp-content\/uploads\/2024\/02\/712353c0-d308-4db0-9b5b-a4f0b8d6f14f.jpg\" alt=\"\" class=\"wp-image-41395\" srcset=\"https:\/\/mycielewo.pl\/wp-content\/uploads\/2024\/02\/712353c0-d308-4db0-9b5b-a4f0b8d6f14f.jpg 1920w, https:\/\/mycielewo.pl\/wp-content\/uploads\/2024\/02\/712353c0-d308-4db0-9b5b-a4f0b8d6f14f-250x124.jpg 250w, https:\/\/mycielewo.pl\/wp-content\/uploads\/2024\/02\/712353c0-d308-4db0-9b5b-a4f0b8d6f14f-300x149.jpg 300w, https:\/\/mycielewo.pl\/wp-content\/uploads\/2024\/02\/712353c0-d308-4db0-9b5b-a4f0b8d6f14f-768x381.jpg 768w, https:\/\/mycielewo.pl\/wp-content\/uploads\/2024\/02\/712353c0-d308-4db0-9b5b-a4f0b8d6f14f-1536x762.jpg 1536w\" sizes=\"auto, (max-width: 1920px) 100vw, 1920px\" \/><\/figure>\n","protected":false},"excerpt":{"rendered":"<p>Samorz\u0105d Uczniowski og\u0142asza, \u017ce w dniu 09.02.2024 (pi\u0105tek) b\u0119dziemy obchodzili walentynki. Zach\u0119camy wszystkich uczni\u00f3w, aby ubrali si\u0119 w tym dniu na czerwono. Sw\u00f3j str\u00f3j mo\u017cna r\u00f3wnie\u017c ozdobi\u0107 serduszkami. Dodatkowo do pi\u0105tku na holu stoi kartonik &#8211; poczta walentynkowa, do kt\u00f3rej mo\u017cna wrzuca\u0107 swoje walentynki. Zostan\u0105 one rozdane w pi\u0105tek. Marta Bernas &#8211; SU<\/p>\n","protected":false},"author":1,"featured_media":0,"comment_status":"open","ping_status":"open","sticky":false,"template":"","format":"standard","meta":{"footnotes":""},"categories":[1],"tags":[],"class_list":["post-41394","post","type-post","status-publish","format-standard","hentry","category-bez-kategorii"],"_links":{"self":[{"href":"https:\/\/mycielewo.pl\/index.php?rest_route=\/wp\/v2\/posts\/41394","targetHints":{"allow":["GET"]}}],"collection":[{"href":"https:\/\/mycielewo.pl\/index.php?rest_route=\/wp\/v2\/posts"}],"about":[{"href":"https:\/\/mycielewo.pl\/index.php?rest_route=\/wp\/v2\/types\/post"}],"author":[{"embeddable":true,"href":"https:\/\/mycielewo.pl\/index.php?rest_route=\/wp\/v2\/users\/1"}],"replies":[{"embeddable":true,"href":"https:\/\/mycielewo.pl\/index.php?rest_route=%2Fwp%2Fv2%2Fcomments&post=41394"}],"version-history":[{"count":1,"href":"https:\/\/mycielewo.pl\/index.php?rest_route=\/wp\/v2\/posts\/41394\/revisions"}],"predecessor-version":[{"id":41396,"href":"https:\/\/mycielewo.pl\/index.php?rest_route=\/wp\/v2\/posts\/41394\/revisions\/41396"}],"wp:attachment":[{"href":"https:\/\/mycielewo.pl\/index.php?rest_route=%2Fwp%2Fv2%2Fmedia&parent=41394"}],"wp:term":[{"taxonomy":"category","embeddable":true,"href":"https:\/\/mycielewo.pl\/index.php?rest_route=%2Fwp%2Fv2%2Fcategories&post=41394"},{"taxonomy":"post_tag","embeddable":true,"href":"https:\/\/mycielewo.pl\/index.php?rest_route=%2Fwp%2Fv2%2Ftags&post=41394"}],"curies":[{"name":"wp","href":"https:\/\/api.w.org\/{rel}","templated":true}]}}