{"id":41387,"date":"2024-02-05T19:49:40","date_gmt":"2024-02-05T19:49:40","guid":{"rendered":"http:\/\/www.mycielewo.pl\/?p=41387"},"modified":"2024-03-04T20:11:14","modified_gmt":"2024-03-04T20:11:14","slug":"wyjazd-na-basen","status":"publish","type":"post","link":"https:\/\/mycielewo.pl\/?p=41387","title":{"rendered":"Wyjazd na Basen"},"content":{"rendered":"\n<p><strong>1 lutego 2024 r. uczniowie klas 1-6 wybrali si\u0119 wraz z opiekunami do Parku wodnego w W\u0105growcu. <\/strong><\/p>\n\n\n\n<p>Czas tam sp\u0119dzili na mi\u0142ej, wsp\u00f3lnej zabawie w basenie &#8211; korzystali z m.in. atrakcji takich jak jacuzzi, rw\u0105cej rzeki czy zewn\u0119trznej zje\u017cd\u017calni. Pobyt tam zaliczamy do bardzo udanych. Wszyscy zm\u0119czeni wyczerpuj\u0105c\u0105 zabaw\u0105 wodn\u0105 ale zadowoleni oczekuj\u0105 ju\u017c kolejnego wyjazdu na basen\u2026<\/p>\n\n\n\n<p class=\"has-text-align-right\"><em>Magdalena Tomkowiak<\/em><\/p>\n\n\n\n<figure class=\"wp-block-gallery has-nested-images columns-default is-cropped wp-block-gallery-2 is-layout-flex wp-block-gallery-is-layout-flex\">\n<figure class=\"wp-block-image size-large\"><a href=\"https:\/\/mycielewo.pl\/wp-content\/uploads\/2024\/02\/417230412_3841309112756875_5157460624962226652_n.jpg\"><img loading=\"lazy\" decoding=\"async\" width=\"168\" height=\"300\" data-id=\"41392\" src=\"https:\/\/mycielewo.pl\/wp-content\/uploads\/2024\/02\/417230412_3841309112756875_5157460624962226652_n-168x300.jpg\" alt=\"\" class=\"wp-image-41392\" srcset=\"https:\/\/mycielewo.pl\/wp-content\/uploads\/2024\/02\/417230412_3841309112756875_5157460624962226652_n-168x300.jpg 168w, https:\/\/mycielewo.pl\/wp-content\/uploads\/2024\/02\/417230412_3841309112756875_5157460624962226652_n-140x250.jpg 140w, https:\/\/mycielewo.pl\/wp-content\/uploads\/2024\/02\/417230412_3841309112756875_5157460624962226652_n-768x1371.jpg 768w, https:\/\/mycielewo.pl\/wp-content\/uploads\/2024\/02\/417230412_3841309112756875_5157460624962226652_n-860x1536.jpg 860w, https:\/\/mycielewo.pl\/wp-content\/uploads\/2024\/02\/417230412_3841309112756875_5157460624962226652_n.jpg 1120w\" sizes=\"auto, (max-width: 168px) 100vw, 168px\" \/><\/a><\/figure>\n\n\n\n<figure class=\"wp-block-image size-large\"><a href=\"https:\/\/mycielewo.pl\/wp-content\/uploads\/2024\/02\/417249754_396244416127264_3156397454314976266_n.jpg\"><img loading=\"lazy\" decoding=\"async\" width=\"168\" height=\"300\" data-id=\"41391\" src=\"https:\/\/mycielewo.pl\/wp-content\/uploads\/2024\/02\/417249754_396244416127264_3156397454314976266_n-168x300.jpg\" alt=\"\" class=\"wp-image-41391\" srcset=\"https:\/\/mycielewo.pl\/wp-content\/uploads\/2024\/02\/417249754_396244416127264_3156397454314976266_n-168x300.jpg 168w, https:\/\/mycielewo.pl\/wp-content\/uploads\/2024\/02\/417249754_396244416127264_3156397454314976266_n-140x250.jpg 140w, https:\/\/mycielewo.pl\/wp-content\/uploads\/2024\/02\/417249754_396244416127264_3156397454314976266_n-768x1371.jpg 768w, https:\/\/mycielewo.pl\/wp-content\/uploads\/2024\/02\/417249754_396244416127264_3156397454314976266_n-860x1536.jpg 860w, https:\/\/mycielewo.pl\/wp-content\/uploads\/2024\/02\/417249754_396244416127264_3156397454314976266_n.jpg 1120w\" sizes=\"auto, (max-width: 168px) 100vw, 168px\" \/><\/a><\/figure>\n\n\n\n<figure class=\"wp-block-image size-large\"><a href=\"https:\/\/mycielewo.pl\/wp-content\/uploads\/2024\/02\/420191739_403158625418893_2040895089828578055_n.jpg\"><img loading=\"lazy\" decoding=\"async\" width=\"300\" height=\"168\" data-id=\"41390\" src=\"https:\/\/mycielewo.pl\/wp-content\/uploads\/2024\/02\/420191739_403158625418893_2040895089828578055_n-300x168.jpg\" alt=\"\" class=\"wp-image-41390\" srcset=\"https:\/\/mycielewo.pl\/wp-content\/uploads\/2024\/02\/420191739_403158625418893_2040895089828578055_n-300x168.jpg 300w, https:\/\/mycielewo.pl\/wp-content\/uploads\/2024\/02\/420191739_403158625418893_2040895089828578055_n-250x140.jpg 250w, https:\/\/mycielewo.pl\/wp-content\/uploads\/2024\/02\/420191739_403158625418893_2040895089828578055_n-768x430.jpg 768w, https:\/\/mycielewo.pl\/wp-content\/uploads\/2024\/02\/420191739_403158625418893_2040895089828578055_n-1536x860.jpg 1536w, https:\/\/mycielewo.pl\/wp-content\/uploads\/2024\/02\/420191739_403158625418893_2040895089828578055_n.jpg 2000w\" sizes=\"auto, (max-width: 300px) 100vw, 300px\" \/><\/a><\/figure>\n<\/figure>\n","protected":false},"excerpt":{"rendered":"<p>1 lutego 2024 r. uczniowie klas 1-6 wybrali si\u0119 wraz z opiekunami do Parku wodnego w W\u0105growcu. Czas tam sp\u0119dzili na mi\u0142ej, wsp\u00f3lnej zabawie w basenie &#8211; korzystali z m.in. atrakcji takich jak jacuzzi, rw\u0105cej rzeki czy zewn\u0119trznej zje\u017cd\u017calni. Pobyt tam zaliczamy do bardzo udanych. Wszyscy zm\u0119czeni wyczerpuj\u0105c\u0105 zabaw\u0105 wodn\u0105 ale zadowoleni oczekuj\u0105 ju\u017c kolejnego&hellip; <a class=\"continue\" href=\"https:\/\/mycielewo.pl\/?p=41387\">Kontynuuj czytanie<span> Wyjazd na Basen<\/span><\/a><\/p>\n","protected":false},"author":1,"featured_media":0,"comment_status":"open","ping_status":"open","sticky":false,"template":"","format":"standard","meta":{"footnotes":""},"categories":[1],"tags":[],"class_list":["post-41387","post","type-post","status-publish","format-standard","hentry","category-bez-kategorii"],"_links":{"self":[{"href":"https:\/\/mycielewo.pl\/index.php?rest_route=\/wp\/v2\/posts\/41387","targetHints":{"allow":["GET"]}}],"collection":[{"href":"https:\/\/mycielewo.pl\/index.php?rest_route=\/wp\/v2\/posts"}],"about":[{"href":"https:\/\/mycielewo.pl\/index.php?rest_route=\/wp\/v2\/types\/post"}],"author":[{"embeddable":true,"href":"https:\/\/mycielewo.pl\/index.php?rest_route=\/wp\/v2\/users\/1"}],"replies":[{"embeddable":true,"href":"https:\/\/mycielewo.pl\/index.php?rest_route=%2Fwp%2Fv2%2Fcomments&post=41387"}],"version-history":[{"count":3,"href":"https:\/\/mycielewo.pl\/index.php?rest_route=\/wp\/v2\/posts\/41387\/revisions"}],"predecessor-version":[{"id":47434,"href":"https:\/\/mycielewo.pl\/index.php?rest_route=\/wp\/v2\/posts\/41387\/revisions\/47434"}],"wp:attachment":[{"href":"https:\/\/mycielewo.pl\/index.php?rest_route=%2Fwp%2Fv2%2Fmedia&parent=41387"}],"wp:term":[{"taxonomy":"category","embeddable":true,"href":"https:\/\/mycielewo.pl\/index.php?rest_route=%2Fwp%2Fv2%2Fcategories&post=41387"},{"taxonomy":"post_tag","embeddable":true,"href":"https:\/\/mycielewo.pl\/index.php?rest_route=%2Fwp%2Fv2%2Ftags&post=41387"}],"curies":[{"name":"wp","href":"https:\/\/api.w.org\/{rel}","templated":true}]}}