{"id":41380,"date":"2024-02-05T19:46:42","date_gmt":"2024-02-05T19:46:42","guid":{"rendered":"http:\/\/www.mycielewo.pl\/?p=41380"},"modified":"2024-03-04T20:11:46","modified_gmt":"2024-03-04T20:11:46","slug":"alan-o-wielkich-polakach-andrzej-szwalbe-zycie-i-dzialalnosc-na-tle-historii-polski","status":"publish","type":"post","link":"https:\/\/mycielewo.pl\/?p=41380","title":{"rendered":"Alan o Wielkich Polakach \u201eAndrzej Szwalbe &#8211; \u017cycie i dzia\u0142alno\u015b\u0107 na tle historii Polski\u201d."},"content":{"rendered":"\n<p>Mi\u0142o nam poinformowa\u0107, \u017ce Alan Hak &#8211; ucze\u0144 klasy VI Szko\u0142y Podstawowej w Mycielewie, wzi\u0105\u0142 udzia\u0142 w etapie rejonowym Wojew\u00f3dzkiego Konkursu Interdyscyplinarnego o Wielkich Polakach \u201eAndrzej Szwalbe &#8211; \u017cycie i dzia\u0142alno\u015b\u0107 na tle historii Polski\u201d. Wydarzenie to mia\u0142o miejsce w Bydgoszczy.<\/p>\n\n\n\n<p>Przygotowywaniem Alana zaj\u0119\u0142y si\u0119 panie: Renata Szczepaniak i Agnieszka Koralewska-Hak.<\/p>\n\n\n\n<p>\u017byczymy powodzenia! Wyniki ju\u017c wkr\u00f3tce&#8230;<\/p>\n\n\n\n<figure class=\"wp-block-gallery has-nested-images columns-5 is-cropped wp-block-gallery-2 is-layout-flex wp-block-gallery-is-layout-flex\">\n<figure class=\"wp-block-image size-large\"><a href=\"https:\/\/mycielewo.pl\/wp-content\/uploads\/2024\/02\/418723069_3528376090747568_5362986942123367962_n.jpg\"><img loading=\"lazy\" decoding=\"async\" width=\"214\" height=\"300\" data-id=\"41384\" src=\"https:\/\/mycielewo.pl\/wp-content\/uploads\/2024\/02\/418723069_3528376090747568_5362986942123367962_n-214x300.jpg\" alt=\"\" class=\"wp-image-41384\" srcset=\"https:\/\/mycielewo.pl\/wp-content\/uploads\/2024\/02\/418723069_3528376090747568_5362986942123367962_n-214x300.jpg 214w, https:\/\/mycielewo.pl\/wp-content\/uploads\/2024\/02\/418723069_3528376090747568_5362986942123367962_n-179x250.jpg 179w, https:\/\/mycielewo.pl\/wp-content\/uploads\/2024\/02\/418723069_3528376090747568_5362986942123367962_n-768x1075.jpg 768w, https:\/\/mycielewo.pl\/wp-content\/uploads\/2024\/02\/418723069_3528376090747568_5362986942123367962_n-1097x1536.jpg 1097w, https:\/\/mycielewo.pl\/wp-content\/uploads\/2024\/02\/418723069_3528376090747568_5362986942123367962_n.jpg 1463w\" sizes=\"auto, (max-width: 214px) 100vw, 214px\" \/><\/a><\/figure>\n\n\n\n<figure class=\"wp-block-image size-large\"><a href=\"https:\/\/mycielewo.pl\/wp-content\/uploads\/2024\/02\/418841509_1411545473133191_3630669624954047440_n.jpg\"><img loading=\"lazy\" decoding=\"async\" width=\"300\" height=\"169\" data-id=\"41385\" src=\"https:\/\/mycielewo.pl\/wp-content\/uploads\/2024\/02\/418841509_1411545473133191_3630669624954047440_n-300x169.jpg\" alt=\"\" class=\"wp-image-41385\" srcset=\"https:\/\/mycielewo.pl\/wp-content\/uploads\/2024\/02\/418841509_1411545473133191_3630669624954047440_n-300x169.jpg 300w, https:\/\/mycielewo.pl\/wp-content\/uploads\/2024\/02\/418841509_1411545473133191_3630669624954047440_n-250x141.jpg 250w, https:\/\/mycielewo.pl\/wp-content\/uploads\/2024\/02\/418841509_1411545473133191_3630669624954047440_n-768x432.jpg 768w, https:\/\/mycielewo.pl\/wp-content\/uploads\/2024\/02\/418841509_1411545473133191_3630669624954047440_n-1536x864.jpg 1536w, https:\/\/mycielewo.pl\/wp-content\/uploads\/2024\/02\/418841509_1411545473133191_3630669624954047440_n.jpg 2048w\" sizes=\"auto, (max-width: 300px) 100vw, 300px\" \/><\/a><\/figure>\n\n\n\n<figure class=\"wp-block-image size-large\"><a href=\"https:\/\/mycielewo.pl\/wp-content\/uploads\/2024\/02\/418923147_1399665354089808_2888589344132023670_n.jpg\"><img loading=\"lazy\" decoding=\"async\" width=\"214\" height=\"300\" data-id=\"41381\" src=\"https:\/\/mycielewo.pl\/wp-content\/uploads\/2024\/02\/418923147_1399665354089808_2888589344132023670_n-214x300.jpg\" alt=\"\" class=\"wp-image-41381\" srcset=\"https:\/\/mycielewo.pl\/wp-content\/uploads\/2024\/02\/418923147_1399665354089808_2888589344132023670_n-214x300.jpg 214w, https:\/\/mycielewo.pl\/wp-content\/uploads\/2024\/02\/418923147_1399665354089808_2888589344132023670_n-178x250.jpg 178w, https:\/\/mycielewo.pl\/wp-content\/uploads\/2024\/02\/418923147_1399665354089808_2888589344132023670_n-768x1079.jpg 768w, https:\/\/mycielewo.pl\/wp-content\/uploads\/2024\/02\/418923147_1399665354089808_2888589344132023670_n-1094x1536.jpg 1094w, https:\/\/mycielewo.pl\/wp-content\/uploads\/2024\/02\/418923147_1399665354089808_2888589344132023670_n.jpg 1152w\" sizes=\"auto, (max-width: 214px) 100vw, 214px\" \/><\/a><\/figure>\n\n\n\n<figure class=\"wp-block-image size-large\"><a href=\"https:\/\/mycielewo.pl\/wp-content\/uploads\/2024\/02\/418934471_1097536808096103_3799933403821826617_n.jpg\"><img loading=\"lazy\" decoding=\"async\" width=\"215\" height=\"300\" data-id=\"41382\" src=\"https:\/\/mycielewo.pl\/wp-content\/uploads\/2024\/02\/418934471_1097536808096103_3799933403821826617_n-215x300.jpg\" alt=\"\" class=\"wp-image-41382\" srcset=\"https:\/\/mycielewo.pl\/wp-content\/uploads\/2024\/02\/418934471_1097536808096103_3799933403821826617_n-215x300.jpg 215w, https:\/\/mycielewo.pl\/wp-content\/uploads\/2024\/02\/418934471_1097536808096103_3799933403821826617_n-179x250.jpg 179w, https:\/\/mycielewo.pl\/wp-content\/uploads\/2024\/02\/418934471_1097536808096103_3799933403821826617_n-768x1070.jpg 768w, https:\/\/mycielewo.pl\/wp-content\/uploads\/2024\/02\/418934471_1097536808096103_3799933403821826617_n.jpg 908w\" sizes=\"auto, (max-width: 215px) 100vw, 215px\" \/><\/a><\/figure>\n\n\n\n<figure class=\"wp-block-image size-large\"><a href=\"https:\/\/mycielewo.pl\/wp-content\/uploads\/2024\/02\/420697646_1101243924627555_2368775449277840324_n.jpg\"><img loading=\"lazy\" decoding=\"async\" width=\"184\" height=\"300\" data-id=\"41383\" src=\"https:\/\/mycielewo.pl\/wp-content\/uploads\/2024\/02\/420697646_1101243924627555_2368775449277840324_n-184x300.jpg\" alt=\"\" class=\"wp-image-41383\" srcset=\"https:\/\/mycielewo.pl\/wp-content\/uploads\/2024\/02\/420697646_1101243924627555_2368775449277840324_n-184x300.jpg 184w, https:\/\/mycielewo.pl\/wp-content\/uploads\/2024\/02\/420697646_1101243924627555_2368775449277840324_n-153x250.jpg 153w, https:\/\/mycielewo.pl\/wp-content\/uploads\/2024\/02\/420697646_1101243924627555_2368775449277840324_n-768x1252.jpg 768w, https:\/\/mycielewo.pl\/wp-content\/uploads\/2024\/02\/420697646_1101243924627555_2368775449277840324_n-942x1536.jpg 942w, https:\/\/mycielewo.pl\/wp-content\/uploads\/2024\/02\/420697646_1101243924627555_2368775449277840324_n.jpg 1152w\" sizes=\"auto, (max-width: 184px) 100vw, 184px\" \/><\/a><\/figure>\n<\/figure>\n","protected":false},"excerpt":{"rendered":"<p>Mi\u0142o nam poinformowa\u0107, \u017ce Alan Hak &#8211; ucze\u0144 klasy VI Szko\u0142y Podstawowej w Mycielewie, wzi\u0105\u0142 udzia\u0142 w etapie rejonowym Wojew\u00f3dzkiego Konkursu Interdyscyplinarnego o Wielkich Polakach \u201eAndrzej Szwalbe &#8211; \u017cycie i dzia\u0142alno\u015b\u0107 na tle historii Polski\u201d. Wydarzenie to mia\u0142o miejsce w Bydgoszczy. Przygotowywaniem Alana zaj\u0119\u0142y si\u0119 panie: Renata Szczepaniak i Agnieszka Koralewska-Hak. \u017byczymy powodzenia! Wyniki ju\u017c&hellip; <a class=\"continue\" href=\"https:\/\/mycielewo.pl\/?p=41380\">Kontynuuj czytanie<span> Alan o Wielkich Polakach \u201eAndrzej Szwalbe &#8211; \u017cycie i dzia\u0142alno\u015b\u0107 na tle historii Polski\u201d.<\/span><\/a><\/p>\n","protected":false},"author":1,"featured_media":0,"comment_status":"open","ping_status":"open","sticky":false,"template":"","format":"standard","meta":{"footnotes":""},"categories":[1],"tags":[],"class_list":["post-41380","post","type-post","status-publish","format-standard","hentry","category-bez-kategorii"],"_links":{"self":[{"href":"https:\/\/mycielewo.pl\/index.php?rest_route=\/wp\/v2\/posts\/41380","targetHints":{"allow":["GET"]}}],"collection":[{"href":"https:\/\/mycielewo.pl\/index.php?rest_route=\/wp\/v2\/posts"}],"about":[{"href":"https:\/\/mycielewo.pl\/index.php?rest_route=\/wp\/v2\/types\/post"}],"author":[{"embeddable":true,"href":"https:\/\/mycielewo.pl\/index.php?rest_route=\/wp\/v2\/users\/1"}],"replies":[{"embeddable":true,"href":"https:\/\/mycielewo.pl\/index.php?rest_route=%2Fwp%2Fv2%2Fcomments&post=41380"}],"version-history":[{"count":2,"href":"https:\/\/mycielewo.pl\/index.php?rest_route=\/wp\/v2\/posts\/41380\/revisions"}],"predecessor-version":[{"id":47435,"href":"https:\/\/mycielewo.pl\/index.php?rest_route=\/wp\/v2\/posts\/41380\/revisions\/47435"}],"wp:attachment":[{"href":"https:\/\/mycielewo.pl\/index.php?rest_route=%2Fwp%2Fv2%2Fmedia&parent=41380"}],"wp:term":[{"taxonomy":"category","embeddable":true,"href":"https:\/\/mycielewo.pl\/index.php?rest_route=%2Fwp%2Fv2%2Fcategories&post=41380"},{"taxonomy":"post_tag","embeddable":true,"href":"https:\/\/mycielewo.pl\/index.php?rest_route=%2Fwp%2Fv2%2Ftags&post=41380"}],"curies":[{"name":"wp","href":"https:\/\/api.w.org\/{rel}","templated":true}]}}