{"id":41330,"date":"2024-01-31T14:24:27","date_gmt":"2024-01-31T14:24:27","guid":{"rendered":"http:\/\/www.mycielewo.pl\/?p=41330"},"modified":"2024-03-04T20:12:19","modified_gmt":"2024-03-04T20:12:19","slug":"pogadanka-z-policjantem-na-temat-bezpiecznych-ferii","status":"publish","type":"post","link":"https:\/\/mycielewo.pl\/?p=41330","title":{"rendered":"Pogadanka z policjantem na temat bezpiecznych ferii"},"content":{"rendered":"\n<p>Szko\u0142\u0119 odwiedzi\u0142 <strong>m\u0142. asp. Bartosz Rybacki<\/strong> z Komisariatu Policji w Kcyni i rozmawia\u0142 z uczniami nt. bezpiecze\u0144stwa w czasie ferii zimowych.<\/p>\n\n\n\n<figure class=\"wp-block-gallery has-nested-images columns-4 is-cropped wp-block-gallery-2 is-layout-flex wp-block-gallery-is-layout-flex\">\n<figure class=\"wp-block-image size-large\"><a href=\"https:\/\/mycielewo.pl\/wp-content\/uploads\/2024\/02\/image001-2.jpg\"><img loading=\"lazy\" decoding=\"async\" width=\"168\" height=\"300\" data-id=\"41331\" src=\"https:\/\/mycielewo.pl\/wp-content\/uploads\/2024\/02\/image001-2-168x300.jpg\" alt=\"\" class=\"wp-image-41331\" srcset=\"https:\/\/mycielewo.pl\/wp-content\/uploads\/2024\/02\/image001-2-168x300.jpg 168w, https:\/\/mycielewo.pl\/wp-content\/uploads\/2024\/02\/image001-2-140x250.jpg 140w, https:\/\/mycielewo.pl\/wp-content\/uploads\/2024\/02\/image001-2-768x1371.jpg 768w, https:\/\/mycielewo.pl\/wp-content\/uploads\/2024\/02\/image001-2-860x1536.jpg 860w, https:\/\/mycielewo.pl\/wp-content\/uploads\/2024\/02\/image001-2.jpg 1120w\" sizes=\"auto, (max-width: 168px) 100vw, 168px\" \/><\/a><\/figure>\n\n\n\n<figure class=\"wp-block-image size-large\"><a href=\"https:\/\/mycielewo.pl\/wp-content\/uploads\/2024\/02\/image002-2.jpg\"><img loading=\"lazy\" decoding=\"async\" width=\"300\" height=\"168\" data-id=\"41333\" src=\"https:\/\/mycielewo.pl\/wp-content\/uploads\/2024\/02\/image002-2-300x168.jpg\" alt=\"\" class=\"wp-image-41333\" srcset=\"https:\/\/mycielewo.pl\/wp-content\/uploads\/2024\/02\/image002-2-300x168.jpg 300w, https:\/\/mycielewo.pl\/wp-content\/uploads\/2024\/02\/image002-2-250x140.jpg 250w, https:\/\/mycielewo.pl\/wp-content\/uploads\/2024\/02\/image002-2-768x430.jpg 768w, https:\/\/mycielewo.pl\/wp-content\/uploads\/2024\/02\/image002-2-1536x860.jpg 1536w, https:\/\/mycielewo.pl\/wp-content\/uploads\/2024\/02\/image002-2.jpg 2000w\" sizes=\"auto, (max-width: 300px) 100vw, 300px\" \/><\/a><\/figure>\n\n\n\n<figure class=\"wp-block-image size-large\"><a href=\"https:\/\/mycielewo.pl\/wp-content\/uploads\/2024\/02\/image003-2.jpg\"><img loading=\"lazy\" decoding=\"async\" width=\"168\" height=\"300\" data-id=\"41332\" src=\"https:\/\/mycielewo.pl\/wp-content\/uploads\/2024\/02\/image003-2-168x300.jpg\" alt=\"\" class=\"wp-image-41332\" srcset=\"https:\/\/mycielewo.pl\/wp-content\/uploads\/2024\/02\/image003-2-168x300.jpg 168w, https:\/\/mycielewo.pl\/wp-content\/uploads\/2024\/02\/image003-2-140x250.jpg 140w, https:\/\/mycielewo.pl\/wp-content\/uploads\/2024\/02\/image003-2-768x1371.jpg 768w, https:\/\/mycielewo.pl\/wp-content\/uploads\/2024\/02\/image003-2-860x1536.jpg 860w, https:\/\/mycielewo.pl\/wp-content\/uploads\/2024\/02\/image003-2.jpg 1120w\" sizes=\"auto, (max-width: 168px) 100vw, 168px\" \/><\/a><\/figure>\n\n\n\n<figure class=\"wp-block-image size-large\"><a href=\"https:\/\/mycielewo.pl\/wp-content\/uploads\/2024\/02\/image004-2.jpg\"><img loading=\"lazy\" decoding=\"async\" width=\"300\" height=\"168\" data-id=\"41334\" src=\"https:\/\/mycielewo.pl\/wp-content\/uploads\/2024\/02\/image004-2-300x168.jpg\" alt=\"\" class=\"wp-image-41334\" srcset=\"https:\/\/mycielewo.pl\/wp-content\/uploads\/2024\/02\/image004-2-300x168.jpg 300w, https:\/\/mycielewo.pl\/wp-content\/uploads\/2024\/02\/image004-2-250x140.jpg 250w, https:\/\/mycielewo.pl\/wp-content\/uploads\/2024\/02\/image004-2-768x430.jpg 768w, https:\/\/mycielewo.pl\/wp-content\/uploads\/2024\/02\/image004-2-1536x860.jpg 1536w, https:\/\/mycielewo.pl\/wp-content\/uploads\/2024\/02\/image004-2.jpg 2000w\" sizes=\"auto, (max-width: 300px) 100vw, 300px\" \/><\/a><\/figure>\n<\/figure>\n","protected":false},"excerpt":{"rendered":"<p>Szko\u0142\u0119 odwiedzi\u0142 m\u0142. asp. Bartosz Rybacki z Komisariatu Policji w Kcyni i rozmawia\u0142 z uczniami nt. bezpiecze\u0144stwa w czasie ferii zimowych.<\/p>\n","protected":false},"author":1,"featured_media":0,"comment_status":"open","ping_status":"open","sticky":false,"template":"","format":"standard","meta":{"footnotes":""},"categories":[1],"tags":[],"class_list":["post-41330","post","type-post","status-publish","format-standard","hentry","category-bez-kategorii"],"_links":{"self":[{"href":"https:\/\/mycielewo.pl\/index.php?rest_route=\/wp\/v2\/posts\/41330","targetHints":{"allow":["GET"]}}],"collection":[{"href":"https:\/\/mycielewo.pl\/index.php?rest_route=\/wp\/v2\/posts"}],"about":[{"href":"https:\/\/mycielewo.pl\/index.php?rest_route=\/wp\/v2\/types\/post"}],"author":[{"embeddable":true,"href":"https:\/\/mycielewo.pl\/index.php?rest_route=\/wp\/v2\/users\/1"}],"replies":[{"embeddable":true,"href":"https:\/\/mycielewo.pl\/index.php?rest_route=%2Fwp%2Fv2%2Fcomments&post=41330"}],"version-history":[{"count":2,"href":"https:\/\/mycielewo.pl\/index.php?rest_route=\/wp\/v2\/posts\/41330\/revisions"}],"predecessor-version":[{"id":47437,"href":"https:\/\/mycielewo.pl\/index.php?rest_route=\/wp\/v2\/posts\/41330\/revisions\/47437"}],"wp:attachment":[{"href":"https:\/\/mycielewo.pl\/index.php?rest_route=%2Fwp%2Fv2%2Fmedia&parent=41330"}],"wp:term":[{"taxonomy":"category","embeddable":true,"href":"https:\/\/mycielewo.pl\/index.php?rest_route=%2Fwp%2Fv2%2Fcategories&post=41330"},{"taxonomy":"post_tag","embeddable":true,"href":"https:\/\/mycielewo.pl\/index.php?rest_route=%2Fwp%2Fv2%2Ftags&post=41330"}],"curies":[{"name":"wp","href":"https:\/\/api.w.org\/{rel}","templated":true}]}}