{"id":41295,"date":"2024-02-01T12:46:20","date_gmt":"2024-02-01T12:46:20","guid":{"rendered":"http:\/\/www.mycielewo.pl\/?p=41295"},"modified":"2024-02-01T12:46:20","modified_gmt":"2024-02-01T12:46:20","slug":"zebranie-z-rodzicami-19","status":"publish","type":"post","link":"https:\/\/mycielewo.pl\/?p=41295","title":{"rendered":"Zebranie z rodzicami"},"content":{"rendered":"\n<p class=\"has-text-align-center has-vivid-red-color has-text-color has-link-color wp-elements-b131bdc0b52e4384fd52441fb30b9014\"><strong>6 lutego 2024 roku o godzinie 16.30 <\/strong><br><strong>odb\u0119d\u0105 si\u0119 spotkania wychowawc\u00f3w klas z rodzicami. <\/strong><br><strong>Serdecznie zapraszamy.<\/strong><\/p>\n","protected":false},"excerpt":{"rendered":"<p>6 lutego 2024 roku o godzinie 16.30 odb\u0119d\u0105 si\u0119 spotkania wychowawc\u00f3w klas z rodzicami. Serdecznie zapraszamy.<\/p>\n","protected":false},"author":1,"featured_media":0,"comment_status":"open","ping_status":"open","sticky":false,"template":"","format":"standard","meta":{"footnotes":""},"categories":[1],"tags":[],"class_list":["post-41295","post","type-post","status-publish","format-standard","hentry","category-bez-kategorii"],"_links":{"self":[{"href":"https:\/\/mycielewo.pl\/index.php?rest_route=\/wp\/v2\/posts\/41295","targetHints":{"allow":["GET"]}}],"collection":[{"href":"https:\/\/mycielewo.pl\/index.php?rest_route=\/wp\/v2\/posts"}],"about":[{"href":"https:\/\/mycielewo.pl\/index.php?rest_route=\/wp\/v2\/types\/post"}],"author":[{"embeddable":true,"href":"https:\/\/mycielewo.pl\/index.php?rest_route=\/wp\/v2\/users\/1"}],"replies":[{"embeddable":true,"href":"https:\/\/mycielewo.pl\/index.php?rest_route=%2Fwp%2Fv2%2Fcomments&post=41295"}],"version-history":[{"count":1,"href":"https:\/\/mycielewo.pl\/index.php?rest_route=\/wp\/v2\/posts\/41295\/revisions"}],"predecessor-version":[{"id":41296,"href":"https:\/\/mycielewo.pl\/index.php?rest_route=\/wp\/v2\/posts\/41295\/revisions\/41296"}],"wp:attachment":[{"href":"https:\/\/mycielewo.pl\/index.php?rest_route=%2Fwp%2Fv2%2Fmedia&parent=41295"}],"wp:term":[{"taxonomy":"category","embeddable":true,"href":"https:\/\/mycielewo.pl\/index.php?rest_route=%2Fwp%2Fv2%2Fcategories&post=41295"},{"taxonomy":"post_tag","embeddable":true,"href":"https:\/\/mycielewo.pl\/index.php?rest_route=%2Fwp%2Fv2%2Ftags&post=41295"}],"curies":[{"name":"wp","href":"https:\/\/api.w.org\/{rel}","templated":true}]}}