{"id":40942,"date":"2024-01-17T15:03:48","date_gmt":"2024-01-17T15:03:48","guid":{"rendered":"http:\/\/www.mycielewo.pl\/?p=40942"},"modified":"2024-01-17T15:42:58","modified_gmt":"2024-01-17T15:42:58","slug":"druzyna-z-mycielewa-najlepsza-w-powiecie-nakielskim-w-pilce-recznej","status":"publish","type":"post","link":"https:\/\/mycielewo.pl\/?p=40942","title":{"rendered":"Dru\u017cyna z Mycielewa najlepsza w powiecie nakielskim w pi\u0142ce r\u0119cznej!"},"content":{"rendered":"\n<p>17 stycznia 2024 roku w Zespole Szkolno-Przedszkolnym nr 4 w Nakle n.Noteci\u0105 rozegrano powiatowy turniej&nbsp;Pi\u0142ki R\u0119cznej Ch\u0142opc\u00f3w &#8211; Kategoria Dzieci.<\/p>\n\n\n\n<figure class=\"wp-block-image size-full is-style-rounded\"><img loading=\"lazy\" decoding=\"async\" width=\"1200\" height=\"900\" src=\"https:\/\/mycielewo.pl\/wp-content\/uploads\/2024\/01\/images001-1.jpg\" alt=\"\" class=\"wp-image-40953\" srcset=\"https:\/\/mycielewo.pl\/wp-content\/uploads\/2024\/01\/images001-1.jpg 1200w, https:\/\/mycielewo.pl\/wp-content\/uploads\/2024\/01\/images001-1-250x188.jpg 250w, https:\/\/mycielewo.pl\/wp-content\/uploads\/2024\/01\/images001-1-300x225.jpg 300w, https:\/\/mycielewo.pl\/wp-content\/uploads\/2024\/01\/images001-1-768x576.jpg 768w\" sizes=\"auto, (max-width: 1200px) 100vw, 1200px\" \/><\/figure>\n\n\n\n<p>Dru\u017cyna ch\u0142opc\u00f3w z Mycielewa, po wygraniu turnieju gminnego, reprezentowa\u0142a gmin\u0119 Kcynia na szczeblu powiatowym.<\/p>\n\n\n\n<p>Nasi ch\u0142opcy spisali si\u0119 rewelacyjnie, wygrywaj\u0105c z dru\u017cynami z Szubina i Nak\u0142a, co da\u0142o nam 1 miejsce oraz\u00a0przepustk\u0119 do reprezentowania powiatu nakielskiego na szczeblu wojew\u00f3dzkim.\u00a0<\/p>\n\n\n\n<p>\u0106wier\u0107fina\u0142 wojew\u00f3dzki odb\u0119dzie si\u0119 30 stycznia br. w Tucholi.&nbsp;<\/p>\n\n\n\n<p>Najlepszym strzelcem dru\u017cyny Szko\u0142y Podstawowej w Mycielewie by\u0142 <strong>Filip Dolatowski<\/strong>.&nbsp;<\/p>\n\n\n\n<p class=\"has-vivid-red-color has-text-color has-link-color wp-elements-7288ea2f3c8d63ea398421f7017d7cc5\"><strong>Brawo dla ca\u0142ego zespo\u0142u!&nbsp;<\/strong><\/p>\n\n\n\n<p>Awans wywalczyli: <strong>Ksawery B\u0142ochowiak, Filip Dolatowski, Alan Hak, Alan Kot\u0142owski, Oskar Kr\u00fcger, Maciej \u0141uksztedt, Nikodem Pazderski, Miko\u0142aj Pezacki, Nicolas Szpota\u0144ski, Rafa\u0142 Fr\u0105tczak.&nbsp;<\/strong><\/p>\n\n\n\n<p>R\u00f3wnolegle, \u00f3smoklasi\u015bci przygotowuj\u0105 si\u0119 na swoje zawody powiatowe, kt\u00f3re odb\u0119d\u0105 si\u0119 8 lutego br. w Paterku.&nbsp;<\/p>\n\n\n\n<p class=\"has-text-align-right\"><em>Tekst i foto Andrzej Kulczy\u0144ski, foto Pawe\u0142 Szczepa\u0144ski<\/em><\/p>\n\n\n\n<figure class=\"wp-block-gallery has-nested-images columns-8 is-cropped wp-block-gallery-2 is-layout-flex wp-block-gallery-is-layout-flex\">\n<figure class=\"wp-block-image size-large\"><a href=\"https:\/\/mycielewo.pl\/?attachment_id=40953\"><img loading=\"lazy\" decoding=\"async\" width=\"300\" height=\"225\" data-id=\"40953\" src=\"https:\/\/mycielewo.pl\/wp-content\/uploads\/2024\/01\/images001-1-300x225.jpg\" alt=\"\" class=\"wp-image-40953\" srcset=\"https:\/\/mycielewo.pl\/wp-content\/uploads\/2024\/01\/images001-1-300x225.jpg 300w, https:\/\/mycielewo.pl\/wp-content\/uploads\/2024\/01\/images001-1-250x188.jpg 250w, https:\/\/mycielewo.pl\/wp-content\/uploads\/2024\/01\/images001-1-768x576.jpg 768w, https:\/\/mycielewo.pl\/wp-content\/uploads\/2024\/01\/images001-1.jpg 1200w\" sizes=\"auto, (max-width: 300px) 100vw, 300px\" \/><\/a><\/figure>\n\n\n\n<figure class=\"wp-block-image size-large\"><a href=\"https:\/\/mycielewo.pl\/?attachment_id=40948\"><img loading=\"lazy\" decoding=\"async\" width=\"300\" height=\"225\" data-id=\"40948\" src=\"https:\/\/mycielewo.pl\/wp-content\/uploads\/2024\/01\/images002-1-300x225.jpg\" alt=\"\" class=\"wp-image-40948\" srcset=\"https:\/\/mycielewo.pl\/wp-content\/uploads\/2024\/01\/images002-1-300x225.jpg 300w, https:\/\/mycielewo.pl\/wp-content\/uploads\/2024\/01\/images002-1-250x188.jpg 250w, https:\/\/mycielewo.pl\/wp-content\/uploads\/2024\/01\/images002-1-768x576.jpg 768w, https:\/\/mycielewo.pl\/wp-content\/uploads\/2024\/01\/images002-1.jpg 1200w\" sizes=\"auto, (max-width: 300px) 100vw, 300px\" \/><\/a><\/figure>\n\n\n\n<figure class=\"wp-block-image size-large\"><a href=\"https:\/\/mycielewo.pl\/?attachment_id=40949\"><img loading=\"lazy\" decoding=\"async\" width=\"300\" height=\"225\" data-id=\"40949\" src=\"https:\/\/mycielewo.pl\/wp-content\/uploads\/2024\/01\/images003-1-300x225.jpg\" alt=\"\" class=\"wp-image-40949\" srcset=\"https:\/\/mycielewo.pl\/wp-content\/uploads\/2024\/01\/images003-1-300x225.jpg 300w, https:\/\/mycielewo.pl\/wp-content\/uploads\/2024\/01\/images003-1-250x188.jpg 250w, https:\/\/mycielewo.pl\/wp-content\/uploads\/2024\/01\/images003-1-768x576.jpg 768w, https:\/\/mycielewo.pl\/wp-content\/uploads\/2024\/01\/images003-1.jpg 1200w\" sizes=\"auto, (max-width: 300px) 100vw, 300px\" \/><\/a><\/figure>\n\n\n\n<figure class=\"wp-block-image size-large\"><a href=\"https:\/\/mycielewo.pl\/?attachment_id=40950\"><img loading=\"lazy\" decoding=\"async\" width=\"300\" height=\"225\" data-id=\"40950\" src=\"https:\/\/mycielewo.pl\/wp-content\/uploads\/2024\/01\/images004-1-300x225.jpg\" alt=\"\" class=\"wp-image-40950\" srcset=\"https:\/\/mycielewo.pl\/wp-content\/uploads\/2024\/01\/images004-1-300x225.jpg 300w, https:\/\/mycielewo.pl\/wp-content\/uploads\/2024\/01\/images004-1-250x188.jpg 250w, https:\/\/mycielewo.pl\/wp-content\/uploads\/2024\/01\/images004-1-768x576.jpg 768w, https:\/\/mycielewo.pl\/wp-content\/uploads\/2024\/01\/images004-1.jpg 1200w\" sizes=\"auto, (max-width: 300px) 100vw, 300px\" \/><\/a><\/figure>\n\n\n\n<figure class=\"wp-block-image size-large\"><a href=\"https:\/\/mycielewo.pl\/?attachment_id=40951\"><img loading=\"lazy\" decoding=\"async\" width=\"300\" height=\"225\" data-id=\"40951\" src=\"https:\/\/mycielewo.pl\/wp-content\/uploads\/2024\/01\/images005-1-300x225.jpg\" alt=\"\" class=\"wp-image-40951\" srcset=\"https:\/\/mycielewo.pl\/wp-content\/uploads\/2024\/01\/images005-1-300x225.jpg 300w, https:\/\/mycielewo.pl\/wp-content\/uploads\/2024\/01\/images005-1-250x188.jpg 250w, https:\/\/mycielewo.pl\/wp-content\/uploads\/2024\/01\/images005-1-768x576.jpg 768w, https:\/\/mycielewo.pl\/wp-content\/uploads\/2024\/01\/images005-1.jpg 1200w\" sizes=\"auto, (max-width: 300px) 100vw, 300px\" \/><\/a><\/figure>\n\n\n\n<figure class=\"wp-block-image size-large\"><a href=\"https:\/\/mycielewo.pl\/?attachment_id=40952\"><img loading=\"lazy\" decoding=\"async\" width=\"300\" height=\"225\" data-id=\"40952\" src=\"https:\/\/mycielewo.pl\/wp-content\/uploads\/2024\/01\/images006-1-300x225.jpg\" alt=\"\" class=\"wp-image-40952\" srcset=\"https:\/\/mycielewo.pl\/wp-content\/uploads\/2024\/01\/images006-1-300x225.jpg 300w, https:\/\/mycielewo.pl\/wp-content\/uploads\/2024\/01\/images006-1-250x188.jpg 250w, https:\/\/mycielewo.pl\/wp-content\/uploads\/2024\/01\/images006-1-768x576.jpg 768w, https:\/\/mycielewo.pl\/wp-content\/uploads\/2024\/01\/images006-1.jpg 1200w\" sizes=\"auto, (max-width: 300px) 100vw, 300px\" \/><\/a><\/figure>\n\n\n\n<figure class=\"wp-block-image size-large\"><a href=\"https:\/\/mycielewo.pl\/?attachment_id=40956\"><img loading=\"lazy\" decoding=\"async\" width=\"225\" height=\"300\" data-id=\"40956\" src=\"https:\/\/mycielewo.pl\/wp-content\/uploads\/2024\/01\/IMG-20240117-WA0000-225x300.jpg\" alt=\"\" class=\"wp-image-40956\" srcset=\"https:\/\/mycielewo.pl\/wp-content\/uploads\/2024\/01\/IMG-20240117-WA0000-225x300.jpg 225w, https:\/\/mycielewo.pl\/wp-content\/uploads\/2024\/01\/IMG-20240117-WA0000-188x250.jpg 188w, https:\/\/mycielewo.pl\/wp-content\/uploads\/2024\/01\/IMG-20240117-WA0000-768x1024.jpg 768w, https:\/\/mycielewo.pl\/wp-content\/uploads\/2024\/01\/IMG-20240117-WA0000.jpg 1125w\" sizes=\"auto, (max-width: 225px) 100vw, 225px\" \/><\/a><\/figure>\n\n\n\n<figure class=\"wp-block-image size-large\"><a href=\"https:\/\/mycielewo.pl\/?attachment_id=40955\"><img loading=\"lazy\" decoding=\"async\" width=\"225\" height=\"300\" data-id=\"40955\" src=\"https:\/\/mycielewo.pl\/wp-content\/uploads\/2024\/01\/IMG-20240117-WA0002-225x300.jpg\" alt=\"\" class=\"wp-image-40955\" srcset=\"https:\/\/mycielewo.pl\/wp-content\/uploads\/2024\/01\/IMG-20240117-WA0002-225x300.jpg 225w, https:\/\/mycielewo.pl\/wp-content\/uploads\/2024\/01\/IMG-20240117-WA0002-188x250.jpg 188w, https:\/\/mycielewo.pl\/wp-content\/uploads\/2024\/01\/IMG-20240117-WA0002-768x1024.jpg 768w, https:\/\/mycielewo.pl\/wp-content\/uploads\/2024\/01\/IMG-20240117-WA0002.jpg 1125w\" sizes=\"auto, (max-width: 225px) 100vw, 225px\" \/><\/a><\/figure>\n\n\n\n<figure class=\"wp-block-image size-large\"><a href=\"https:\/\/mycielewo.pl\/?attachment_id=40958\"><img loading=\"lazy\" decoding=\"async\" width=\"225\" height=\"300\" data-id=\"40958\" src=\"https:\/\/mycielewo.pl\/wp-content\/uploads\/2024\/01\/IMG-20240117-WA0026-225x300.jpg\" alt=\"\" class=\"wp-image-40958\" srcset=\"https:\/\/mycielewo.pl\/wp-content\/uploads\/2024\/01\/IMG-20240117-WA0026-225x300.jpg 225w, https:\/\/mycielewo.pl\/wp-content\/uploads\/2024\/01\/IMG-20240117-WA0026-188x250.jpg 188w, https:\/\/mycielewo.pl\/wp-content\/uploads\/2024\/01\/IMG-20240117-WA0026-768x1024.jpg 768w, https:\/\/mycielewo.pl\/wp-content\/uploads\/2024\/01\/IMG-20240117-WA0026.jpg 1125w\" sizes=\"auto, (max-width: 225px) 100vw, 225px\" \/><\/a><\/figure>\n\n\n\n<figure class=\"wp-block-image size-large\"><a href=\"https:\/\/mycielewo.pl\/?attachment_id=40959\"><img loading=\"lazy\" decoding=\"async\" width=\"225\" height=\"300\" data-id=\"40959\" src=\"https:\/\/mycielewo.pl\/wp-content\/uploads\/2024\/01\/IMG-20240117-WA0029-225x300.jpg\" alt=\"\" class=\"wp-image-40959\" srcset=\"https:\/\/mycielewo.pl\/wp-content\/uploads\/2024\/01\/IMG-20240117-WA0029-225x300.jpg 225w, https:\/\/mycielewo.pl\/wp-content\/uploads\/2024\/01\/IMG-20240117-WA0029-188x250.jpg 188w, https:\/\/mycielewo.pl\/wp-content\/uploads\/2024\/01\/IMG-20240117-WA0029-768x1024.jpg 768w, https:\/\/mycielewo.pl\/wp-content\/uploads\/2024\/01\/IMG-20240117-WA0029.jpg 1125w\" sizes=\"auto, (max-width: 225px) 100vw, 225px\" \/><\/a><\/figure>\n\n\n\n<figure class=\"wp-block-image size-large\"><a href=\"https:\/\/mycielewo.pl\/?attachment_id=40957\"><img loading=\"lazy\" decoding=\"async\" width=\"225\" height=\"300\" data-id=\"40957\" src=\"https:\/\/mycielewo.pl\/wp-content\/uploads\/2024\/01\/IMG-20240117-WA0030-225x300.jpg\" alt=\"\" class=\"wp-image-40957\" srcset=\"https:\/\/mycielewo.pl\/wp-content\/uploads\/2024\/01\/IMG-20240117-WA0030-225x300.jpg 225w, https:\/\/mycielewo.pl\/wp-content\/uploads\/2024\/01\/IMG-20240117-WA0030-188x250.jpg 188w, https:\/\/mycielewo.pl\/wp-content\/uploads\/2024\/01\/IMG-20240117-WA0030-768x1024.jpg 768w, https:\/\/mycielewo.pl\/wp-content\/uploads\/2024\/01\/IMG-20240117-WA0030.jpg 1125w\" sizes=\"auto, (max-width: 225px) 100vw, 225px\" \/><\/a><\/figure>\n\n\n\n<figure class=\"wp-block-image size-large\"><a href=\"https:\/\/mycielewo.pl\/?attachment_id=40960\"><img loading=\"lazy\" decoding=\"async\" width=\"225\" height=\"300\" data-id=\"40960\" src=\"https:\/\/mycielewo.pl\/wp-content\/uploads\/2024\/01\/IMG-20240117-WA0031-225x300.jpg\" alt=\"\" class=\"wp-image-40960\" srcset=\"https:\/\/mycielewo.pl\/wp-content\/uploads\/2024\/01\/IMG-20240117-WA0031-225x300.jpg 225w, https:\/\/mycielewo.pl\/wp-content\/uploads\/2024\/01\/IMG-20240117-WA0031-188x250.jpg 188w, https:\/\/mycielewo.pl\/wp-content\/uploads\/2024\/01\/IMG-20240117-WA0031-768x1024.jpg 768w, https:\/\/mycielewo.pl\/wp-content\/uploads\/2024\/01\/IMG-20240117-WA0031.jpg 1125w\" sizes=\"auto, (max-width: 225px) 100vw, 225px\" \/><\/a><\/figure>\n\n\n\n<figure class=\"wp-block-image size-large\"><a href=\"https:\/\/mycielewo.pl\/?attachment_id=40961\"><img loading=\"lazy\" decoding=\"async\" width=\"225\" height=\"300\" data-id=\"40961\" src=\"https:\/\/mycielewo.pl\/wp-content\/uploads\/2024\/01\/IMG-20240117-WA0032-225x300.jpg\" alt=\"\" class=\"wp-image-40961\" srcset=\"https:\/\/mycielewo.pl\/wp-content\/uploads\/2024\/01\/IMG-20240117-WA0032-225x300.jpg 225w, https:\/\/mycielewo.pl\/wp-content\/uploads\/2024\/01\/IMG-20240117-WA0032-188x250.jpg 188w, https:\/\/mycielewo.pl\/wp-content\/uploads\/2024\/01\/IMG-20240117-WA0032-768x1024.jpg 768w, https:\/\/mycielewo.pl\/wp-content\/uploads\/2024\/01\/IMG-20240117-WA0032.jpg 1125w\" sizes=\"auto, (max-width: 225px) 100vw, 225px\" \/><\/a><\/figure>\n\n\n\n<figure class=\"wp-block-image size-large\"><a href=\"https:\/\/mycielewo.pl\/?attachment_id=40962\"><img loading=\"lazy\" decoding=\"async\" width=\"225\" height=\"300\" data-id=\"40962\" src=\"https:\/\/mycielewo.pl\/wp-content\/uploads\/2024\/01\/IMG-20240117-WA0033-225x300.jpg\" alt=\"\" class=\"wp-image-40962\" srcset=\"https:\/\/mycielewo.pl\/wp-content\/uploads\/2024\/01\/IMG-20240117-WA0033-225x300.jpg 225w, https:\/\/mycielewo.pl\/wp-content\/uploads\/2024\/01\/IMG-20240117-WA0033-188x250.jpg 188w, https:\/\/mycielewo.pl\/wp-content\/uploads\/2024\/01\/IMG-20240117-WA0033-768x1024.jpg 768w, https:\/\/mycielewo.pl\/wp-content\/uploads\/2024\/01\/IMG-20240117-WA0033.jpg 1125w\" sizes=\"auto, (max-width: 225px) 100vw, 225px\" \/><\/a><\/figure>\n<\/figure>\n","protected":false},"excerpt":{"rendered":"<p>17 stycznia 2024 roku w Zespole Szkolno-Przedszkolnym nr 4 w Nakle n.Noteci\u0105 rozegrano powiatowy turniej&nbsp;Pi\u0142ki R\u0119cznej Ch\u0142opc\u00f3w &#8211; Kategoria Dzieci. Dru\u017cyna ch\u0142opc\u00f3w z Mycielewa, po wygraniu turnieju gminnego, reprezentowa\u0142a gmin\u0119 Kcynia na szczeblu powiatowym. Nasi ch\u0142opcy spisali si\u0119 rewelacyjnie, wygrywaj\u0105c z dru\u017cynami z Szubina i Nak\u0142a, co da\u0142o nam 1 miejsce oraz\u00a0przepustk\u0119 do reprezentowania powiatu&hellip; <a class=\"continue\" href=\"https:\/\/mycielewo.pl\/?p=40942\">Kontynuuj czytanie<span> Dru\u017cyna z Mycielewa najlepsza w powiecie nakielskim w pi\u0142ce r\u0119cznej!<\/span><\/a><\/p>\n","protected":false},"author":1,"featured_media":0,"comment_status":"open","ping_status":"open","sticky":false,"template":"","format":"standard","meta":{"footnotes":""},"categories":[1],"tags":[],"class_list":["post-40942","post","type-post","status-publish","format-standard","hentry","category-bez-kategorii"],"_links":{"self":[{"href":"https:\/\/mycielewo.pl\/index.php?rest_route=\/wp\/v2\/posts\/40942","targetHints":{"allow":["GET"]}}],"collection":[{"href":"https:\/\/mycielewo.pl\/index.php?rest_route=\/wp\/v2\/posts"}],"about":[{"href":"https:\/\/mycielewo.pl\/index.php?rest_route=\/wp\/v2\/types\/post"}],"author":[{"embeddable":true,"href":"https:\/\/mycielewo.pl\/index.php?rest_route=\/wp\/v2\/users\/1"}],"replies":[{"embeddable":true,"href":"https:\/\/mycielewo.pl\/index.php?rest_route=%2Fwp%2Fv2%2Fcomments&post=40942"}],"version-history":[{"count":7,"href":"https:\/\/mycielewo.pl\/index.php?rest_route=\/wp\/v2\/posts\/40942\/revisions"}],"predecessor-version":[{"id":40964,"href":"https:\/\/mycielewo.pl\/index.php?rest_route=\/wp\/v2\/posts\/40942\/revisions\/40964"}],"wp:attachment":[{"href":"https:\/\/mycielewo.pl\/index.php?rest_route=%2Fwp%2Fv2%2Fmedia&parent=40942"}],"wp:term":[{"taxonomy":"category","embeddable":true,"href":"https:\/\/mycielewo.pl\/index.php?rest_route=%2Fwp%2Fv2%2Fcategories&post=40942"},{"taxonomy":"post_tag","embeddable":true,"href":"https:\/\/mycielewo.pl\/index.php?rest_route=%2Fwp%2Fv2%2Ftags&post=40942"}],"curies":[{"name":"wp","href":"https:\/\/api.w.org\/{rel}","templated":true}]}}