{"id":40892,"date":"2024-01-15T09:13:14","date_gmt":"2024-01-15T09:13:14","guid":{"rendered":"http:\/\/www.mycielewo.pl\/?p=40892"},"modified":"2024-01-15T09:13:14","modified_gmt":"2024-01-15T09:13:14","slug":"moja-opowiesc-wigilijna-sukcesy-naszych-uczniow-w-konkursie-literacko-plastycznym","status":"publish","type":"post","link":"https:\/\/mycielewo.pl\/?p=40892","title":{"rendered":"&#8222;Moja opowie\u015b\u0107 wigilijna&#8221; \u2013 sukcesy naszych uczni\u00f3w w konkursie literacko-plastycznym"},"content":{"rendered":"\n<p>Ucze\u0144 klasy sz\u00f3stej Szko\u0142y Podstawowej w Mycielewie &#8211; <strong>Alan Hak <\/strong>ju\u017c po raz trzeci zdoby\u0142 zaszczytne, pierwsze miejsce w Powiatowym Konkursie Literackim &#8222;Moja opowie\u015b\u0107 wigilijna&#8221; organizowanym przez Nakielski O\u015brodek Kultury. Alan opowiadanie zadedykowa\u0142 swojej Babci Ewelinie.<\/p>\n\n\n\n<p>Natomiast w tym samym konkursie, lecz cz\u0119\u015bci plastycznej pierwsze miejsca zaj\u0119li: &nbsp;<strong>Martyna Budziszewska<\/strong> z kl. VI i <strong>Mateusz Socha<\/strong> z kl. IV.<\/p>\n\n\n\n<p>Serdeczne gratulujemy tr\u00f3jce naszych zwyci\u0119zc\u00f3w oraz wszystkim uczestnikom, gdy\u017c pi\u0119knych prac by\u0142o naprawd\u0119 wiele.&nbsp;<\/p>\n\n\n\n<p class=\"has-text-align-right\"><em>Agnieszka Koralewska-Hak<\/em><\/p>\n\n\n\n<figure class=\"wp-block-gallery has-nested-images columns-6 is-cropped wp-block-gallery-2 is-layout-flex wp-block-gallery-is-layout-flex\">\n<figure class=\"wp-block-image size-large\"><a href=\"https:\/\/mycielewo.pl\/?attachment_id=40893\"><img loading=\"lazy\" decoding=\"async\" width=\"217\" height=\"300\" data-id=\"40893\" src=\"https:\/\/mycielewo.pl\/wp-content\/uploads\/2024\/01\/image001-4-217x300.jpg\" alt=\"\" class=\"wp-image-40893\" srcset=\"https:\/\/mycielewo.pl\/wp-content\/uploads\/2024\/01\/image001-4-217x300.jpg 217w, https:\/\/mycielewo.pl\/wp-content\/uploads\/2024\/01\/image001-4-181x250.jpg 181w, https:\/\/mycielewo.pl\/wp-content\/uploads\/2024\/01\/image001-4-768x1062.jpg 768w, https:\/\/mycielewo.pl\/wp-content\/uploads\/2024\/01\/image001-4-1111x1536.jpg 1111w, https:\/\/mycielewo.pl\/wp-content\/uploads\/2024\/01\/image001-4.jpg 1405w\" sizes=\"auto, (max-width: 217px) 100vw, 217px\" \/><\/a><\/figure>\n\n\n\n<figure class=\"wp-block-image size-large\"><a href=\"https:\/\/mycielewo.pl\/?attachment_id=40894\"><img loading=\"lazy\" decoding=\"async\" width=\"198\" height=\"300\" data-id=\"40894\" src=\"https:\/\/mycielewo.pl\/wp-content\/uploads\/2024\/01\/image002-3-198x300.jpg\" alt=\"\" class=\"wp-image-40894\" srcset=\"https:\/\/mycielewo.pl\/wp-content\/uploads\/2024\/01\/image002-3-198x300.jpg 198w, https:\/\/mycielewo.pl\/wp-content\/uploads\/2024\/01\/image002-3-165x250.jpg 165w, https:\/\/mycielewo.pl\/wp-content\/uploads\/2024\/01\/image002-3-768x1162.jpg 768w, https:\/\/mycielewo.pl\/wp-content\/uploads\/2024\/01\/image002-3-1015x1536.jpg 1015w, https:\/\/mycielewo.pl\/wp-content\/uploads\/2024\/01\/image002-3.jpg 1125w\" sizes=\"auto, (max-width: 198px) 100vw, 198px\" \/><\/a><\/figure>\n\n\n\n<figure class=\"wp-block-image size-large\"><a href=\"https:\/\/mycielewo.pl\/?attachment_id=40897\"><img loading=\"lazy\" decoding=\"async\" width=\"213\" height=\"300\" data-id=\"40897\" src=\"https:\/\/mycielewo.pl\/wp-content\/uploads\/2024\/01\/image003-3-213x300.jpg\" alt=\"\" class=\"wp-image-40897\" srcset=\"https:\/\/mycielewo.pl\/wp-content\/uploads\/2024\/01\/image003-3-213x300.jpg 213w, https:\/\/mycielewo.pl\/wp-content\/uploads\/2024\/01\/image003-3-177x250.jpg 177w, https:\/\/mycielewo.pl\/wp-content\/uploads\/2024\/01\/image003-3-768x1082.jpg 768w, https:\/\/mycielewo.pl\/wp-content\/uploads\/2024\/01\/image003-3-1090x1536.jpg 1090w, https:\/\/mycielewo.pl\/wp-content\/uploads\/2024\/01\/image003-3.jpg 1440w\" sizes=\"auto, (max-width: 213px) 100vw, 213px\" \/><\/a><\/figure>\n\n\n\n<figure class=\"wp-block-image size-large\"><a href=\"https:\/\/mycielewo.pl\/?attachment_id=40895\"><img loading=\"lazy\" decoding=\"async\" width=\"169\" height=\"300\" data-id=\"40895\" src=\"https:\/\/mycielewo.pl\/wp-content\/uploads\/2024\/01\/image004-3-169x300.jpg\" alt=\"\" class=\"wp-image-40895\" srcset=\"https:\/\/mycielewo.pl\/wp-content\/uploads\/2024\/01\/image004-3-169x300.jpg 169w, https:\/\/mycielewo.pl\/wp-content\/uploads\/2024\/01\/image004-3-141x250.jpg 141w, https:\/\/mycielewo.pl\/wp-content\/uploads\/2024\/01\/image004-3-768x1365.jpg 768w, https:\/\/mycielewo.pl\/wp-content\/uploads\/2024\/01\/image004-3-864x1536.jpg 864w, https:\/\/mycielewo.pl\/wp-content\/uploads\/2024\/01\/image004-3.jpg 1152w\" sizes=\"auto, (max-width: 169px) 100vw, 169px\" \/><\/a><\/figure>\n\n\n\n<figure class=\"wp-block-image size-large\"><a href=\"https:\/\/mycielewo.pl\/?attachment_id=40896\"><img loading=\"lazy\" decoding=\"async\" width=\"229\" height=\"300\" data-id=\"40896\" src=\"https:\/\/mycielewo.pl\/wp-content\/uploads\/2024\/01\/image005-3-229x300.jpg\" alt=\"\" class=\"wp-image-40896\" srcset=\"https:\/\/mycielewo.pl\/wp-content\/uploads\/2024\/01\/image005-3-229x300.jpg 229w, https:\/\/mycielewo.pl\/wp-content\/uploads\/2024\/01\/image005-3-191x250.jpg 191w, https:\/\/mycielewo.pl\/wp-content\/uploads\/2024\/01\/image005-3-768x1006.jpg 768w, https:\/\/mycielewo.pl\/wp-content\/uploads\/2024\/01\/image005-3-1172x1536.jpg 1172w, https:\/\/mycielewo.pl\/wp-content\/uploads\/2024\/01\/image005-3.jpg 1440w\" sizes=\"auto, (max-width: 229px) 100vw, 229px\" \/><\/a><\/figure>\n\n\n\n<figure class=\"wp-block-image size-large\"><a href=\"https:\/\/mycielewo.pl\/?attachment_id=40898\"><img loading=\"lazy\" decoding=\"async\" width=\"226\" height=\"300\" data-id=\"40898\" src=\"https:\/\/mycielewo.pl\/wp-content\/uploads\/2024\/01\/image006-3-226x300.jpg\" alt=\"\" class=\"wp-image-40898\" srcset=\"https:\/\/mycielewo.pl\/wp-content\/uploads\/2024\/01\/image006-3-226x300.jpg 226w, https:\/\/mycielewo.pl\/wp-content\/uploads\/2024\/01\/image006-3-188x250.jpg 188w, https:\/\/mycielewo.pl\/wp-content\/uploads\/2024\/01\/image006-3-768x1019.jpg 768w, https:\/\/mycielewo.pl\/wp-content\/uploads\/2024\/01\/image006-3-1157x1536.jpg 1157w, https:\/\/mycielewo.pl\/wp-content\/uploads\/2024\/01\/image006-3.jpg 1330w\" sizes=\"auto, (max-width: 226px) 100vw, 226px\" \/><\/a><\/figure>\n\n\n\n<figure class=\"wp-block-image size-large\"><a href=\"https:\/\/mycielewo.pl\/?attachment_id=40899\"><img loading=\"lazy\" decoding=\"async\" width=\"227\" height=\"300\" data-id=\"40899\" src=\"https:\/\/mycielewo.pl\/wp-content\/uploads\/2024\/01\/image007-2-227x300.jpg\" alt=\"\" class=\"wp-image-40899\" srcset=\"https:\/\/mycielewo.pl\/wp-content\/uploads\/2024\/01\/image007-2-227x300.jpg 227w, https:\/\/mycielewo.pl\/wp-content\/uploads\/2024\/01\/image007-2-189x250.jpg 189w, https:\/\/mycielewo.pl\/wp-content\/uploads\/2024\/01\/image007-2-768x1014.jpg 768w, https:\/\/mycielewo.pl\/wp-content\/uploads\/2024\/01\/image007-2-1164x1536.jpg 1164w, https:\/\/mycielewo.pl\/wp-content\/uploads\/2024\/01\/image007-2.jpg 1404w\" sizes=\"auto, (max-width: 227px) 100vw, 227px\" \/><\/a><\/figure>\n\n\n\n<figure class=\"wp-block-image size-large\"><a href=\"https:\/\/mycielewo.pl\/?attachment_id=40900\"><img loading=\"lazy\" decoding=\"async\" width=\"216\" height=\"300\" data-id=\"40900\" src=\"https:\/\/mycielewo.pl\/wp-content\/uploads\/2024\/01\/image008-2-216x300.jpg\" alt=\"\" class=\"wp-image-40900\" srcset=\"https:\/\/mycielewo.pl\/wp-content\/uploads\/2024\/01\/image008-2-216x300.jpg 216w, https:\/\/mycielewo.pl\/wp-content\/uploads\/2024\/01\/image008-2-180x250.jpg 180w, https:\/\/mycielewo.pl\/wp-content\/uploads\/2024\/01\/image008-2-768x1065.jpg 768w, https:\/\/mycielewo.pl\/wp-content\/uploads\/2024\/01\/image008-2-1108x1536.jpg 1108w, https:\/\/mycielewo.pl\/wp-content\/uploads\/2024\/01\/image008-2.jpg 1330w\" sizes=\"auto, (max-width: 216px) 100vw, 216px\" \/><\/a><\/figure>\n\n\n\n<figure class=\"wp-block-image size-large\"><a href=\"https:\/\/mycielewo.pl\/?attachment_id=40901\"><img loading=\"lazy\" decoding=\"async\" width=\"191\" height=\"300\" data-id=\"40901\" src=\"https:\/\/mycielewo.pl\/wp-content\/uploads\/2024\/01\/image009-2-191x300.jpg\" alt=\"\" class=\"wp-image-40901\" srcset=\"https:\/\/mycielewo.pl\/wp-content\/uploads\/2024\/01\/image009-2-191x300.jpg 191w, https:\/\/mycielewo.pl\/wp-content\/uploads\/2024\/01\/image009-2-159x250.jpg 159w, https:\/\/mycielewo.pl\/wp-content\/uploads\/2024\/01\/image009-2-768x1206.jpg 768w, https:\/\/mycielewo.pl\/wp-content\/uploads\/2024\/01\/image009-2-978x1536.jpg 978w, https:\/\/mycielewo.pl\/wp-content\/uploads\/2024\/01\/image009-2.jpg 1284w\" sizes=\"auto, (max-width: 191px) 100vw, 191px\" \/><\/a><\/figure>\n\n\n\n<figure class=\"wp-block-image size-large\"><a href=\"https:\/\/mycielewo.pl\/?attachment_id=40903\"><img loading=\"lazy\" decoding=\"async\" width=\"222\" height=\"300\" data-id=\"40903\" src=\"https:\/\/mycielewo.pl\/wp-content\/uploads\/2024\/01\/image010-2-222x300.jpg\" alt=\"\" class=\"wp-image-40903\" srcset=\"https:\/\/mycielewo.pl\/wp-content\/uploads\/2024\/01\/image010-2-222x300.jpg 222w, https:\/\/mycielewo.pl\/wp-content\/uploads\/2024\/01\/image010-2-185x250.jpg 185w, https:\/\/mycielewo.pl\/wp-content\/uploads\/2024\/01\/image010-2-768x1037.jpg 768w, https:\/\/mycielewo.pl\/wp-content\/uploads\/2024\/01\/image010-2-1137x1536.jpg 1137w, https:\/\/mycielewo.pl\/wp-content\/uploads\/2024\/01\/image010-2.jpg 1414w\" sizes=\"auto, (max-width: 222px) 100vw, 222px\" \/><\/a><\/figure>\n\n\n\n<figure class=\"wp-block-image size-large\"><a href=\"https:\/\/mycielewo.pl\/?attachment_id=40902\"><img loading=\"lazy\" decoding=\"async\" width=\"221\" height=\"300\" data-id=\"40902\" src=\"https:\/\/mycielewo.pl\/wp-content\/uploads\/2024\/01\/image011-2-221x300.jpg\" alt=\"\" class=\"wp-image-40902\" srcset=\"https:\/\/mycielewo.pl\/wp-content\/uploads\/2024\/01\/image011-2-221x300.jpg 221w, https:\/\/mycielewo.pl\/wp-content\/uploads\/2024\/01\/image011-2-184x250.jpg 184w, https:\/\/mycielewo.pl\/wp-content\/uploads\/2024\/01\/image011-2-768x1044.jpg 768w, https:\/\/mycielewo.pl\/wp-content\/uploads\/2024\/01\/image011-2-1130x1536.jpg 1130w, https:\/\/mycielewo.pl\/wp-content\/uploads\/2024\/01\/image011-2.jpg 1424w\" sizes=\"auto, (max-width: 221px) 100vw, 221px\" \/><\/a><\/figure>\n\n\n\n<figure class=\"wp-block-image size-large\"><a href=\"https:\/\/mycielewo.pl\/?attachment_id=40904\"><img loading=\"lazy\" decoding=\"async\" width=\"217\" height=\"300\" data-id=\"40904\" src=\"https:\/\/mycielewo.pl\/wp-content\/uploads\/2024\/01\/image012-2-217x300.jpg\" alt=\"\" class=\"wp-image-40904\" srcset=\"https:\/\/mycielewo.pl\/wp-content\/uploads\/2024\/01\/image012-2-217x300.jpg 217w, https:\/\/mycielewo.pl\/wp-content\/uploads\/2024\/01\/image012-2-181x250.jpg 181w, https:\/\/mycielewo.pl\/wp-content\/uploads\/2024\/01\/image012-2-768x1060.jpg 768w, https:\/\/mycielewo.pl\/wp-content\/uploads\/2024\/01\/image012-2-1112x1536.jpg 1112w, https:\/\/mycielewo.pl\/wp-content\/uploads\/2024\/01\/image012-2.jpg 1418w\" sizes=\"auto, (max-width: 217px) 100vw, 217px\" \/><\/a><\/figure>\n<\/figure>\n","protected":false},"excerpt":{"rendered":"<p>Ucze\u0144 klasy sz\u00f3stej Szko\u0142y Podstawowej w Mycielewie &#8211; Alan Hak ju\u017c po raz trzeci zdoby\u0142 zaszczytne, pierwsze miejsce w Powiatowym Konkursie Literackim &#8222;Moja opowie\u015b\u0107 wigilijna&#8221; organizowanym przez Nakielski O\u015brodek Kultury. Alan opowiadanie zadedykowa\u0142 swojej Babci Ewelinie. Natomiast w tym samym konkursie, lecz cz\u0119\u015bci plastycznej pierwsze miejsca zaj\u0119li: &nbsp;Martyna Budziszewska z kl. VI i Mateusz Socha&hellip; <a class=\"continue\" href=\"https:\/\/mycielewo.pl\/?p=40892\">Kontynuuj czytanie<span> &#8222;Moja opowie\u015b\u0107 wigilijna&#8221; \u2013 sukcesy naszych uczni\u00f3w w konkursie literacko-plastycznym<\/span><\/a><\/p>\n","protected":false},"author":1,"featured_media":0,"comment_status":"open","ping_status":"open","sticky":false,"template":"","format":"standard","meta":{"footnotes":""},"categories":[1],"tags":[],"class_list":["post-40892","post","type-post","status-publish","format-standard","hentry","category-bez-kategorii"],"_links":{"self":[{"href":"https:\/\/mycielewo.pl\/index.php?rest_route=\/wp\/v2\/posts\/40892","targetHints":{"allow":["GET"]}}],"collection":[{"href":"https:\/\/mycielewo.pl\/index.php?rest_route=\/wp\/v2\/posts"}],"about":[{"href":"https:\/\/mycielewo.pl\/index.php?rest_route=\/wp\/v2\/types\/post"}],"author":[{"embeddable":true,"href":"https:\/\/mycielewo.pl\/index.php?rest_route=\/wp\/v2\/users\/1"}],"replies":[{"embeddable":true,"href":"https:\/\/mycielewo.pl\/index.php?rest_route=%2Fwp%2Fv2%2Fcomments&post=40892"}],"version-history":[{"count":1,"href":"https:\/\/mycielewo.pl\/index.php?rest_route=\/wp\/v2\/posts\/40892\/revisions"}],"predecessor-version":[{"id":40905,"href":"https:\/\/mycielewo.pl\/index.php?rest_route=\/wp\/v2\/posts\/40892\/revisions\/40905"}],"wp:attachment":[{"href":"https:\/\/mycielewo.pl\/index.php?rest_route=%2Fwp%2Fv2%2Fmedia&parent=40892"}],"wp:term":[{"taxonomy":"category","embeddable":true,"href":"https:\/\/mycielewo.pl\/index.php?rest_route=%2Fwp%2Fv2%2Fcategories&post=40892"},{"taxonomy":"post_tag","embeddable":true,"href":"https:\/\/mycielewo.pl\/index.php?rest_route=%2Fwp%2Fv2%2Ftags&post=40892"}],"curies":[{"name":"wp","href":"https:\/\/api.w.org\/{rel}","templated":true}]}}