{"id":40791,"date":"2024-01-10T09:54:09","date_gmt":"2024-01-10T09:54:09","guid":{"rendered":"http:\/\/www.mycielewo.pl\/?p=40791"},"modified":"2024-01-10T09:54:09","modified_gmt":"2024-01-10T09:54:09","slug":"kondolencje-5","status":"publish","type":"post","link":"https:\/\/mycielewo.pl\/?p=40791","title":{"rendered":"Kondolencje"},"content":{"rendered":"\n<p><\/p>\n\n\n\n<p class=\"has-text-align-center\"><strong>Panu Rafa\u0142owi Wo\u017aniakowi <\/strong><\/p>\n\n\n\n<p class=\"has-text-align-center\"><strong>Kierownikowi Referatu  Edukacji, Promocji, Sportu i&nbsp;Kultury<br>w Urz\u0119dzie Miejskim w&nbsp;Kcyni<\/strong><\/p>\n\n\n\n<p class=\"has-text-align-center\"><strong>wyrazy g\u0142\u0119bokiego wsp\u00f3\u0142czucia oraz s\u0142owa wsparcia <\/strong><\/p>\n\n\n\n<p class=\"has-text-align-center\"><strong>z powodu \u015bmierci Mamy<\/strong><\/p>\n\n\n\n<p class=\"has-text-align-center\"><strong>sk\u0142adaj\u0105:<\/strong><\/p>\n\n\n\n<p class=\"has-text-align-center\"><strong>Dyrektor, Nauczyciele, Pracownicy Administracji i Obs\u0142ugi oraz Uczniowie Szko\u0142y Podstawowej w Mycielewie<\/strong><\/p>\n","protected":false},"excerpt":{"rendered":"<p>Panu Rafa\u0142owi Wo\u017aniakowi Kierownikowi Referatu Edukacji, Promocji, Sportu i&nbsp;Kulturyw Urz\u0119dzie Miejskim w&nbsp;Kcyni wyrazy g\u0142\u0119bokiego wsp\u00f3\u0142czucia oraz s\u0142owa wsparcia z powodu \u015bmierci Mamy sk\u0142adaj\u0105: Dyrektor, Nauczyciele, Pracownicy Administracji i Obs\u0142ugi oraz Uczniowie Szko\u0142y Podstawowej w Mycielewie<\/p>\n","protected":false},"author":4,"featured_media":0,"comment_status":"open","ping_status":"open","sticky":false,"template":"","format":"standard","meta":{"footnotes":""},"categories":[1],"tags":[],"class_list":["post-40791","post","type-post","status-publish","format-standard","hentry","category-bez-kategorii"],"_links":{"self":[{"href":"https:\/\/mycielewo.pl\/index.php?rest_route=\/wp\/v2\/posts\/40791","targetHints":{"allow":["GET"]}}],"collection":[{"href":"https:\/\/mycielewo.pl\/index.php?rest_route=\/wp\/v2\/posts"}],"about":[{"href":"https:\/\/mycielewo.pl\/index.php?rest_route=\/wp\/v2\/types\/post"}],"author":[{"embeddable":true,"href":"https:\/\/mycielewo.pl\/index.php?rest_route=\/wp\/v2\/users\/4"}],"replies":[{"embeddable":true,"href":"https:\/\/mycielewo.pl\/index.php?rest_route=%2Fwp%2Fv2%2Fcomments&post=40791"}],"version-history":[{"count":1,"href":"https:\/\/mycielewo.pl\/index.php?rest_route=\/wp\/v2\/posts\/40791\/revisions"}],"predecessor-version":[{"id":40792,"href":"https:\/\/mycielewo.pl\/index.php?rest_route=\/wp\/v2\/posts\/40791\/revisions\/40792"}],"wp:attachment":[{"href":"https:\/\/mycielewo.pl\/index.php?rest_route=%2Fwp%2Fv2%2Fmedia&parent=40791"}],"wp:term":[{"taxonomy":"category","embeddable":true,"href":"https:\/\/mycielewo.pl\/index.php?rest_route=%2Fwp%2Fv2%2Fcategories&post=40791"},{"taxonomy":"post_tag","embeddable":true,"href":"https:\/\/mycielewo.pl\/index.php?rest_route=%2Fwp%2Fv2%2Ftags&post=40791"}],"curies":[{"name":"wp","href":"https:\/\/api.w.org\/{rel}","templated":true}]}}