{"id":40787,"date":"2024-01-08T08:14:53","date_gmt":"2024-01-08T08:14:53","guid":{"rendered":"http:\/\/www.mycielewo.pl\/?p=40787"},"modified":"2024-01-08T08:14:53","modified_gmt":"2024-01-08T08:14:53","slug":"akcja-charytatywna-stolowka-sw-faustyny","status":"publish","type":"post","link":"https:\/\/mycielewo.pl\/?p=40787","title":{"rendered":"Akcja charytatywna &#8211; sto\u0142\u00f3wka \u015bw. Faustyny"},"content":{"rendered":"<div class=\"wp-block-image is-style-rounded\">\n<figure class=\"alignleft size-large\"><img loading=\"lazy\" decoding=\"async\" width=\"225\" height=\"300\" src=\"https:\/\/mycielewo.pl\/wp-content\/uploads\/2024\/01\/image001-225x300.jpg\" alt=\"\" class=\"wp-image-40788\" srcset=\"https:\/\/mycielewo.pl\/wp-content\/uploads\/2024\/01\/image001-225x300.jpg 225w, https:\/\/mycielewo.pl\/wp-content\/uploads\/2024\/01\/image001-187x250.jpg 187w, https:\/\/mycielewo.pl\/wp-content\/uploads\/2024\/01\/image001-768x1025.jpg 768w, https:\/\/mycielewo.pl\/wp-content\/uploads\/2024\/01\/image001.jpg 907w\" sizes=\"auto, (max-width: 225px) 100vw, 225px\" \/><\/figure>\n<\/div>\n\n\n<p>Spo\u0142eczno\u015b\u0107 SP Mycielewo, jak co roku w okresie przed\u015bwi\u0105tecznym wspar\u0142a pomoc\u0105 \u017cywno\u015bciow\u0105 najubo\u017cszych. Dary zosta\u0142y przekazane na r\u0119ce Pa\u0144, kt\u00f3re codziennie przygotowuj\u0105 ciep\u0142e posi\u0142ki dla potrzebuj\u0105cych os\u00f3b z terenu gminy Szubin. Za okazanie dobrego serca serdecznie dzi\u0119kujemy. <\/p>\n\n\n\n<p class=\"has-text-align-right\"><em>Magdalena Tomkowiak<\/em><\/p>\n","protected":false},"excerpt":{"rendered":"<p>Spo\u0142eczno\u015b\u0107 SP Mycielewo, jak co roku w okresie przed\u015bwi\u0105tecznym wspar\u0142a pomoc\u0105 \u017cywno\u015bciow\u0105 najubo\u017cszych. Dary zosta\u0142y przekazane na r\u0119ce Pa\u0144, kt\u00f3re codziennie przygotowuj\u0105 ciep\u0142e posi\u0142ki dla potrzebuj\u0105cych os\u00f3b z terenu gminy Szubin. Za okazanie dobrego serca serdecznie dzi\u0119kujemy. Magdalena Tomkowiak<\/p>\n","protected":false},"author":1,"featured_media":0,"comment_status":"open","ping_status":"open","sticky":false,"template":"","format":"standard","meta":{"footnotes":""},"categories":[1],"tags":[],"class_list":["post-40787","post","type-post","status-publish","format-standard","hentry","category-bez-kategorii"],"_links":{"self":[{"href":"https:\/\/mycielewo.pl\/index.php?rest_route=\/wp\/v2\/posts\/40787","targetHints":{"allow":["GET"]}}],"collection":[{"href":"https:\/\/mycielewo.pl\/index.php?rest_route=\/wp\/v2\/posts"}],"about":[{"href":"https:\/\/mycielewo.pl\/index.php?rest_route=\/wp\/v2\/types\/post"}],"author":[{"embeddable":true,"href":"https:\/\/mycielewo.pl\/index.php?rest_route=\/wp\/v2\/users\/1"}],"replies":[{"embeddable":true,"href":"https:\/\/mycielewo.pl\/index.php?rest_route=%2Fwp%2Fv2%2Fcomments&post=40787"}],"version-history":[{"count":1,"href":"https:\/\/mycielewo.pl\/index.php?rest_route=\/wp\/v2\/posts\/40787\/revisions"}],"predecessor-version":[{"id":40789,"href":"https:\/\/mycielewo.pl\/index.php?rest_route=\/wp\/v2\/posts\/40787\/revisions\/40789"}],"wp:attachment":[{"href":"https:\/\/mycielewo.pl\/index.php?rest_route=%2Fwp%2Fv2%2Fmedia&parent=40787"}],"wp:term":[{"taxonomy":"category","embeddable":true,"href":"https:\/\/mycielewo.pl\/index.php?rest_route=%2Fwp%2Fv2%2Fcategories&post=40787"},{"taxonomy":"post_tag","embeddable":true,"href":"https:\/\/mycielewo.pl\/index.php?rest_route=%2Fwp%2Fv2%2Ftags&post=40787"}],"curies":[{"name":"wp","href":"https:\/\/api.w.org\/{rel}","templated":true}]}}