{"id":40777,"date":"2024-01-03T08:49:11","date_gmt":"2024-01-03T08:49:11","guid":{"rendered":"http:\/\/www.mycielewo.pl\/?p=40777"},"modified":"2024-01-05T12:56:16","modified_gmt":"2024-01-05T12:56:16","slug":"gminny-konkurs-plastyczny-powstanie-wielkopolskie-oczyma-dziecka","status":"publish","type":"post","link":"https:\/\/mycielewo.pl\/?p=40777","title":{"rendered":"Gminny konkurs plastyczny &#8222;Powstanie Wielkopolskie oczyma dziecka&#8221;"},"content":{"rendered":"\n<h1 class=\"wp-block-heading\">Dzieci i m\u0142odzie\u017c zapraszamy do udzia\u0142u w konkursie plastycznym po\u015bwi\u0119conym Powstaniu Wielkopolskiemu!!<\/h1>\n\n\n\n<p>W tym roku przypada 105. rocznica wybuchu Powstania Wielkopolskiego. G\u0142\u00f3wne uroczysto\u015bci w\u00a0Kcyni mia\u0142y miejsce 27 grudnia 2023 r., ale\u00a0przed nami jeszcze kilka inicjatyw zwi\u0105zanych z\u00a0upami\u0119tnieniem powsta\u0144c\u00f3w. <br>Dla uczni\u00f3w szk\u00f3\u0142 z\u00a0terenu Gminy Kcynia\u00a0<strong>og\u0142aszamy konkurs plastyczny &#8222;Powstanie Wielkopolskie oczyma dziecka&#8221;.\u00a0<\/strong>\u00a0<br><strong>Warunki konkursu:<\/strong><br><span style=\"text-decoration: underline;\">Tematyka:<\/span>\u00a0 Powstanie Wielkopolskie<br><span style=\"text-decoration: underline;\">Technika:<\/span>\u00a0 dowolna, praca p\u0142aska, format pracy &#8211; max. A3<br><span style=\"text-decoration: underline;\">Kategorie:<\/span>\u00a0 klasa \u201c0\u201d-III, klasa IV-VIII,\u00a0 szko\u0142a ponadpodstawowa<br><span style=\"text-decoration: underline;\">Warunki udzia\u0142u:<\/span>\u00a0 ucze\u0144 szko\u0142y na\u00a0terenie Gminy Kcynia; ka\u017cda praca musi by\u0107 opisana na\u00a0odwrocie &#8211; imi\u0119, nazwisko, wiek, szko\u0142a; do ka\u017cdej pracy za\u0142\u0105czamy formularz zg\u0142oszenia (pobierz ze strony www.kcynia.pl)\u00a0<br><span style=\"text-decoration: underline;\">Laureaci:<\/span> 3 w\u00a0ka\u017cdej kategorii oraz\u00a0wyr\u00f3\u017cnienia<br><span style=\"text-decoration: underline;\">Nagrody:<\/span> rzeczowe<br><span style=\"text-decoration: underline;\">Miejsce sk\u0142adania prac: <\/span>Urz\u0105d Miejski w\u00a0Kcyni, ul. Rynek 23, biuro 205<br><strong>Termin sk\u0142adania prac mija:\u00a026 stycznia 2024 r.\u00a0<\/strong><\/p>\n\n\n\n<p>Do zg\u0142aszanej pracy plastycznej nale\u017cy do\u0142\u0105czy\u0107 formularz zg\u0142oszenia (do pobrania poni\u017cej).&nbsp;Wyniki konkursu oraz&nbsp;termin wr\u0119czenia nagr\u00f3d zostan\u0105 podane do wiadomo\u015bci za po\u015brednictwem strony&nbsp;<a href=\"https:\/\/www.kcynia.pl\/\">www.kcynia.pl<\/a>. Informacji o&nbsp;konkursie udziela: Anna Duda-Nowicka tel. 52 589 37 20 wew. 115<\/p>\n\n\n\n<p><strong>Kolejnymi inicjatywami b\u0119d\u0105:<\/strong><br>&#8211;&nbsp;<strong>02.02.2024<\/strong>&nbsp;projekcja filmu nt. Powstania Wielkopolskiego pt. &#8222;P\u0142omie\u0144 wolno\u015bci &#8211; budzy\u0144ska epopeja&#8221; oraz&nbsp;wystawa ze zbior\u00f3w Towarzystwa Historycznego (miejsce: GCKiB w&nbsp;Kcyni) godz. 8.00, 10.00, 12.00 (godziny zarezerwowane dla szk\u00f3\u0142) &nbsp;i 16.00 (dla mieszka\u0144c\u00f3w, wst\u0119p wolny)<br>&#8211;&nbsp;<strong>05.02.2024<\/strong>&nbsp;spotkanie z&nbsp;Andrzejem Wieczorkiem w&nbsp;ramach Ciekawo\u015bci \u015bwiata pt. &#8222;Udzia\u0142 kompanii go\u0142anieckiej w&nbsp;Powstaniu Wielkopolskim i&nbsp;wojnie polsko-bolszewickiej&#8221;, miejsce: UM w&nbsp;Kcyni, sala nr 1, godz. 17.00<\/p>\n\n\n\n<p class=\"has-text-align-right\"><em>informacja ze strony <a href=\"http:\/\/kcynia.pl\">kcynia.pl<\/a><\/em><\/p>\n\n\n\n<div class=\"wp-block-file aligncenter\"><a id=\"wp-block-file--media-11d66008-7863-407d-95d0-ca4a1fab244d\" href=\"https:\/\/mycielewo.pl\/wp-content\/uploads\/2024\/01\/Formularz_konkurs-plastyczny.docx\">Formularz_konkurs-plastyczny<\/a><a href=\"https:\/\/mycielewo.pl\/wp-content\/uploads\/2024\/01\/Formularz_konkurs-plastyczny.docx\" class=\"wp-block-file__button wp-element-button\" download aria-describedby=\"wp-block-file--media-11d66008-7863-407d-95d0-ca4a1fab244d\">Pobierz<\/a><\/div>\n\n\n\n<figure class=\"wp-block-image size-full\"><img loading=\"lazy\" decoding=\"async\" width=\"1587\" height=\"2245\" src=\"https:\/\/mycielewo.pl\/wp-content\/uploads\/2024\/01\/Dodaj_podtytul.png\" alt=\"\" class=\"wp-image-40783\" srcset=\"https:\/\/mycielewo.pl\/wp-content\/uploads\/2024\/01\/Dodaj_podtytul.png 1587w, https:\/\/mycielewo.pl\/wp-content\/uploads\/2024\/01\/Dodaj_podtytul-177x250.png 177w, https:\/\/mycielewo.pl\/wp-content\/uploads\/2024\/01\/Dodaj_podtytul-212x300.png 212w, https:\/\/mycielewo.pl\/wp-content\/uploads\/2024\/01\/Dodaj_podtytul-768x1086.png 768w, https:\/\/mycielewo.pl\/wp-content\/uploads\/2024\/01\/Dodaj_podtytul-1086x1536.png 1086w, https:\/\/mycielewo.pl\/wp-content\/uploads\/2024\/01\/Dodaj_podtytul-1448x2048.png 1448w\" sizes=\"auto, (max-width: 1587px) 100vw, 1587px\" \/><\/figure>\n","protected":false},"excerpt":{"rendered":"<p>Dzieci i m\u0142odzie\u017c zapraszamy do udzia\u0142u w konkursie plastycznym po\u015bwi\u0119conym Powstaniu Wielkopolskiemu!! W tym roku przypada 105. rocznica wybuchu Powstania Wielkopolskiego. G\u0142\u00f3wne uroczysto\u015bci w\u00a0Kcyni mia\u0142y miejsce 27 grudnia 2023 r., ale\u00a0przed nami jeszcze kilka inicjatyw zwi\u0105zanych z\u00a0upami\u0119tnieniem powsta\u0144c\u00f3w. Dla uczni\u00f3w szk\u00f3\u0142 z\u00a0terenu Gminy Kcynia\u00a0og\u0142aszamy konkurs plastyczny &#8222;Powstanie Wielkopolskie oczyma dziecka&#8221;.\u00a0\u00a0Warunki konkursu:Tematyka:\u00a0 Powstanie WielkopolskieTechnika:\u00a0 dowolna, praca&hellip; <a class=\"continue\" href=\"https:\/\/mycielewo.pl\/?p=40777\">Kontynuuj czytanie<span> Gminny konkurs plastyczny &#8222;Powstanie Wielkopolskie oczyma dziecka&#8221;<\/span><\/a><\/p>\n","protected":false},"author":4,"featured_media":0,"comment_status":"open","ping_status":"open","sticky":false,"template":"","format":"standard","meta":{"footnotes":""},"categories":[1],"tags":[],"class_list":["post-40777","post","type-post","status-publish","format-standard","hentry","category-bez-kategorii"],"_links":{"self":[{"href":"https:\/\/mycielewo.pl\/index.php?rest_route=\/wp\/v2\/posts\/40777","targetHints":{"allow":["GET"]}}],"collection":[{"href":"https:\/\/mycielewo.pl\/index.php?rest_route=\/wp\/v2\/posts"}],"about":[{"href":"https:\/\/mycielewo.pl\/index.php?rest_route=\/wp\/v2\/types\/post"}],"author":[{"embeddable":true,"href":"https:\/\/mycielewo.pl\/index.php?rest_route=\/wp\/v2\/users\/4"}],"replies":[{"embeddable":true,"href":"https:\/\/mycielewo.pl\/index.php?rest_route=%2Fwp%2Fv2%2Fcomments&post=40777"}],"version-history":[{"count":5,"href":"https:\/\/mycielewo.pl\/index.php?rest_route=\/wp\/v2\/posts\/40777\/revisions"}],"predecessor-version":[{"id":40786,"href":"https:\/\/mycielewo.pl\/index.php?rest_route=\/wp\/v2\/posts\/40777\/revisions\/40786"}],"wp:attachment":[{"href":"https:\/\/mycielewo.pl\/index.php?rest_route=%2Fwp%2Fv2%2Fmedia&parent=40777"}],"wp:term":[{"taxonomy":"category","embeddable":true,"href":"https:\/\/mycielewo.pl\/index.php?rest_route=%2Fwp%2Fv2%2Fcategories&post=40777"},{"taxonomy":"post_tag","embeddable":true,"href":"https:\/\/mycielewo.pl\/index.php?rest_route=%2Fwp%2Fv2%2Ftags&post=40777"}],"curies":[{"name":"wp","href":"https:\/\/api.w.org\/{rel}","templated":true}]}}