{"id":40549,"date":"2023-12-22T20:54:47","date_gmt":"2023-12-22T20:54:47","guid":{"rendered":"http:\/\/www.mycielewo.pl\/?p=40549"},"modified":"2023-12-28T15:22:37","modified_gmt":"2023-12-28T15:22:37","slug":"zyczenia-na-boze-narodzenie-i-nowy-rok","status":"publish","type":"post","link":"https:\/\/mycielewo.pl\/?p=40549","title":{"rendered":"\u017byczenia na Bo\u017ce Narodzenie i Nowy Rok"},"content":{"rendered":"<div class=\"wp-block-image is-style-rounded\">\n<figure class=\"alignright size-large\"><img loading=\"lazy\" decoding=\"async\" width=\"169\" height=\"300\" src=\"https:\/\/mycielewo.pl\/wp-content\/uploads\/2023\/12\/maruja-169x300.jpg\" alt=\"\" class=\"wp-image-40550\" srcset=\"https:\/\/mycielewo.pl\/wp-content\/uploads\/2023\/12\/maruja-169x300.jpg 169w, https:\/\/mycielewo.pl\/wp-content\/uploads\/2023\/12\/maruja-141x250.jpg 141w, https:\/\/mycielewo.pl\/wp-content\/uploads\/2023\/12\/maruja-768x1365.jpg 768w, https:\/\/mycielewo.pl\/wp-content\/uploads\/2023\/12\/maruja-864x1536.jpg 864w, https:\/\/mycielewo.pl\/wp-content\/uploads\/2023\/12\/maruja.jpg 1152w\" sizes=\"auto, (max-width: 169px) 100vw, 169px\" \/><\/figure>\n<\/div>\n\n\n<p class=\"has-text-align-center has-vivid-red-color has-text-color has-link-color wp-elements-494dff9b8102bcd2f89c1ec7a3293b33\"><strong><em>Zdrowych, spokojnych, rodzinnych<\/em><\/strong><br><strong><em>\u015bwi\u0105t Bo\u017cego Narodzenia&nbsp;&nbsp;<\/em><\/strong><br><strong><em>oraz wszelkiej pomy\u015blno\u015bci w Nowym Roku 202<\/em><\/strong><em><strong>4<\/strong><\/em><br><strong><em>\u017cycz\u0105:<\/em><\/strong><br><strong><em>Dyrektor, Nauczyciele, Uczniowie oraz Pracownicy Administracji i Obs\u0142ugi<\/em><\/strong><\/p>\n\n\n\n<p class=\"has-text-align-center has-vivid-red-color has-text-color has-link-color wp-elements-202f3731847793125d91fa4290fcb85f\"><br><strong><em>Szko\u0142y Podstawowej<\/em><\/strong><br><strong><em>w Mycielewie<\/em><\/strong><\/p>\n","protected":false},"excerpt":{"rendered":"<p>Zdrowych, spokojnych, rodzinnych\u015bwi\u0105t Bo\u017cego Narodzenia&nbsp;&nbsp;oraz wszelkiej pomy\u015blno\u015bci w Nowym Roku 2024\u017cycz\u0105:Dyrektor, Nauczyciele, Uczniowie oraz Pracownicy Administracji i Obs\u0142ugi Szko\u0142y Podstawowejw Mycielewie<\/p>\n","protected":false},"author":1,"featured_media":0,"comment_status":"open","ping_status":"open","sticky":false,"template":"","format":"standard","meta":{"footnotes":""},"categories":[1],"tags":[],"class_list":["post-40549","post","type-post","status-publish","format-standard","hentry","category-bez-kategorii"],"_links":{"self":[{"href":"https:\/\/mycielewo.pl\/index.php?rest_route=\/wp\/v2\/posts\/40549","targetHints":{"allow":["GET"]}}],"collection":[{"href":"https:\/\/mycielewo.pl\/index.php?rest_route=\/wp\/v2\/posts"}],"about":[{"href":"https:\/\/mycielewo.pl\/index.php?rest_route=\/wp\/v2\/types\/post"}],"author":[{"embeddable":true,"href":"https:\/\/mycielewo.pl\/index.php?rest_route=\/wp\/v2\/users\/1"}],"replies":[{"embeddable":true,"href":"https:\/\/mycielewo.pl\/index.php?rest_route=%2Fwp%2Fv2%2Fcomments&post=40549"}],"version-history":[{"count":4,"href":"https:\/\/mycielewo.pl\/index.php?rest_route=\/wp\/v2\/posts\/40549\/revisions"}],"predecessor-version":[{"id":40603,"href":"https:\/\/mycielewo.pl\/index.php?rest_route=\/wp\/v2\/posts\/40549\/revisions\/40603"}],"wp:attachment":[{"href":"https:\/\/mycielewo.pl\/index.php?rest_route=%2Fwp%2Fv2%2Fmedia&parent=40549"}],"wp:term":[{"taxonomy":"category","embeddable":true,"href":"https:\/\/mycielewo.pl\/index.php?rest_route=%2Fwp%2Fv2%2Fcategories&post=40549"},{"taxonomy":"post_tag","embeddable":true,"href":"https:\/\/mycielewo.pl\/index.php?rest_route=%2Fwp%2Fv2%2Ftags&post=40549"}],"curies":[{"name":"wp","href":"https:\/\/api.w.org\/{rel}","templated":true}]}}