{"id":40245,"date":"2023-12-06T11:49:42","date_gmt":"2023-12-06T11:49:42","guid":{"rendered":"http:\/\/www.mycielewo.pl\/?p=40245"},"modified":"2023-12-06T13:41:41","modified_gmt":"2023-12-06T13:41:41","slug":"jezyk-lacinski-na-co-dzien-konkurs-rozstrzygniety","status":"publish","type":"post","link":"https:\/\/mycielewo.pl\/?p=40245","title":{"rendered":"\u201eJ\u0119zyk \u0142aci\u0144ski na co dzie\u0144\u201d \u2013 konkurs rozstrzygni\u0119ty"},"content":{"rendered":"\n<p><strong>W ubieg\u0142y czwartek, podczas apelu og\u0142oszono wyniki konkursu bibliotecznego \u201eJ\u0119zyk \u0142aci\u0144ski na co dzie\u0144\u201d.\u00a0 Celem konkursu by\u0142o wsparcie powrotu do szk\u00f3\u0142 j\u0119zyka \u0142aci\u0144skiego, poszerzenie wiedzy uczni\u00f3w na temat zwrot\u00f3w pochodz\u0105cych z j\u0119zyka \u0142aci\u0144skiego stosowanych w mowie potocznej, motywowanie uczni\u00f3w do poszerzania wiadomo\u015bci oraz rozbudzanie zainteresowa\u0144. <\/strong><\/p>\n\n\n\n<p>Uczestnicy konkursu musieli rozwi\u0105za\u0107 test wiedzy, w kt\u00f3rym nale\u017ca\u0142o wykaza\u0107 si\u0119 znajomo\u015bci\u0105 zwrot\u00f3w \u0142aci\u0144skich stosowanych w potocznej mowie. Warto doda\u0107, \u017ce nasz alfabet wywodzi si\u0119 wa\u015bnie z modyfikacji alfabetu \u0142aci\u0144skiego. Konkurs zorganizowany by\u0142 z okazji obchod\u00f3w \u201eMiesi\u0105ca bibliotek szkolnych\u201d. Z tej okazji r\u00f3wnie\u017c m\u0142odsi uczniowie obejrzeli teatrzyk kamishibai (teatr obrazkowy), w kt\u00f3rym wykorzystuje si\u0119 plansze z obrazkami i tekstem. W okresie \u201eMiesi\u0105ca bibliotek szkolnych\u201d uczniowie bardzo ch\u0119tnie odwiedzali nasz\u0105 bibliotek\u0119 i z zapa\u0142em grali w r\u00f3\u017cne gry planszowe.<\/p>\n\n\n\n<p class=\"has-text-align-center\">Wyniki konkursu:<\/p>\n\n\n\n<p class=\"has-text-align-center has-vivid-red-color has-text-color has-link-color wp-elements-95a278065b07c07fa5c8b38307fcf865\"><strong>I miejsce \u2013 Alan Hak<\/strong><br><strong>II miejsce \u2013 Maria Smorga<\/strong><br><strong>III miejsce \u2013 Maciej \u0141uksztedt&nbsp;&nbsp;<\/strong><\/p>\n\n\n\n<p class=\"has-text-align-right\"><em>Marzena Borzych<\/em><\/p>\n\n\n\n<figure class=\"wp-block-gallery has-nested-images columns-4 is-cropped wp-block-gallery-2 is-layout-flex wp-block-gallery-is-layout-flex\">\n<figure class=\"wp-block-image size-large\"><a href=\"https:\/\/mycielewo.pl\/?attachment_id=40248\"><img loading=\"lazy\" decoding=\"async\" width=\"300\" height=\"225\" data-id=\"40248\" src=\"https:\/\/mycielewo.pl\/wp-content\/uploads\/2023\/12\/image001-4-300x225.jpg\" alt=\"\" class=\"wp-image-40248\" srcset=\"https:\/\/mycielewo.pl\/wp-content\/uploads\/2023\/12\/image001-4-300x225.jpg 300w, https:\/\/mycielewo.pl\/wp-content\/uploads\/2023\/12\/image001-4-250x188.jpg 250w, https:\/\/mycielewo.pl\/wp-content\/uploads\/2023\/12\/image001-4-768x576.jpg 768w, https:\/\/mycielewo.pl\/wp-content\/uploads\/2023\/12\/image001-4.jpg 1200w\" sizes=\"auto, (max-width: 300px) 100vw, 300px\" \/><\/a><\/figure>\n\n\n\n<figure class=\"wp-block-image size-large\"><a href=\"https:\/\/mycielewo.pl\/?attachment_id=40249\"><img loading=\"lazy\" decoding=\"async\" width=\"300\" height=\"225\" data-id=\"40249\" src=\"https:\/\/mycielewo.pl\/wp-content\/uploads\/2023\/12\/image002-4-300x225.jpg\" alt=\"\" class=\"wp-image-40249\" srcset=\"https:\/\/mycielewo.pl\/wp-content\/uploads\/2023\/12\/image002-4-300x225.jpg 300w, https:\/\/mycielewo.pl\/wp-content\/uploads\/2023\/12\/image002-4-250x188.jpg 250w, https:\/\/mycielewo.pl\/wp-content\/uploads\/2023\/12\/image002-4-768x576.jpg 768w, https:\/\/mycielewo.pl\/wp-content\/uploads\/2023\/12\/image002-4.jpg 1200w\" sizes=\"auto, (max-width: 300px) 100vw, 300px\" \/><\/a><\/figure>\n\n\n\n<figure class=\"wp-block-image size-large\"><a href=\"https:\/\/mycielewo.pl\/?attachment_id=40250\"><img loading=\"lazy\" decoding=\"async\" width=\"225\" height=\"300\" data-id=\"40250\" src=\"https:\/\/mycielewo.pl\/wp-content\/uploads\/2023\/12\/image003-4-225x300.jpg\" alt=\"\" class=\"wp-image-40250\" srcset=\"https:\/\/mycielewo.pl\/wp-content\/uploads\/2023\/12\/image003-4-225x300.jpg 225w, https:\/\/mycielewo.pl\/wp-content\/uploads\/2023\/12\/image003-4-188x250.jpg 188w, https:\/\/mycielewo.pl\/wp-content\/uploads\/2023\/12\/image003-4-768x1024.jpg 768w, https:\/\/mycielewo.pl\/wp-content\/uploads\/2023\/12\/image003-4.jpg 900w\" sizes=\"auto, (max-width: 225px) 100vw, 225px\" \/><\/a><\/figure>\n\n\n\n<figure class=\"wp-block-image size-large\"><a href=\"https:\/\/mycielewo.pl\/?attachment_id=40251\"><img loading=\"lazy\" decoding=\"async\" width=\"300\" height=\"225\" data-id=\"40251\" src=\"https:\/\/mycielewo.pl\/wp-content\/uploads\/2023\/12\/image004-4-300x225.jpg\" alt=\"\" class=\"wp-image-40251\" srcset=\"https:\/\/mycielewo.pl\/wp-content\/uploads\/2023\/12\/image004-4-300x225.jpg 300w, https:\/\/mycielewo.pl\/wp-content\/uploads\/2023\/12\/image004-4-250x188.jpg 250w, https:\/\/mycielewo.pl\/wp-content\/uploads\/2023\/12\/image004-4-768x576.jpg 768w, https:\/\/mycielewo.pl\/wp-content\/uploads\/2023\/12\/image004-4.jpg 1200w\" sizes=\"auto, (max-width: 300px) 100vw, 300px\" \/><\/a><\/figure>\n<\/figure>\n","protected":false},"excerpt":{"rendered":"<p>W ubieg\u0142y czwartek, podczas apelu og\u0142oszono wyniki konkursu bibliotecznego \u201eJ\u0119zyk \u0142aci\u0144ski na co dzie\u0144\u201d.\u00a0 Celem konkursu by\u0142o wsparcie powrotu do szk\u00f3\u0142 j\u0119zyka \u0142aci\u0144skiego, poszerzenie wiedzy uczni\u00f3w na temat zwrot\u00f3w pochodz\u0105cych z j\u0119zyka \u0142aci\u0144skiego stosowanych w mowie potocznej, motywowanie uczni\u00f3w do poszerzania wiadomo\u015bci oraz rozbudzanie zainteresowa\u0144. Uczestnicy konkursu musieli rozwi\u0105za\u0107 test wiedzy, w kt\u00f3rym nale\u017ca\u0142o wykaza\u0107&hellip; <a class=\"continue\" href=\"https:\/\/mycielewo.pl\/?p=40245\">Kontynuuj czytanie<span> \u201eJ\u0119zyk \u0142aci\u0144ski na co dzie\u0144\u201d \u2013 konkurs rozstrzygni\u0119ty<\/span><\/a><\/p>\n","protected":false},"author":1,"featured_media":0,"comment_status":"open","ping_status":"open","sticky":false,"template":"","format":"standard","meta":{"footnotes":""},"categories":[1],"tags":[],"class_list":["post-40245","post","type-post","status-publish","format-standard","hentry","category-bez-kategorii"],"_links":{"self":[{"href":"https:\/\/mycielewo.pl\/index.php?rest_route=\/wp\/v2\/posts\/40245","targetHints":{"allow":["GET"]}}],"collection":[{"href":"https:\/\/mycielewo.pl\/index.php?rest_route=\/wp\/v2\/posts"}],"about":[{"href":"https:\/\/mycielewo.pl\/index.php?rest_route=\/wp\/v2\/types\/post"}],"author":[{"embeddable":true,"href":"https:\/\/mycielewo.pl\/index.php?rest_route=\/wp\/v2\/users\/1"}],"replies":[{"embeddable":true,"href":"https:\/\/mycielewo.pl\/index.php?rest_route=%2Fwp%2Fv2%2Fcomments&post=40245"}],"version-history":[{"count":4,"href":"https:\/\/mycielewo.pl\/index.php?rest_route=\/wp\/v2\/posts\/40245\/revisions"}],"predecessor-version":[{"id":40254,"href":"https:\/\/mycielewo.pl\/index.php?rest_route=\/wp\/v2\/posts\/40245\/revisions\/40254"}],"wp:attachment":[{"href":"https:\/\/mycielewo.pl\/index.php?rest_route=%2Fwp%2Fv2%2Fmedia&parent=40245"}],"wp:term":[{"taxonomy":"category","embeddable":true,"href":"https:\/\/mycielewo.pl\/index.php?rest_route=%2Fwp%2Fv2%2Fcategories&post=40245"},{"taxonomy":"post_tag","embeddable":true,"href":"https:\/\/mycielewo.pl\/index.php?rest_route=%2Fwp%2Fv2%2Ftags&post=40245"}],"curies":[{"name":"wp","href":"https:\/\/api.w.org\/{rel}","templated":true}]}}