{"id":40240,"date":"2023-12-05T16:31:15","date_gmt":"2023-12-05T16:31:15","guid":{"rendered":"http:\/\/www.mycielewo.pl\/?p=40240"},"modified":"2023-12-05T16:39:05","modified_gmt":"2023-12-05T16:39:05","slug":"ogloszenie-su","status":"publish","type":"post","link":"https:\/\/mycielewo.pl\/?p=40240","title":{"rendered":"Og\u0142oszenie SU!"},"content":{"rendered":"<div class=\"wp-block-image\">\n<figure class=\"alignleft size-medium\"><img loading=\"lazy\" decoding=\"async\" width=\"250\" height=\"250\" src=\"https:\/\/mycielewo.pl\/wp-content\/uploads\/2023\/12\/mikolaj-250x250.png\" alt=\"\" class=\"wp-image-40242\" srcset=\"https:\/\/mycielewo.pl\/wp-content\/uploads\/2023\/12\/mikolaj-250x250.png 250w, https:\/\/mycielewo.pl\/wp-content\/uploads\/2023\/12\/mikolaj-300x300.png 300w, https:\/\/mycielewo.pl\/wp-content\/uploads\/2023\/12\/mikolaj-60x60.png 60w, https:\/\/mycielewo.pl\/wp-content\/uploads\/2023\/12\/mikolaj-768x768.png 768w, https:\/\/mycielewo.pl\/wp-content\/uploads\/2023\/12\/mikolaj.png 800w\" sizes=\"auto, (max-width: 250px) 100vw, 250px\" \/><\/figure>\n<\/div>\n\n\n<p class=\"has-text-align-center has-vivid-red-color has-text-color has-link-color wp-elements-e84011e0d0db6c474c2774ce2cec2d11\"><strong>W \u015brod\u0119 6 grudnia odwiedzi nasz\u0105 szko\u0142\u0119 Miko\u0142aj. <br>Prosimy, aby uczniowie mieli ubrane miko\u0142ajkowe czapeczki. <br>W tym dniu obowi\u0105zuje kolor czerwony.<\/strong><\/p>\n\n\n\n<p class=\"has-text-align-right\"><em>Agnieszka Chojnacka<\/em><br><em>Samorz\u0105d Uczniowski<\/em><\/p>\n","protected":false},"excerpt":{"rendered":"<p>W \u015brod\u0119 6 grudnia odwiedzi nasz\u0105 szko\u0142\u0119 Miko\u0142aj. Prosimy, aby uczniowie mieli ubrane miko\u0142ajkowe czapeczki. W tym dniu obowi\u0105zuje kolor czerwony. Agnieszka ChojnackaSamorz\u0105d Uczniowski<\/p>\n","protected":false},"author":1,"featured_media":0,"comment_status":"open","ping_status":"open","sticky":false,"template":"","format":"standard","meta":{"footnotes":""},"categories":[1],"tags":[],"class_list":["post-40240","post","type-post","status-publish","format-standard","hentry","category-bez-kategorii"],"_links":{"self":[{"href":"https:\/\/mycielewo.pl\/index.php?rest_route=\/wp\/v2\/posts\/40240","targetHints":{"allow":["GET"]}}],"collection":[{"href":"https:\/\/mycielewo.pl\/index.php?rest_route=\/wp\/v2\/posts"}],"about":[{"href":"https:\/\/mycielewo.pl\/index.php?rest_route=\/wp\/v2\/types\/post"}],"author":[{"embeddable":true,"href":"https:\/\/mycielewo.pl\/index.php?rest_route=\/wp\/v2\/users\/1"}],"replies":[{"embeddable":true,"href":"https:\/\/mycielewo.pl\/index.php?rest_route=%2Fwp%2Fv2%2Fcomments&post=40240"}],"version-history":[{"count":3,"href":"https:\/\/mycielewo.pl\/index.php?rest_route=\/wp\/v2\/posts\/40240\/revisions"}],"predecessor-version":[{"id":40244,"href":"https:\/\/mycielewo.pl\/index.php?rest_route=\/wp\/v2\/posts\/40240\/revisions\/40244"}],"wp:attachment":[{"href":"https:\/\/mycielewo.pl\/index.php?rest_route=%2Fwp%2Fv2%2Fmedia&parent=40240"}],"wp:term":[{"taxonomy":"category","embeddable":true,"href":"https:\/\/mycielewo.pl\/index.php?rest_route=%2Fwp%2Fv2%2Fcategories&post=40240"},{"taxonomy":"post_tag","embeddable":true,"href":"https:\/\/mycielewo.pl\/index.php?rest_route=%2Fwp%2Fv2%2Ftags&post=40240"}],"curies":[{"name":"wp","href":"https:\/\/api.w.org\/{rel}","templated":true}]}}