{"id":40036,"date":"2023-12-12T11:43:36","date_gmt":"2023-12-12T11:43:36","guid":{"rendered":"http:\/\/www.mycielewo.pl\/?p=40036"},"modified":"2023-12-12T11:43:36","modified_gmt":"2023-12-12T11:43:36","slug":"komunikat-spotkania-wychowawcow-klas-z-rodzicami","status":"publish","type":"post","link":"https:\/\/mycielewo.pl\/?p=40036","title":{"rendered":"Komunikat &#8211; spotkania wychowawc\u00f3w klas z rodzicami"},"content":{"rendered":"\n<p class=\"has-text-align-center has-vivid-red-color has-text-color has-link-color wp-elements-24f0dfa41939508377f585c7a45823fe\"><strong>12 grudnia 2023 roku (wtorek) o godzinie 16.30 odb\u0119d\u0105 si\u0119 spotkania wychowawc\u00f3w klas z rodzicami. <\/strong><\/p>\n\n\n\n<p class=\"has-text-align-right\"><em>Zapraszamy<\/em><\/p>\n","protected":false},"excerpt":{"rendered":"<p>12 grudnia 2023 roku (wtorek) o godzinie 16.30 odb\u0119d\u0105 si\u0119 spotkania wychowawc\u00f3w klas z rodzicami. Zapraszamy<\/p>\n","protected":false},"author":1,"featured_media":0,"comment_status":"open","ping_status":"open","sticky":false,"template":"","format":"standard","meta":{"footnotes":""},"categories":[1],"tags":[],"class_list":["post-40036","post","type-post","status-publish","format-standard","hentry","category-bez-kategorii"],"_links":{"self":[{"href":"https:\/\/mycielewo.pl\/index.php?rest_route=\/wp\/v2\/posts\/40036","targetHints":{"allow":["GET"]}}],"collection":[{"href":"https:\/\/mycielewo.pl\/index.php?rest_route=\/wp\/v2\/posts"}],"about":[{"href":"https:\/\/mycielewo.pl\/index.php?rest_route=\/wp\/v2\/types\/post"}],"author":[{"embeddable":true,"href":"https:\/\/mycielewo.pl\/index.php?rest_route=\/wp\/v2\/users\/1"}],"replies":[{"embeddable":true,"href":"https:\/\/mycielewo.pl\/index.php?rest_route=%2Fwp%2Fv2%2Fcomments&post=40036"}],"version-history":[{"count":2,"href":"https:\/\/mycielewo.pl\/index.php?rest_route=\/wp\/v2\/posts\/40036\/revisions"}],"predecessor-version":[{"id":40038,"href":"https:\/\/mycielewo.pl\/index.php?rest_route=\/wp\/v2\/posts\/40036\/revisions\/40038"}],"wp:attachment":[{"href":"https:\/\/mycielewo.pl\/index.php?rest_route=%2Fwp%2Fv2%2Fmedia&parent=40036"}],"wp:term":[{"taxonomy":"category","embeddable":true,"href":"https:\/\/mycielewo.pl\/index.php?rest_route=%2Fwp%2Fv2%2Fcategories&post=40036"},{"taxonomy":"post_tag","embeddable":true,"href":"https:\/\/mycielewo.pl\/index.php?rest_route=%2Fwp%2Fv2%2Ftags&post=40036"}],"curies":[{"name":"wp","href":"https:\/\/api.w.org\/{rel}","templated":true}]}}