{"id":39777,"date":"2023-11-20T11:10:28","date_gmt":"2023-11-20T11:10:28","guid":{"rendered":"http:\/\/www.mycielewo.pl\/?p=39777"},"modified":"2023-11-20T11:13:04","modified_gmt":"2023-11-20T11:13:04","slug":"dzien-czystego-powietrza-po-raz-trzeci","status":"publish","type":"post","link":"https:\/\/mycielewo.pl\/?p=39777","title":{"rendered":"Dzie\u0144 Czystego Powietrza po raz trzeci"},"content":{"rendered":"\n<p>14 listopada obchodzony jest Dzie\u0144 Czystego Powietrza. Ju\u017c po raz trzeci Urz\u0105d Miejski &#8211; dok\u0142adnie Referat Edukacji, Promocji, Sportu i\u00a0Kultury oraz\u00a0Referat Rolnictwa, Ochrony \u015arodowiska i\u00a0Gospodarki Nieruchomo\u015bciami przy okazji tego dnia organizuj\u0105 akcj\u0119 maj\u0105c\u0105 na\u00a0celu propagowanie proekologicznych inicjatyw. Elementami towarzysz\u0105cymi wydarzeniu s\u0105 zawsze wcze\u015bniej og\u0142oszone konkursy. W tym roku by\u0142 to konkurs na\u00a0ekobaner &#8211; skierowany do plac\u00f3wek o\u015bwiatowych oraz\u00a0konkurs indywidualny &#8211; &#8222;Drugie \u017cycie plastikowej butelki&#8221;, w\u00a0kt\u00f3rym nagrody zostan\u0105 dofinansowane ze \u015brodk\u00f3w Wojew\u00f3dzkiego Funduszu Ochrony \u015arodowiska i\u00a0Gospodarki Wodnej w\u00a0Toruniu.<\/p>\n\n\n\n<p>Gminny konkurs ekologiczny &#8222;Drugie \u017cycie plastikowej butelki&#8221;: kategoria I &#8222;zer\u00f3wka&#8221; laureat: Izabela Kami\u0144ska, wyr\u00f3\u017cnienie: Maciej Olszewski. Kat.II uczniowie klas I-III wyr\u00f3\u017cnienie: Laura Bagnerowska klasa 1, Julia Czaja klasa 2. Kategoria III uczniowie klas IV-VIII wyr\u00f3\u017cnienie: Natalia Tworek klasa 8, Nikolas Szpota\u0144ski klasa 5. Natomiast je\u015bli chodzi o konkurs na Ekobaner (skierowany do szk\u00f3\u0142) w\u015br\u00f3d laureat\u00f3w znalaz\u0142a si\u0119 nasza szko\u0142a. <img loading=\"lazy\" decoding=\"async\" height=\"16\" width=\"16\" alt=\"?\" src=\"https:\/\/static.xx.fbcdn.net\/images\/emoji.php\/v9\/t6c\/1\/16\/1f4aa.png\"><\/p>\n\n\n\n<p>Gratulujemy laureatom i wyr\u00f3\u017cnionym!<\/p>\n\n\n\n<p>Wi\u0119cej na: <a href=\"https:\/\/kcynia.pl\/aktualnosci\/po-raz-trzeci-dzien-czystego-powietrza.html\">https:\/\/kcynia.pl\/aktualnosci\/po-raz-trzeci-dzien-czystego-powietrza.html<\/a><\/p>\n\n\n\n<figure class=\"wp-block-gallery has-nested-images columns-6 is-cropped wp-block-gallery-2 is-layout-flex wp-block-gallery-is-layout-flex\">\n<figure class=\"wp-block-image size-large\"><a href=\"https:\/\/mycielewo.pl\/?attachment_id=39780\"><img loading=\"lazy\" decoding=\"async\" width=\"300\" height=\"169\" data-id=\"39780\" src=\"https:\/\/mycielewo.pl\/wp-content\/uploads\/2023\/11\/367796225_853446203180632_5164252831256427609_n-300x169.jpg\" alt=\"\" class=\"wp-image-39780\" srcset=\"https:\/\/mycielewo.pl\/wp-content\/uploads\/2023\/11\/367796225_853446203180632_5164252831256427609_n-300x169.jpg 300w, https:\/\/mycielewo.pl\/wp-content\/uploads\/2023\/11\/367796225_853446203180632_5164252831256427609_n-250x141.jpg 250w, https:\/\/mycielewo.pl\/wp-content\/uploads\/2023\/11\/367796225_853446203180632_5164252831256427609_n-768x432.jpg 768w, https:\/\/mycielewo.pl\/wp-content\/uploads\/2023\/11\/367796225_853446203180632_5164252831256427609_n-1536x864.jpg 1536w, https:\/\/mycielewo.pl\/wp-content\/uploads\/2023\/11\/367796225_853446203180632_5164252831256427609_n.jpg 2048w\" sizes=\"auto, (max-width: 300px) 100vw, 300px\" \/><\/a><\/figure>\n\n\n\n<figure class=\"wp-block-image size-large\"><a href=\"https:\/\/mycielewo.pl\/?attachment_id=39779\"><img loading=\"lazy\" decoding=\"async\" width=\"300\" height=\"169\" data-id=\"39779\" src=\"https:\/\/mycielewo.pl\/wp-content\/uploads\/2023\/11\/368088328_1432350487318991_3341570907343548626_n-300x169.jpg\" alt=\"\" class=\"wp-image-39779\" srcset=\"https:\/\/mycielewo.pl\/wp-content\/uploads\/2023\/11\/368088328_1432350487318991_3341570907343548626_n-300x169.jpg 300w, https:\/\/mycielewo.pl\/wp-content\/uploads\/2023\/11\/368088328_1432350487318991_3341570907343548626_n-250x141.jpg 250w, https:\/\/mycielewo.pl\/wp-content\/uploads\/2023\/11\/368088328_1432350487318991_3341570907343548626_n-768x432.jpg 768w, https:\/\/mycielewo.pl\/wp-content\/uploads\/2023\/11\/368088328_1432350487318991_3341570907343548626_n-1536x864.jpg 1536w, https:\/\/mycielewo.pl\/wp-content\/uploads\/2023\/11\/368088328_1432350487318991_3341570907343548626_n.jpg 2048w\" sizes=\"auto, (max-width: 300px) 100vw, 300px\" \/><\/a><\/figure>\n\n\n\n<figure class=\"wp-block-image size-large\"><a href=\"https:\/\/mycielewo.pl\/?attachment_id=39778\"><img loading=\"lazy\" decoding=\"async\" width=\"300\" height=\"169\" data-id=\"39778\" src=\"https:\/\/mycielewo.pl\/wp-content\/uploads\/2023\/11\/369222322_3791720961048729_2039966354640325121_n-300x169.jpg\" alt=\"\" class=\"wp-image-39778\" srcset=\"https:\/\/mycielewo.pl\/wp-content\/uploads\/2023\/11\/369222322_3791720961048729_2039966354640325121_n-300x169.jpg 300w, https:\/\/mycielewo.pl\/wp-content\/uploads\/2023\/11\/369222322_3791720961048729_2039966354640325121_n-250x141.jpg 250w, https:\/\/mycielewo.pl\/wp-content\/uploads\/2023\/11\/369222322_3791720961048729_2039966354640325121_n-768x432.jpg 768w, https:\/\/mycielewo.pl\/wp-content\/uploads\/2023\/11\/369222322_3791720961048729_2039966354640325121_n-1536x864.jpg 1536w, https:\/\/mycielewo.pl\/wp-content\/uploads\/2023\/11\/369222322_3791720961048729_2039966354640325121_n.jpg 2048w\" sizes=\"auto, (max-width: 300px) 100vw, 300px\" \/><\/a><\/figure>\n\n\n\n<figure class=\"wp-block-image size-large\"><a href=\"https:\/\/mycielewo.pl\/?attachment_id=39783\"><img loading=\"lazy\" decoding=\"async\" width=\"300\" height=\"169\" data-id=\"39783\" src=\"https:\/\/mycielewo.pl\/wp-content\/uploads\/2023\/11\/369595862_7255768517775326_130381686322678409_n-300x169.jpg\" alt=\"\" class=\"wp-image-39783\" srcset=\"https:\/\/mycielewo.pl\/wp-content\/uploads\/2023\/11\/369595862_7255768517775326_130381686322678409_n-300x169.jpg 300w, https:\/\/mycielewo.pl\/wp-content\/uploads\/2023\/11\/369595862_7255768517775326_130381686322678409_n-250x141.jpg 250w, https:\/\/mycielewo.pl\/wp-content\/uploads\/2023\/11\/369595862_7255768517775326_130381686322678409_n-768x432.jpg 768w, https:\/\/mycielewo.pl\/wp-content\/uploads\/2023\/11\/369595862_7255768517775326_130381686322678409_n-1536x864.jpg 1536w, https:\/\/mycielewo.pl\/wp-content\/uploads\/2023\/11\/369595862_7255768517775326_130381686322678409_n.jpg 2048w\" sizes=\"auto, (max-width: 300px) 100vw, 300px\" \/><\/a><\/figure>\n\n\n\n<figure class=\"wp-block-image size-large\"><a href=\"https:\/\/mycielewo.pl\/?attachment_id=39781\"><img loading=\"lazy\" decoding=\"async\" width=\"300\" height=\"169\" data-id=\"39781\" src=\"https:\/\/mycielewo.pl\/wp-content\/uploads\/2023\/11\/370090180_217743958013905_7190320915078102234_n-300x169.jpg\" alt=\"\" class=\"wp-image-39781\" srcset=\"https:\/\/mycielewo.pl\/wp-content\/uploads\/2023\/11\/370090180_217743958013905_7190320915078102234_n-300x169.jpg 300w, https:\/\/mycielewo.pl\/wp-content\/uploads\/2023\/11\/370090180_217743958013905_7190320915078102234_n-250x141.jpg 250w, https:\/\/mycielewo.pl\/wp-content\/uploads\/2023\/11\/370090180_217743958013905_7190320915078102234_n-768x432.jpg 768w, https:\/\/mycielewo.pl\/wp-content\/uploads\/2023\/11\/370090180_217743958013905_7190320915078102234_n-1536x864.jpg 1536w, https:\/\/mycielewo.pl\/wp-content\/uploads\/2023\/11\/370090180_217743958013905_7190320915078102234_n.jpg 2048w\" sizes=\"auto, (max-width: 300px) 100vw, 300px\" \/><\/a><\/figure>\n\n\n\n<figure class=\"wp-block-image size-large\"><a href=\"https:\/\/mycielewo.pl\/?attachment_id=39782\"><img loading=\"lazy\" decoding=\"async\" width=\"300\" height=\"169\" data-id=\"39782\" src=\"https:\/\/mycielewo.pl\/wp-content\/uploads\/2023\/11\/373491679_1433476097512758_6390370128918429215_n-300x169.jpg\" alt=\"\" class=\"wp-image-39782\" srcset=\"https:\/\/mycielewo.pl\/wp-content\/uploads\/2023\/11\/373491679_1433476097512758_6390370128918429215_n-300x169.jpg 300w, https:\/\/mycielewo.pl\/wp-content\/uploads\/2023\/11\/373491679_1433476097512758_6390370128918429215_n-250x141.jpg 250w, https:\/\/mycielewo.pl\/wp-content\/uploads\/2023\/11\/373491679_1433476097512758_6390370128918429215_n-768x432.jpg 768w, https:\/\/mycielewo.pl\/wp-content\/uploads\/2023\/11\/373491679_1433476097512758_6390370128918429215_n-1536x864.jpg 1536w, https:\/\/mycielewo.pl\/wp-content\/uploads\/2023\/11\/373491679_1433476097512758_6390370128918429215_n.jpg 2048w\" sizes=\"auto, (max-width: 300px) 100vw, 300px\" \/><\/a><\/figure>\n<\/figure>\n","protected":false},"excerpt":{"rendered":"<p>14 listopada obchodzony jest Dzie\u0144 Czystego Powietrza. Ju\u017c po raz trzeci Urz\u0105d Miejski &#8211; dok\u0142adnie Referat Edukacji, Promocji, Sportu i\u00a0Kultury oraz\u00a0Referat Rolnictwa, Ochrony \u015arodowiska i\u00a0Gospodarki Nieruchomo\u015bciami przy okazji tego dnia organizuj\u0105 akcj\u0119 maj\u0105c\u0105 na\u00a0celu propagowanie proekologicznych inicjatyw. Elementami towarzysz\u0105cymi wydarzeniu s\u0105 zawsze wcze\u015bniej og\u0142oszone konkursy. W tym roku by\u0142 to konkurs na\u00a0ekobaner &#8211; skierowany do&hellip; <a class=\"continue\" href=\"https:\/\/mycielewo.pl\/?p=39777\">Kontynuuj czytanie<span> Dzie\u0144 Czystego Powietrza po raz trzeci<\/span><\/a><\/p>\n","protected":false},"author":1,"featured_media":0,"comment_status":"open","ping_status":"open","sticky":false,"template":"","format":"standard","meta":{"footnotes":""},"categories":[1],"tags":[],"class_list":["post-39777","post","type-post","status-publish","format-standard","hentry","category-bez-kategorii"],"_links":{"self":[{"href":"https:\/\/mycielewo.pl\/index.php?rest_route=\/wp\/v2\/posts\/39777","targetHints":{"allow":["GET"]}}],"collection":[{"href":"https:\/\/mycielewo.pl\/index.php?rest_route=\/wp\/v2\/posts"}],"about":[{"href":"https:\/\/mycielewo.pl\/index.php?rest_route=\/wp\/v2\/types\/post"}],"author":[{"embeddable":true,"href":"https:\/\/mycielewo.pl\/index.php?rest_route=\/wp\/v2\/users\/1"}],"replies":[{"embeddable":true,"href":"https:\/\/mycielewo.pl\/index.php?rest_route=%2Fwp%2Fv2%2Fcomments&post=39777"}],"version-history":[{"count":2,"href":"https:\/\/mycielewo.pl\/index.php?rest_route=\/wp\/v2\/posts\/39777\/revisions"}],"predecessor-version":[{"id":39785,"href":"https:\/\/mycielewo.pl\/index.php?rest_route=\/wp\/v2\/posts\/39777\/revisions\/39785"}],"wp:attachment":[{"href":"https:\/\/mycielewo.pl\/index.php?rest_route=%2Fwp%2Fv2%2Fmedia&parent=39777"}],"wp:term":[{"taxonomy":"category","embeddable":true,"href":"https:\/\/mycielewo.pl\/index.php?rest_route=%2Fwp%2Fv2%2Fcategories&post=39777"},{"taxonomy":"post_tag","embeddable":true,"href":"https:\/\/mycielewo.pl\/index.php?rest_route=%2Fwp%2Fv2%2Ftags&post=39777"}],"curies":[{"name":"wp","href":"https:\/\/api.w.org\/{rel}","templated":true}]}}