{"id":39765,"date":"2023-11-20T08:16:10","date_gmt":"2023-11-20T08:16:10","guid":{"rendered":"http:\/\/www.mycielewo.pl\/?p=39765"},"modified":"2023-11-20T08:16:10","modified_gmt":"2023-11-20T08:16:10","slug":"pani-renata-gaj-kowalska-na-wstepie-zapoznala-uczniow-z-mapa-regionu-paluk","status":"publish","type":"post","link":"https:\/\/mycielewo.pl\/?p=39765","title":{"rendered":"Pani Renata Gaj-Kowalska na wst\u0119pie zapozna\u0142a uczni\u00f3w z map\u0105 regionu Pa\u0142uk"},"content":{"rendered":"\n<p><strong>17 listopada pierwszoklasi\u015bci go\u015bcili w swojej klasie pracownika Gminnego Centrum Kultury i Biblioteki w Kcyni i jednocze\u015bnie kierownika Zespo\u0142u Regionalnego \u201ePa\u0142uki\u201d. Pani Renata Gaj-Kowalska na wst\u0119pie zapozna\u0142a uczni\u00f3w z map\u0105 regionu Pa\u0142uk, wymieniaj\u0105c cztery g\u0142\u00f3wne miasta: Kcynia, Szubin, \u017bnin i W\u0105growiec. <\/strong><\/p>\n\n\n\n<p>Podczas zaj\u0119\u0107, dzieci dowiedzia\u0142y si\u0119 o dawnych zwyczajach, kultywowaniu tradycji haftu, muzyki, zdobnictwa oraz o lokalnej gwarze. Uczniowie mieli okazj\u0119 zobaczy\u0107 tradycyjny, dziewcz\u0119cy, str\u00f3j Pa\u0142ucki, a tak\u017ce zata\u0144czy\u0107 i za\u015bpiewa\u0107 pod czujnym okiem\u00a0profesjonalisty.<\/p>\n\n\n\n<p>Serdecznie dzi\u0119kujemy naszemu go\u015bciowi za przybli\u017cenie dzieciom historii i kultury regionu Pa\u0142uk.<\/p>\n\n\n\n<p class=\"has-text-align-right\"><em>Tekst i foto Beta Mrotek<\/em><\/p>\n\n\n\n<figure class=\"wp-block-gallery has-nested-images columns-5 is-cropped wp-block-gallery-2 is-layout-flex wp-block-gallery-is-layout-flex\">\n<figure class=\"wp-block-image size-large\"><a href=\"https:\/\/mycielewo.pl\/?attachment_id=39767\"><img loading=\"lazy\" decoding=\"async\" width=\"135\" height=\"300\" data-id=\"39767\" src=\"https:\/\/mycielewo.pl\/wp-content\/uploads\/2023\/11\/image001-7-135x300.jpg\" alt=\"\" class=\"wp-image-39767\" srcset=\"https:\/\/mycielewo.pl\/wp-content\/uploads\/2023\/11\/image001-7-135x300.jpg 135w, https:\/\/mycielewo.pl\/wp-content\/uploads\/2023\/11\/image001-7-113x250.jpg 113w, https:\/\/mycielewo.pl\/wp-content\/uploads\/2023\/11\/image001-7-768x1704.jpg 768w, https:\/\/mycielewo.pl\/wp-content\/uploads\/2023\/11\/image001-7-692x1536.jpg 692w, https:\/\/mycielewo.pl\/wp-content\/uploads\/2023\/11\/image001-7.jpg 923w\" sizes=\"auto, (max-width: 135px) 100vw, 135px\" \/><\/a><\/figure>\n\n\n\n<figure class=\"wp-block-image size-large\"><a href=\"https:\/\/mycielewo.pl\/?attachment_id=39766\"><img loading=\"lazy\" decoding=\"async\" width=\"300\" height=\"135\" data-id=\"39766\" src=\"https:\/\/mycielewo.pl\/wp-content\/uploads\/2023\/11\/image002-7-300x135.jpg\" alt=\"\" class=\"wp-image-39766\" srcset=\"https:\/\/mycielewo.pl\/wp-content\/uploads\/2023\/11\/image002-7-300x135.jpg 300w, https:\/\/mycielewo.pl\/wp-content\/uploads\/2023\/11\/image002-7-250x113.jpg 250w, https:\/\/mycielewo.pl\/wp-content\/uploads\/2023\/11\/image002-7-768x346.jpg 768w, https:\/\/mycielewo.pl\/wp-content\/uploads\/2023\/11\/image002-7-1536x692.jpg 1536w, https:\/\/mycielewo.pl\/wp-content\/uploads\/2023\/11\/image002-7.jpg 2048w\" sizes=\"auto, (max-width: 300px) 100vw, 300px\" \/><\/a><\/figure>\n\n\n\n<figure class=\"wp-block-image size-large\"><a href=\"https:\/\/mycielewo.pl\/?attachment_id=39768\"><img loading=\"lazy\" decoding=\"async\" width=\"135\" height=\"300\" data-id=\"39768\" src=\"https:\/\/mycielewo.pl\/wp-content\/uploads\/2023\/11\/image003-7-135x300.jpg\" alt=\"\" class=\"wp-image-39768\" srcset=\"https:\/\/mycielewo.pl\/wp-content\/uploads\/2023\/11\/image003-7-135x300.jpg 135w, https:\/\/mycielewo.pl\/wp-content\/uploads\/2023\/11\/image003-7-113x250.jpg 113w, https:\/\/mycielewo.pl\/wp-content\/uploads\/2023\/11\/image003-7-768x1704.jpg 768w, https:\/\/mycielewo.pl\/wp-content\/uploads\/2023\/11\/image003-7-692x1536.jpg 692w, https:\/\/mycielewo.pl\/wp-content\/uploads\/2023\/11\/image003-7.jpg 923w\" sizes=\"auto, (max-width: 135px) 100vw, 135px\" \/><\/a><\/figure>\n\n\n\n<figure class=\"wp-block-image size-large\"><a href=\"https:\/\/mycielewo.pl\/?attachment_id=39769\"><img loading=\"lazy\" decoding=\"async\" width=\"135\" height=\"300\" data-id=\"39769\" src=\"https:\/\/mycielewo.pl\/wp-content\/uploads\/2023\/11\/image004-6-135x300.jpg\" alt=\"\" class=\"wp-image-39769\" srcset=\"https:\/\/mycielewo.pl\/wp-content\/uploads\/2023\/11\/image004-6-135x300.jpg 135w, https:\/\/mycielewo.pl\/wp-content\/uploads\/2023\/11\/image004-6-113x250.jpg 113w, https:\/\/mycielewo.pl\/wp-content\/uploads\/2023\/11\/image004-6-768x1704.jpg 768w, https:\/\/mycielewo.pl\/wp-content\/uploads\/2023\/11\/image004-6-692x1536.jpg 692w, https:\/\/mycielewo.pl\/wp-content\/uploads\/2023\/11\/image004-6.jpg 923w\" sizes=\"auto, (max-width: 135px) 100vw, 135px\" \/><\/a><\/figure>\n\n\n\n<figure class=\"wp-block-image size-large\"><a href=\"https:\/\/mycielewo.pl\/?attachment_id=39770\"><img loading=\"lazy\" decoding=\"async\" width=\"135\" height=\"300\" data-id=\"39770\" src=\"https:\/\/mycielewo.pl\/wp-content\/uploads\/2023\/11\/image005-6-135x300.jpg\" alt=\"\" class=\"wp-image-39770\" srcset=\"https:\/\/mycielewo.pl\/wp-content\/uploads\/2023\/11\/image005-6-135x300.jpg 135w, https:\/\/mycielewo.pl\/wp-content\/uploads\/2023\/11\/image005-6-113x250.jpg 113w, https:\/\/mycielewo.pl\/wp-content\/uploads\/2023\/11\/image005-6-768x1704.jpg 768w, https:\/\/mycielewo.pl\/wp-content\/uploads\/2023\/11\/image005-6-692x1536.jpg 692w, https:\/\/mycielewo.pl\/wp-content\/uploads\/2023\/11\/image005-6.jpg 923w\" sizes=\"auto, (max-width: 135px) 100vw, 135px\" \/><\/a><\/figure>\n\n\n\n<figure class=\"wp-block-image size-large\"><a href=\"https:\/\/mycielewo.pl\/?attachment_id=39771\"><img loading=\"lazy\" decoding=\"async\" width=\"135\" height=\"300\" data-id=\"39771\" src=\"https:\/\/mycielewo.pl\/wp-content\/uploads\/2023\/11\/image006-6-135x300.jpg\" alt=\"\" class=\"wp-image-39771\" srcset=\"https:\/\/mycielewo.pl\/wp-content\/uploads\/2023\/11\/image006-6-135x300.jpg 135w, https:\/\/mycielewo.pl\/wp-content\/uploads\/2023\/11\/image006-6-113x250.jpg 113w, https:\/\/mycielewo.pl\/wp-content\/uploads\/2023\/11\/image006-6-768x1704.jpg 768w, https:\/\/mycielewo.pl\/wp-content\/uploads\/2023\/11\/image006-6-692x1536.jpg 692w, https:\/\/mycielewo.pl\/wp-content\/uploads\/2023\/11\/image006-6.jpg 923w\" sizes=\"auto, (max-width: 135px) 100vw, 135px\" \/><\/a><\/figure>\n\n\n\n<figure class=\"wp-block-image size-large\"><a href=\"https:\/\/mycielewo.pl\/?attachment_id=39772\"><img loading=\"lazy\" decoding=\"async\" width=\"300\" height=\"135\" data-id=\"39772\" src=\"https:\/\/mycielewo.pl\/wp-content\/uploads\/2023\/11\/image007-6-300x135.jpg\" alt=\"\" class=\"wp-image-39772\" srcset=\"https:\/\/mycielewo.pl\/wp-content\/uploads\/2023\/11\/image007-6-300x135.jpg 300w, https:\/\/mycielewo.pl\/wp-content\/uploads\/2023\/11\/image007-6-250x113.jpg 250w, https:\/\/mycielewo.pl\/wp-content\/uploads\/2023\/11\/image007-6-768x346.jpg 768w, https:\/\/mycielewo.pl\/wp-content\/uploads\/2023\/11\/image007-6-1536x692.jpg 1536w, https:\/\/mycielewo.pl\/wp-content\/uploads\/2023\/11\/image007-6.jpg 2048w\" sizes=\"auto, (max-width: 300px) 100vw, 300px\" \/><\/a><\/figure>\n\n\n\n<figure class=\"wp-block-image size-large\"><a href=\"https:\/\/mycielewo.pl\/?attachment_id=39773\"><img loading=\"lazy\" decoding=\"async\" width=\"300\" height=\"135\" data-id=\"39773\" src=\"https:\/\/mycielewo.pl\/wp-content\/uploads\/2023\/11\/image008-6-300x135.jpg\" alt=\"\" class=\"wp-image-39773\" srcset=\"https:\/\/mycielewo.pl\/wp-content\/uploads\/2023\/11\/image008-6-300x135.jpg 300w, https:\/\/mycielewo.pl\/wp-content\/uploads\/2023\/11\/image008-6-250x113.jpg 250w, https:\/\/mycielewo.pl\/wp-content\/uploads\/2023\/11\/image008-6-768x346.jpg 768w, https:\/\/mycielewo.pl\/wp-content\/uploads\/2023\/11\/image008-6-1536x692.jpg 1536w, https:\/\/mycielewo.pl\/wp-content\/uploads\/2023\/11\/image008-6.jpg 2048w\" sizes=\"auto, (max-width: 300px) 100vw, 300px\" \/><\/a><\/figure>\n\n\n\n<figure class=\"wp-block-image size-large\"><a href=\"https:\/\/mycielewo.pl\/?attachment_id=39774\"><img loading=\"lazy\" decoding=\"async\" width=\"300\" height=\"206\" data-id=\"39774\" src=\"https:\/\/mycielewo.pl\/wp-content\/uploads\/2023\/11\/image009-5-300x206.jpg\" alt=\"\" class=\"wp-image-39774\" srcset=\"https:\/\/mycielewo.pl\/wp-content\/uploads\/2023\/11\/image009-5-300x206.jpg 300w, https:\/\/mycielewo.pl\/wp-content\/uploads\/2023\/11\/image009-5-250x172.jpg 250w, https:\/\/mycielewo.pl\/wp-content\/uploads\/2023\/11\/image009-5-768x527.jpg 768w, https:\/\/mycielewo.pl\/wp-content\/uploads\/2023\/11\/image009-5-1536x1055.jpg 1536w, https:\/\/mycielewo.pl\/wp-content\/uploads\/2023\/11\/image009-5.jpg 2048w\" sizes=\"auto, (max-width: 300px) 100vw, 300px\" \/><\/a><\/figure>\n\n\n\n<figure class=\"wp-block-image size-large\"><a href=\"https:\/\/mycielewo.pl\/?attachment_id=39775\"><img loading=\"lazy\" decoding=\"async\" width=\"135\" height=\"300\" data-id=\"39775\" src=\"https:\/\/mycielewo.pl\/wp-content\/uploads\/2023\/11\/image010-5-135x300.jpg\" alt=\"\" class=\"wp-image-39775\" srcset=\"https:\/\/mycielewo.pl\/wp-content\/uploads\/2023\/11\/image010-5-135x300.jpg 135w, https:\/\/mycielewo.pl\/wp-content\/uploads\/2023\/11\/image010-5-113x250.jpg 113w, https:\/\/mycielewo.pl\/wp-content\/uploads\/2023\/11\/image010-5-768x1704.jpg 768w, https:\/\/mycielewo.pl\/wp-content\/uploads\/2023\/11\/image010-5-692x1536.jpg 692w, https:\/\/mycielewo.pl\/wp-content\/uploads\/2023\/11\/image010-5.jpg 923w\" sizes=\"auto, (max-width: 135px) 100vw, 135px\" \/><\/a><\/figure>\n<\/figure>\n","protected":false},"excerpt":{"rendered":"<p>17 listopada pierwszoklasi\u015bci go\u015bcili w swojej klasie pracownika Gminnego Centrum Kultury i Biblioteki w Kcyni i jednocze\u015bnie kierownika Zespo\u0142u Regionalnego \u201ePa\u0142uki\u201d. Pani Renata Gaj-Kowalska na wst\u0119pie zapozna\u0142a uczni\u00f3w z map\u0105 regionu Pa\u0142uk, wymieniaj\u0105c cztery g\u0142\u00f3wne miasta: Kcynia, Szubin, \u017bnin i W\u0105growiec. Podczas zaj\u0119\u0107, dzieci dowiedzia\u0142y si\u0119 o dawnych zwyczajach, kultywowaniu tradycji haftu, muzyki, zdobnictwa oraz&hellip; <a class=\"continue\" href=\"https:\/\/mycielewo.pl\/?p=39765\">Kontynuuj czytanie<span> Pani Renata Gaj-Kowalska na wst\u0119pie zapozna\u0142a uczni\u00f3w z map\u0105 regionu Pa\u0142uk<\/span><\/a><\/p>\n","protected":false},"author":1,"featured_media":0,"comment_status":"open","ping_status":"open","sticky":false,"template":"","format":"standard","meta":{"footnotes":""},"categories":[1],"tags":[],"class_list":["post-39765","post","type-post","status-publish","format-standard","hentry","category-bez-kategorii"],"_links":{"self":[{"href":"https:\/\/mycielewo.pl\/index.php?rest_route=\/wp\/v2\/posts\/39765","targetHints":{"allow":["GET"]}}],"collection":[{"href":"https:\/\/mycielewo.pl\/index.php?rest_route=\/wp\/v2\/posts"}],"about":[{"href":"https:\/\/mycielewo.pl\/index.php?rest_route=\/wp\/v2\/types\/post"}],"author":[{"embeddable":true,"href":"https:\/\/mycielewo.pl\/index.php?rest_route=\/wp\/v2\/users\/1"}],"replies":[{"embeddable":true,"href":"https:\/\/mycielewo.pl\/index.php?rest_route=%2Fwp%2Fv2%2Fcomments&post=39765"}],"version-history":[{"count":1,"href":"https:\/\/mycielewo.pl\/index.php?rest_route=\/wp\/v2\/posts\/39765\/revisions"}],"predecessor-version":[{"id":39776,"href":"https:\/\/mycielewo.pl\/index.php?rest_route=\/wp\/v2\/posts\/39765\/revisions\/39776"}],"wp:attachment":[{"href":"https:\/\/mycielewo.pl\/index.php?rest_route=%2Fwp%2Fv2%2Fmedia&parent=39765"}],"wp:term":[{"taxonomy":"category","embeddable":true,"href":"https:\/\/mycielewo.pl\/index.php?rest_route=%2Fwp%2Fv2%2Fcategories&post=39765"},{"taxonomy":"post_tag","embeddable":true,"href":"https:\/\/mycielewo.pl\/index.php?rest_route=%2Fwp%2Fv2%2Ftags&post=39765"}],"curies":[{"name":"wp","href":"https:\/\/api.w.org\/{rel}","templated":true}]}}