{"id":39456,"date":"2023-11-08T10:54:12","date_gmt":"2023-11-08T10:54:12","guid":{"rendered":"http:\/\/www.mycielewo.pl\/?p=39456"},"modified":"2023-11-08T10:56:01","modified_gmt":"2023-11-08T10:56:01","slug":"pokaz-mody-w-szostej-klasie","status":"publish","type":"post","link":"https:\/\/mycielewo.pl\/?p=39456","title":{"rendered":"Pokaz mody w sz\u00f3stej klasie"},"content":{"rendered":"\n<p><strong>Teatr, imieniny, akademia szkolna, mecz pi\u0142ki no\u017cnej, lekcje w szkole, praca &#8211; jak dobra\u0107 odpowiedni str\u00f3j do danej sytuacji? Wszyscy codziennie podejmujemy decyzj\u0119 o tym, jak si\u0119 ubra\u0107. W klasie sz\u00f3stej, podczas godziny wychowawczej odby\u0142 si\u0119 pokaz mody. <\/strong><\/p>\n\n\n\n<p>By\u0142 on okazj\u0105 do rozmowy na temat w\u0142a\u015bciwego doboru stroju i poznania zasad savoir vivre\u2019u z tym zwi\u0105zanego. Stosowny str\u00f3j dotyczy nas wszystkich, \u015bwiadczy o naszej kulturze osobistej, jest tak\u017ce wyrazem szacunku dla innych os\u00f3b.<\/p>\n\n\n\n<p class=\"has-text-align-right\"><em>M. Borzych<\/em><\/p>\n\n\n\n<figure class=\"wp-block-gallery has-nested-images columns-8 is-cropped wp-block-gallery-2 is-layout-flex wp-block-gallery-is-layout-flex\">\n<figure class=\"wp-block-image size-large\"><a href=\"https:\/\/mycielewo.pl\/?attachment_id=39458\"><img loading=\"lazy\" decoding=\"async\" width=\"300\" height=\"225\" data-id=\"39458\" src=\"https:\/\/mycielewo.pl\/wp-content\/uploads\/2023\/11\/image001-2-300x225.jpg\" alt=\"\" class=\"wp-image-39458\" srcset=\"https:\/\/mycielewo.pl\/wp-content\/uploads\/2023\/11\/image001-2-300x225.jpg 300w, https:\/\/mycielewo.pl\/wp-content\/uploads\/2023\/11\/image001-2-250x188.jpg 250w, https:\/\/mycielewo.pl\/wp-content\/uploads\/2023\/11\/image001-2-768x576.jpg 768w, https:\/\/mycielewo.pl\/wp-content\/uploads\/2023\/11\/image001-2.jpg 1200w\" sizes=\"auto, (max-width: 300px) 100vw, 300px\" \/><\/a><\/figure>\n\n\n\n<figure class=\"wp-block-image size-large\"><a href=\"https:\/\/mycielewo.pl\/?attachment_id=39459\"><img loading=\"lazy\" decoding=\"async\" width=\"225\" height=\"300\" data-id=\"39459\" src=\"https:\/\/mycielewo.pl\/wp-content\/uploads\/2023\/11\/image002-2-225x300.jpg\" alt=\"\" class=\"wp-image-39459\" srcset=\"https:\/\/mycielewo.pl\/wp-content\/uploads\/2023\/11\/image002-2-225x300.jpg 225w, https:\/\/mycielewo.pl\/wp-content\/uploads\/2023\/11\/image002-2-188x250.jpg 188w, https:\/\/mycielewo.pl\/wp-content\/uploads\/2023\/11\/image002-2-768x1024.jpg 768w, https:\/\/mycielewo.pl\/wp-content\/uploads\/2023\/11\/image002-2.jpg 900w\" sizes=\"auto, (max-width: 225px) 100vw, 225px\" \/><\/a><\/figure>\n\n\n\n<figure class=\"wp-block-image size-large\"><a href=\"https:\/\/mycielewo.pl\/?attachment_id=39460\"><img loading=\"lazy\" decoding=\"async\" width=\"225\" height=\"300\" data-id=\"39460\" src=\"https:\/\/mycielewo.pl\/wp-content\/uploads\/2023\/11\/image003-2-225x300.jpg\" alt=\"\" class=\"wp-image-39460\" srcset=\"https:\/\/mycielewo.pl\/wp-content\/uploads\/2023\/11\/image003-2-225x300.jpg 225w, https:\/\/mycielewo.pl\/wp-content\/uploads\/2023\/11\/image003-2-188x250.jpg 188w, https:\/\/mycielewo.pl\/wp-content\/uploads\/2023\/11\/image003-2-768x1024.jpg 768w, https:\/\/mycielewo.pl\/wp-content\/uploads\/2023\/11\/image003-2.jpg 900w\" sizes=\"auto, (max-width: 225px) 100vw, 225px\" \/><\/a><\/figure>\n\n\n\n<figure class=\"wp-block-image size-large\"><a href=\"https:\/\/mycielewo.pl\/?attachment_id=39461\"><img loading=\"lazy\" decoding=\"async\" width=\"225\" height=\"300\" data-id=\"39461\" src=\"https:\/\/mycielewo.pl\/wp-content\/uploads\/2023\/11\/image004-1-225x300.jpg\" alt=\"\" class=\"wp-image-39461\" srcset=\"https:\/\/mycielewo.pl\/wp-content\/uploads\/2023\/11\/image004-1-225x300.jpg 225w, https:\/\/mycielewo.pl\/wp-content\/uploads\/2023\/11\/image004-1-188x250.jpg 188w, https:\/\/mycielewo.pl\/wp-content\/uploads\/2023\/11\/image004-1-768x1024.jpg 768w, https:\/\/mycielewo.pl\/wp-content\/uploads\/2023\/11\/image004-1.jpg 900w\" sizes=\"auto, (max-width: 225px) 100vw, 225px\" \/><\/a><\/figure>\n\n\n\n<figure class=\"wp-block-image size-large\"><a href=\"https:\/\/mycielewo.pl\/?attachment_id=39462\"><img loading=\"lazy\" decoding=\"async\" width=\"225\" height=\"300\" data-id=\"39462\" src=\"https:\/\/mycielewo.pl\/wp-content\/uploads\/2023\/11\/image005-1-225x300.jpg\" alt=\"\" class=\"wp-image-39462\" srcset=\"https:\/\/mycielewo.pl\/wp-content\/uploads\/2023\/11\/image005-1-225x300.jpg 225w, https:\/\/mycielewo.pl\/wp-content\/uploads\/2023\/11\/image005-1-188x250.jpg 188w, https:\/\/mycielewo.pl\/wp-content\/uploads\/2023\/11\/image005-1-768x1024.jpg 768w, https:\/\/mycielewo.pl\/wp-content\/uploads\/2023\/11\/image005-1.jpg 900w\" sizes=\"auto, (max-width: 225px) 100vw, 225px\" \/><\/a><\/figure>\n\n\n\n<figure class=\"wp-block-image size-large\"><a href=\"https:\/\/mycielewo.pl\/?attachment_id=39463\"><img loading=\"lazy\" decoding=\"async\" width=\"225\" height=\"300\" data-id=\"39463\" src=\"https:\/\/mycielewo.pl\/wp-content\/uploads\/2023\/11\/image006-1-225x300.jpg\" alt=\"\" class=\"wp-image-39463\" srcset=\"https:\/\/mycielewo.pl\/wp-content\/uploads\/2023\/11\/image006-1-225x300.jpg 225w, https:\/\/mycielewo.pl\/wp-content\/uploads\/2023\/11\/image006-1-188x250.jpg 188w, https:\/\/mycielewo.pl\/wp-content\/uploads\/2023\/11\/image006-1-768x1024.jpg 768w, https:\/\/mycielewo.pl\/wp-content\/uploads\/2023\/11\/image006-1.jpg 900w\" sizes=\"auto, (max-width: 225px) 100vw, 225px\" \/><\/a><\/figure>\n\n\n\n<figure class=\"wp-block-image size-large\"><a href=\"https:\/\/mycielewo.pl\/?attachment_id=39464\"><img loading=\"lazy\" decoding=\"async\" width=\"225\" height=\"300\" data-id=\"39464\" src=\"https:\/\/mycielewo.pl\/wp-content\/uploads\/2023\/11\/image007-1-225x300.jpg\" alt=\"\" class=\"wp-image-39464\" srcset=\"https:\/\/mycielewo.pl\/wp-content\/uploads\/2023\/11\/image007-1-225x300.jpg 225w, https:\/\/mycielewo.pl\/wp-content\/uploads\/2023\/11\/image007-1-188x250.jpg 188w, https:\/\/mycielewo.pl\/wp-content\/uploads\/2023\/11\/image007-1-768x1024.jpg 768w, https:\/\/mycielewo.pl\/wp-content\/uploads\/2023\/11\/image007-1.jpg 900w\" sizes=\"auto, (max-width: 225px) 100vw, 225px\" \/><\/a><\/figure>\n\n\n\n<figure class=\"wp-block-image size-large\"><a href=\"https:\/\/mycielewo.pl\/?attachment_id=39465\"><img loading=\"lazy\" decoding=\"async\" width=\"225\" height=\"300\" data-id=\"39465\" src=\"https:\/\/mycielewo.pl\/wp-content\/uploads\/2023\/11\/image008-1-225x300.jpg\" alt=\"\" class=\"wp-image-39465\" srcset=\"https:\/\/mycielewo.pl\/wp-content\/uploads\/2023\/11\/image008-1-225x300.jpg 225w, https:\/\/mycielewo.pl\/wp-content\/uploads\/2023\/11\/image008-1-188x250.jpg 188w, https:\/\/mycielewo.pl\/wp-content\/uploads\/2023\/11\/image008-1-768x1024.jpg 768w, https:\/\/mycielewo.pl\/wp-content\/uploads\/2023\/11\/image008-1.jpg 900w\" sizes=\"auto, (max-width: 225px) 100vw, 225px\" \/><\/a><\/figure>\n<\/figure>\n","protected":false},"excerpt":{"rendered":"<p>Teatr, imieniny, akademia szkolna, mecz pi\u0142ki no\u017cnej, lekcje w szkole, praca &#8211; jak dobra\u0107 odpowiedni str\u00f3j do danej sytuacji? Wszyscy codziennie podejmujemy decyzj\u0119 o tym, jak si\u0119 ubra\u0107. W klasie sz\u00f3stej, podczas godziny wychowawczej odby\u0142 si\u0119 pokaz mody. By\u0142 on okazj\u0105 do rozmowy na temat w\u0142a\u015bciwego doboru stroju i poznania zasad savoir vivre\u2019u z tym&hellip; <a class=\"continue\" href=\"https:\/\/mycielewo.pl\/?p=39456\">Kontynuuj czytanie<span> Pokaz mody w sz\u00f3stej klasie<\/span><\/a><\/p>\n","protected":false},"author":1,"featured_media":0,"comment_status":"open","ping_status":"open","sticky":false,"template":"","format":"standard","meta":{"footnotes":""},"categories":[1],"tags":[],"class_list":["post-39456","post","type-post","status-publish","format-standard","hentry","category-bez-kategorii"],"_links":{"self":[{"href":"https:\/\/mycielewo.pl\/index.php?rest_route=\/wp\/v2\/posts\/39456","targetHints":{"allow":["GET"]}}],"collection":[{"href":"https:\/\/mycielewo.pl\/index.php?rest_route=\/wp\/v2\/posts"}],"about":[{"href":"https:\/\/mycielewo.pl\/index.php?rest_route=\/wp\/v2\/types\/post"}],"author":[{"embeddable":true,"href":"https:\/\/mycielewo.pl\/index.php?rest_route=\/wp\/v2\/users\/1"}],"replies":[{"embeddable":true,"href":"https:\/\/mycielewo.pl\/index.php?rest_route=%2Fwp%2Fv2%2Fcomments&post=39456"}],"version-history":[{"count":2,"href":"https:\/\/mycielewo.pl\/index.php?rest_route=\/wp\/v2\/posts\/39456\/revisions"}],"predecessor-version":[{"id":39466,"href":"https:\/\/mycielewo.pl\/index.php?rest_route=\/wp\/v2\/posts\/39456\/revisions\/39466"}],"wp:attachment":[{"href":"https:\/\/mycielewo.pl\/index.php?rest_route=%2Fwp%2Fv2%2Fmedia&parent=39456"}],"wp:term":[{"taxonomy":"category","embeddable":true,"href":"https:\/\/mycielewo.pl\/index.php?rest_route=%2Fwp%2Fv2%2Fcategories&post=39456"},{"taxonomy":"post_tag","embeddable":true,"href":"https:\/\/mycielewo.pl\/index.php?rest_route=%2Fwp%2Fv2%2Ftags&post=39456"}],"curies":[{"name":"wp","href":"https:\/\/api.w.org\/{rel}","templated":true}]}}