{"id":39278,"date":"2023-10-27T08:20:00","date_gmt":"2023-10-27T08:20:00","guid":{"rendered":"http:\/\/www.mycielewo.pl\/?p=39278"},"modified":"2023-10-27T14:32:12","modified_gmt":"2023-10-27T14:32:12","slug":"edukacja-muzyczna","status":"publish","type":"post","link":"https:\/\/mycielewo.pl\/?p=39278","title":{"rendered":"Edukacja muzyczna"},"content":{"rendered":"\n<p><strong>Samorz\u0105d Uczniowski z opiekunem p. Agnieszk\u0105 Chojnack\u0105 jest pomys\u0142odawc\u0105  edukacji muzycznej podczas przerw, kt\u00f3re przerodzi\u0142y si\u0119 w przerwy taneczne. Zacz\u0119li\u015bmy od dzisiaj. <\/strong><\/p>\n\n\n\n<p>Podczas przerw  rozbrzmiewa\u0142a taneczna muzyka. Okaza\u0142o si\u0119, \u017ce to by\u0142 strza\u0142 w dziesi\u0105tk\u0119, bo uczniowie \u015bwietnie si\u0119 bawili i nawet zaprosili do zabawy nauczycieli. Brawo Samorz\u0105d Uczniowski!<\/p>\n\n\n\n<p class=\"has-text-align-right\"><em>Katarzyna Walasiewicz<\/em><\/p>\n\n\n\n<figure class=\"wp-block-gallery has-nested-images columns-default wp-block-gallery-2 is-layout-flex wp-block-gallery-is-layout-flex\">\n<figure class=\"wp-block-image size-medium\"><a href=\"https:\/\/mycielewo.pl\/?attachment_id=39286\"><img loading=\"lazy\" decoding=\"async\" width=\"118\" height=\"250\" data-id=\"39286\" src=\"https:\/\/mycielewo.pl\/wp-content\/uploads\/2023\/10\/370269965_1491891934991516_7199348638496565563_n-1-118x250.jpg\" alt=\"\" class=\"wp-image-39286\" srcset=\"https:\/\/mycielewo.pl\/wp-content\/uploads\/2023\/10\/370269965_1491891934991516_7199348638496565563_n-1-118x250.jpg 118w, https:\/\/mycielewo.pl\/wp-content\/uploads\/2023\/10\/370269965_1491891934991516_7199348638496565563_n-1-142x300.jpg 142w, https:\/\/mycielewo.pl\/wp-content\/uploads\/2023\/10\/370269965_1491891934991516_7199348638496565563_n-1-768x1623.jpg 768w, https:\/\/mycielewo.pl\/wp-content\/uploads\/2023\/10\/370269965_1491891934991516_7199348638496565563_n-1-727x1536.jpg 727w, https:\/\/mycielewo.pl\/wp-content\/uploads\/2023\/10\/370269965_1491891934991516_7199348638496565563_n-1.jpg 954w\" sizes=\"auto, (max-width: 118px) 100vw, 118px\" \/><\/a><\/figure>\n\n\n\n<figure class=\"wp-block-image size-medium\"><a href=\"https:\/\/mycielewo.pl\/?attachment_id=39287\"><img loading=\"lazy\" decoding=\"async\" width=\"118\" height=\"250\" data-id=\"39287\" src=\"https:\/\/mycielewo.pl\/wp-content\/uploads\/2023\/10\/395908480_1031825591490780_8851344416902312851_n-118x250.jpg\" alt=\"\" class=\"wp-image-39287\" srcset=\"https:\/\/mycielewo.pl\/wp-content\/uploads\/2023\/10\/395908480_1031825591490780_8851344416902312851_n-118x250.jpg 118w, https:\/\/mycielewo.pl\/wp-content\/uploads\/2023\/10\/395908480_1031825591490780_8851344416902312851_n-142x300.jpg 142w, https:\/\/mycielewo.pl\/wp-content\/uploads\/2023\/10\/395908480_1031825591490780_8851344416902312851_n-768x1623.jpg 768w, https:\/\/mycielewo.pl\/wp-content\/uploads\/2023\/10\/395908480_1031825591490780_8851344416902312851_n-727x1536.jpg 727w, https:\/\/mycielewo.pl\/wp-content\/uploads\/2023\/10\/395908480_1031825591490780_8851344416902312851_n.jpg 954w\" sizes=\"auto, (max-width: 118px) 100vw, 118px\" \/><\/a><\/figure>\n<\/figure>\n","protected":false},"excerpt":{"rendered":"<p>Samorz\u0105d Uczniowski z opiekunem p. Agnieszk\u0105 Chojnack\u0105 jest pomys\u0142odawc\u0105 edukacji muzycznej podczas przerw, kt\u00f3re przerodzi\u0142y si\u0119 w przerwy taneczne. Zacz\u0119li\u015bmy od dzisiaj. Podczas przerw rozbrzmiewa\u0142a taneczna muzyka. Okaza\u0142o si\u0119, \u017ce to by\u0142 strza\u0142 w dziesi\u0105tk\u0119, bo uczniowie \u015bwietnie si\u0119 bawili i nawet zaprosili do zabawy nauczycieli. Brawo Samorz\u0105d Uczniowski! Katarzyna Walasiewicz<\/p>\n","protected":false},"author":4,"featured_media":0,"comment_status":"open","ping_status":"open","sticky":false,"template":"","format":"standard","meta":{"footnotes":""},"categories":[1],"tags":[],"class_list":["post-39278","post","type-post","status-publish","format-standard","hentry","category-bez-kategorii"],"_links":{"self":[{"href":"https:\/\/mycielewo.pl\/index.php?rest_route=\/wp\/v2\/posts\/39278","targetHints":{"allow":["GET"]}}],"collection":[{"href":"https:\/\/mycielewo.pl\/index.php?rest_route=\/wp\/v2\/posts"}],"about":[{"href":"https:\/\/mycielewo.pl\/index.php?rest_route=\/wp\/v2\/types\/post"}],"author":[{"embeddable":true,"href":"https:\/\/mycielewo.pl\/index.php?rest_route=\/wp\/v2\/users\/4"}],"replies":[{"embeddable":true,"href":"https:\/\/mycielewo.pl\/index.php?rest_route=%2Fwp%2Fv2%2Fcomments&post=39278"}],"version-history":[{"count":4,"href":"https:\/\/mycielewo.pl\/index.php?rest_route=\/wp\/v2\/posts\/39278\/revisions"}],"predecessor-version":[{"id":39288,"href":"https:\/\/mycielewo.pl\/index.php?rest_route=\/wp\/v2\/posts\/39278\/revisions\/39288"}],"wp:attachment":[{"href":"https:\/\/mycielewo.pl\/index.php?rest_route=%2Fwp%2Fv2%2Fmedia&parent=39278"}],"wp:term":[{"taxonomy":"category","embeddable":true,"href":"https:\/\/mycielewo.pl\/index.php?rest_route=%2Fwp%2Fv2%2Fcategories&post=39278"},{"taxonomy":"post_tag","embeddable":true,"href":"https:\/\/mycielewo.pl\/index.php?rest_route=%2Fwp%2Fv2%2Ftags&post=39278"}],"curies":[{"name":"wp","href":"https:\/\/api.w.org\/{rel}","templated":true}]}}