{"id":39276,"date":"2023-10-27T10:41:49","date_gmt":"2023-10-27T10:41:49","guid":{"rendered":"http:\/\/www.mycielewo.pl\/?p=39276"},"modified":"2023-10-27T14:32:34","modified_gmt":"2023-10-27T14:32:34","slug":"uwaga-komunikat-2","status":"publish","type":"post","link":"https:\/\/mycielewo.pl\/?p=39276","title":{"rendered":"Uwaga! Komunikat"},"content":{"rendered":"\n<p class=\"has-vivid-red-color has-text-color\">Zgodnie z kalendarzem szkolnym <strong>31 pa\u017adziernika 2023 r. jest dniem wolnym od zaj\u0119\u0107 dydaktycznych<\/strong>.  Nie ma lekcji. Widzimy si\u0119 w szkole 2 listopada.<\/p>\n\n\n\n<p class=\"has-vivid-red-color has-text-color\">31 pa\u017adziernika w szkole zorganizowane b\u0119d\u0105  zaj\u0119cia opieku\u0144cze. Je\u015bli istnieje w tym dniu  potrzeba opieki nad dzieckiem, prosimy, \u017ceby rodzice zg\u0142osili to do wychowawc\u00f3w klas.<\/p>\n\n\n\n<p>   <\/p>\n","protected":false},"excerpt":{"rendered":"<p>Zgodnie z kalendarzem szkolnym 31 pa\u017adziernika 2023 r. jest dniem wolnym od zaj\u0119\u0107 dydaktycznych. Nie ma lekcji. Widzimy si\u0119 w szkole 2 listopada. 31 pa\u017adziernika w szkole zorganizowane b\u0119d\u0105 zaj\u0119cia opieku\u0144cze. Je\u015bli istnieje w tym dniu potrzeba opieki nad dzieckiem, prosimy, \u017ceby rodzice zg\u0142osili to do wychowawc\u00f3w klas.<\/p>\n","protected":false},"author":4,"featured_media":0,"comment_status":"open","ping_status":"open","sticky":false,"template":"","format":"standard","meta":{"footnotes":""},"categories":[1],"tags":[],"class_list":["post-39276","post","type-post","status-publish","format-standard","hentry","category-bez-kategorii"],"_links":{"self":[{"href":"https:\/\/mycielewo.pl\/index.php?rest_route=\/wp\/v2\/posts\/39276","targetHints":{"allow":["GET"]}}],"collection":[{"href":"https:\/\/mycielewo.pl\/index.php?rest_route=\/wp\/v2\/posts"}],"about":[{"href":"https:\/\/mycielewo.pl\/index.php?rest_route=\/wp\/v2\/types\/post"}],"author":[{"embeddable":true,"href":"https:\/\/mycielewo.pl\/index.php?rest_route=\/wp\/v2\/users\/4"}],"replies":[{"embeddable":true,"href":"https:\/\/mycielewo.pl\/index.php?rest_route=%2Fwp%2Fv2%2Fcomments&post=39276"}],"version-history":[{"count":4,"href":"https:\/\/mycielewo.pl\/index.php?rest_route=\/wp\/v2\/posts\/39276\/revisions"}],"predecessor-version":[{"id":39289,"href":"https:\/\/mycielewo.pl\/index.php?rest_route=\/wp\/v2\/posts\/39276\/revisions\/39289"}],"wp:attachment":[{"href":"https:\/\/mycielewo.pl\/index.php?rest_route=%2Fwp%2Fv2%2Fmedia&parent=39276"}],"wp:term":[{"taxonomy":"category","embeddable":true,"href":"https:\/\/mycielewo.pl\/index.php?rest_route=%2Fwp%2Fv2%2Fcategories&post=39276"},{"taxonomy":"post_tag","embeddable":true,"href":"https:\/\/mycielewo.pl\/index.php?rest_route=%2Fwp%2Fv2%2Ftags&post=39276"}],"curies":[{"name":"wp","href":"https:\/\/api.w.org\/{rel}","templated":true}]}}