{"id":39267,"date":"2023-10-26T15:47:13","date_gmt":"2023-10-26T15:47:13","guid":{"rendered":"http:\/\/www.mycielewo.pl\/?p=39267"},"modified":"2023-10-26T15:51:37","modified_gmt":"2023-10-26T15:51:37","slug":"pisza-o-naszej-historii","status":"publish","type":"post","link":"https:\/\/mycielewo.pl\/?p=39267","title":{"rendered":"Pisz\u0105 o naszej historii"},"content":{"rendered":"\n<p>Przeczesuj\u0105c internetowe strony z naszego regionu natrafili\u015bmy na bardzo ciekawe artyku\u0142y z <a href=\"https:\/\/palukiznin.pl\">https:\/\/palukiznin.pl<\/a>. Dotycz\u0105 one historii naszej plac\u00f3wki, zapraszamy do czytania.<\/p>\n\n\n\n<p>Szko\u0142a w Mycielewie w roku 1948 &#8211; wspomnienia Teresy Lisieckiej &#8211; <a href=\"https:\/\/palukiznin.pl\/artykul\/szkola-w-mycielewie\/1187190\">https:\/\/palukiznin.pl\/artykul\/szkola-w-mycielewie\/1187190<\/a> <\/p>\n\n\n\n<p>Okres stalinizmu w polskiej szkole wiejskiej w Mycielewie wspomina Teresa \u015aliwa-Lisiecka &#8211; <a href=\"https:\/\/palukiznin.pl\/artykul\/okres-stalinizmu-w-polskiej\/1187776\">https:\/\/palukiznin.pl\/artykul\/szkola-w-mycielewie\/1187190<\/a><\/p>\n\n\n\n<p>Szko\u0142\u0119 wiejsk\u0105 w Turzynie zaraz po wojnie wspomina Teresa \u015aliwa-Lisiecka z Kcyni &#8211; <a href=\"https:\/\/palukiznin.pl\/artykul\/szkole-wiejska-w-turzynie\/1185450\">https:\/\/palukiznin.pl\/artykul\/szkole-wiejska-w-turzynie\/1185450<\/a> <\/p>\n","protected":false},"excerpt":{"rendered":"<p>Przeczesuj\u0105c internetowe strony z naszego regionu natrafili\u015bmy na bardzo ciekawe artyku\u0142y z https:\/\/palukiznin.pl. Dotycz\u0105 one historii naszej plac\u00f3wki, zapraszamy do czytania. Szko\u0142a w Mycielewie w roku 1948 &#8211; wspomnienia Teresy Lisieckiej &#8211; https:\/\/palukiznin.pl\/artykul\/szkola-w-mycielewie\/1187190 Okres stalinizmu w polskiej szkole wiejskiej w Mycielewie wspomina Teresa \u015aliwa-Lisiecka &#8211; https:\/\/palukiznin.pl\/artykul\/szkola-w-mycielewie\/1187190 Szko\u0142\u0119 wiejsk\u0105 w Turzynie zaraz po wojnie wspomina Teresa&hellip; <a class=\"continue\" href=\"https:\/\/mycielewo.pl\/?p=39267\">Kontynuuj czytanie<span> Pisz\u0105 o naszej historii<\/span><\/a><\/p>\n","protected":false},"author":1,"featured_media":0,"comment_status":"open","ping_status":"open","sticky":false,"template":"","format":"standard","meta":{"footnotes":""},"categories":[1],"tags":[],"class_list":["post-39267","post","type-post","status-publish","format-standard","hentry","category-bez-kategorii"],"_links":{"self":[{"href":"https:\/\/mycielewo.pl\/index.php?rest_route=\/wp\/v2\/posts\/39267","targetHints":{"allow":["GET"]}}],"collection":[{"href":"https:\/\/mycielewo.pl\/index.php?rest_route=\/wp\/v2\/posts"}],"about":[{"href":"https:\/\/mycielewo.pl\/index.php?rest_route=\/wp\/v2\/types\/post"}],"author":[{"embeddable":true,"href":"https:\/\/mycielewo.pl\/index.php?rest_route=\/wp\/v2\/users\/1"}],"replies":[{"embeddable":true,"href":"https:\/\/mycielewo.pl\/index.php?rest_route=%2Fwp%2Fv2%2Fcomments&post=39267"}],"version-history":[{"count":4,"href":"https:\/\/mycielewo.pl\/index.php?rest_route=\/wp\/v2\/posts\/39267\/revisions"}],"predecessor-version":[{"id":39274,"href":"https:\/\/mycielewo.pl\/index.php?rest_route=\/wp\/v2\/posts\/39267\/revisions\/39274"}],"wp:attachment":[{"href":"https:\/\/mycielewo.pl\/index.php?rest_route=%2Fwp%2Fv2%2Fmedia&parent=39267"}],"wp:term":[{"taxonomy":"category","embeddable":true,"href":"https:\/\/mycielewo.pl\/index.php?rest_route=%2Fwp%2Fv2%2Fcategories&post=39267"},{"taxonomy":"post_tag","embeddable":true,"href":"https:\/\/mycielewo.pl\/index.php?rest_route=%2Fwp%2Fv2%2Ftags&post=39267"}],"curies":[{"name":"wp","href":"https:\/\/api.w.org\/{rel}","templated":true}]}}