{"id":38231,"date":"2023-06-25T13:02:00","date_gmt":"2023-06-25T13:02:00","guid":{"rendered":"http:\/\/www.mycielewo.pl\/?p=38231"},"modified":"2023-06-26T13:12:14","modified_gmt":"2023-06-26T13:12:14","slug":"konkurs-filmowy-moja-szkola-ambasadorem-bezpieczenstwa-w-ruchu-drogowym-rozstrzygniety","status":"publish","type":"post","link":"https:\/\/mycielewo.pl\/?p=38231","title":{"rendered":"Konkurs filmowy \u201eMoja szko\u0142a ambasadorem bezpiecze\u0144stwa w ruchu drogowym\u201d rozstrzygni\u0119ty!"},"content":{"rendered":"\n<p><strong>Uczniowie klasy 3 wzi\u0119li udzia\u0142 w Og\u00f3lnopolskim Konkursie Filmowym \u201eMoja szko\u0142a ambasadorem bezpiecze\u0144stwa w ruchu drogowym\u201d organizowanym przez <a href=\"https:\/\/www.gov.pl\/web\/gitd\">G\u0142\u00f3wny Inspektorat Transportu Drogowego<\/a>. <\/strong><br>20 czerwca 2023 roku og\u0142oszono wyniki. Niestety film nie zdoby\u0142 miejsca na podium. Mimo wszystko warto opublikowa\u0107 go publicznie, gdy\u017c by\u0142o mn\u00f3stwo pracy i chyba wysz\u0142o ca\u0142kiem przyzwoicie.<\/p>\n\n\n\n<p>Informacje o konkursie:<\/p>\n\n\n\n<p><a href=\"https:\/\/www.gov.pl\/web\/gitd\/konkurs-filmowy\">https:\/\/www.gov.pl\/web\/gitd\/konkurs-filmowy<\/a><\/p>\n\n\n\n<p>Og\u0142oszenie wynik\u00f3w:<\/p>\n\n\n\n<p><a href=\"https:\/\/www.gov.pl\/web\/gitd\/konkurs-filmowy-rozstrzygniety\">https:\/\/www.gov.pl\/web\/gitd\/konkurs-filmowy-rozstrzygniety<\/a><\/p>\n\n\n\n<figure class=\"wp-block-embed is-type-video is-provider-youtube wp-block-embed-youtube wp-embed-aspect-16-9 wp-has-aspect-ratio\"><div class=\"wp-block-embed__wrapper\">\n<iframe loading=\"lazy\" title=\"BDR Mycielewo 2023 finalny\" width=\"830\" height=\"467\" src=\"https:\/\/www.youtube.com\/embed\/t1j7n2ynnV0?feature=oembed\" frameborder=\"0\" allow=\"accelerometer; autoplay; clipboard-write; encrypted-media; gyroscope; picture-in-picture; web-share\" allowfullscreen><\/iframe>\n<\/div><\/figure>\n","protected":false},"excerpt":{"rendered":"<p>Uczniowie klasy 3 wzi\u0119li udzia\u0142 w Og\u00f3lnopolskim Konkursie Filmowym \u201eMoja szko\u0142a ambasadorem bezpiecze\u0144stwa w ruchu drogowym\u201d organizowanym przez G\u0142\u00f3wny Inspektorat Transportu Drogowego. 20 czerwca 2023 roku og\u0142oszono wyniki. Niestety film nie zdoby\u0142 miejsca na podium. Mimo wszystko warto opublikowa\u0107 go publicznie, gdy\u017c by\u0142o mn\u00f3stwo pracy i chyba wysz\u0142o ca\u0142kiem przyzwoicie. Informacje o konkursie: https:\/\/www.gov.pl\/web\/gitd\/konkurs-filmowy Og\u0142oszenie&hellip; <a class=\"continue\" href=\"https:\/\/mycielewo.pl\/?p=38231\">Kontynuuj czytanie<span> Konkurs filmowy \u201eMoja szko\u0142a ambasadorem bezpiecze\u0144stwa w ruchu drogowym\u201d rozstrzygni\u0119ty!<\/span><\/a><\/p>\n","protected":false},"author":1,"featured_media":0,"comment_status":"open","ping_status":"open","sticky":false,"template":"","format":"standard","meta":{"footnotes":""},"categories":[1],"tags":[],"class_list":["post-38231","post","type-post","status-publish","format-standard","hentry","category-bez-kategorii"],"_links":{"self":[{"href":"https:\/\/mycielewo.pl\/index.php?rest_route=\/wp\/v2\/posts\/38231","targetHints":{"allow":["GET"]}}],"collection":[{"href":"https:\/\/mycielewo.pl\/index.php?rest_route=\/wp\/v2\/posts"}],"about":[{"href":"https:\/\/mycielewo.pl\/index.php?rest_route=\/wp\/v2\/types\/post"}],"author":[{"embeddable":true,"href":"https:\/\/mycielewo.pl\/index.php?rest_route=\/wp\/v2\/users\/1"}],"replies":[{"embeddable":true,"href":"https:\/\/mycielewo.pl\/index.php?rest_route=%2Fwp%2Fv2%2Fcomments&post=38231"}],"version-history":[{"count":3,"href":"https:\/\/mycielewo.pl\/index.php?rest_route=\/wp\/v2\/posts\/38231\/revisions"}],"predecessor-version":[{"id":38234,"href":"https:\/\/mycielewo.pl\/index.php?rest_route=\/wp\/v2\/posts\/38231\/revisions\/38234"}],"wp:attachment":[{"href":"https:\/\/mycielewo.pl\/index.php?rest_route=%2Fwp%2Fv2%2Fmedia&parent=38231"}],"wp:term":[{"taxonomy":"category","embeddable":true,"href":"https:\/\/mycielewo.pl\/index.php?rest_route=%2Fwp%2Fv2%2Fcategories&post=38231"},{"taxonomy":"post_tag","embeddable":true,"href":"https:\/\/mycielewo.pl\/index.php?rest_route=%2Fwp%2Fv2%2Ftags&post=38231"}],"curies":[{"name":"wp","href":"https:\/\/api.w.org\/{rel}","templated":true}]}}