{"id":37532,"date":"2023-06-22T21:02:54","date_gmt":"2023-06-22T21:02:54","guid":{"rendered":"http:\/\/www.mycielewo.pl\/?p=37532"},"modified":"2023-06-22T21:03:22","modified_gmt":"2023-06-22T21:03:22","slug":"mycielewskie-orly-matematyczne","status":"publish","type":"post","link":"https:\/\/mycielewo.pl\/?p=37532","title":{"rendered":"Mycielewskie OR\u0141Y MATEMATYCZNE"},"content":{"rendered":"\n<p>15 maj 2023 r. odby\u0142 si\u0119 konkurs matematyczny OR\u0141Y MATEMATYCZNE dla klas uczni\u00f3w klas IV\u2013VIII. W konkursie bra\u0142o udzia\u0142 14 zawodnik\u00f3w. M\u0142odzie\u017c rozwi\u0105zywa\u0142a zadania otwarte o podwy\u017cszonym stopniu trudno\u015bci, gdzie trzeba by\u0142o si\u0119 wykaza\u0107 si\u0119 nietypowym, nieszablonowym my\u015bleniem.<\/p>\n\n\n\n<p>Oto zwyci\u0119zcy:<br><strong>Roksana Jaszak- klasa 8 \u2013 100 %<\/strong><br><strong>Alan Hak \u2013 klasa 5 \u2013 100%<\/strong><\/p>\n\n\n\n<p><strong>Gratulujemy i \u017cyczmy dalszych sukces\u00f3w!<\/strong><\/p>\n\n\n\n<p class=\"has-text-align-right\"><strong><em>Tekst: Angelika Drozd, foto: Ma\u0142gorzata Kwiatkowska<\/em><\/strong><em><\/em><\/p>\n\n\n\n<figure class=\"wp-block-gallery has-nested-images columns-default is-cropped wp-block-gallery-2 is-layout-flex wp-block-gallery-is-layout-flex\">\n<figure class=\"wp-block-image size-large\"><a href=\"https:\/\/mycielewo.pl\/?attachment_id=37535\"><img loading=\"lazy\" decoding=\"async\" width=\"224\" height=\"300\" data-id=\"37535\" src=\"https:\/\/mycielewo.pl\/wp-content\/uploads\/2023\/06\/image1-6-224x300.jpg\" alt=\"\" class=\"wp-image-37535\" srcset=\"https:\/\/mycielewo.pl\/wp-content\/uploads\/2023\/06\/image1-6-224x300.jpg 224w, https:\/\/mycielewo.pl\/wp-content\/uploads\/2023\/06\/image1-6-187x250.jpg 187w, https:\/\/mycielewo.pl\/wp-content\/uploads\/2023\/06\/image1-6.jpg 673w\" sizes=\"auto, (max-width: 224px) 100vw, 224px\" \/><\/a><\/figure>\n\n\n\n<figure class=\"wp-block-image size-large\"><a href=\"https:\/\/mycielewo.pl\/?attachment_id=37534\"><img loading=\"lazy\" decoding=\"async\" width=\"224\" height=\"300\" data-id=\"37534\" src=\"https:\/\/mycielewo.pl\/wp-content\/uploads\/2023\/06\/image2-6-224x300.jpg\" alt=\"\" class=\"wp-image-37534\" srcset=\"https:\/\/mycielewo.pl\/wp-content\/uploads\/2023\/06\/image2-6-224x300.jpg 224w, https:\/\/mycielewo.pl\/wp-content\/uploads\/2023\/06\/image2-6-187x250.jpg 187w, https:\/\/mycielewo.pl\/wp-content\/uploads\/2023\/06\/image2-6.jpg 673w\" sizes=\"auto, (max-width: 224px) 100vw, 224px\" \/><\/a><\/figure>\n\n\n\n<figure class=\"wp-block-image size-large\"><a href=\"https:\/\/mycielewo.pl\/?attachment_id=37536\"><img loading=\"lazy\" decoding=\"async\" width=\"224\" height=\"300\" data-id=\"37536\" src=\"https:\/\/mycielewo.pl\/wp-content\/uploads\/2023\/06\/image3-6-224x300.jpg\" alt=\"\" class=\"wp-image-37536\" srcset=\"https:\/\/mycielewo.pl\/wp-content\/uploads\/2023\/06\/image3-6-224x300.jpg 224w, https:\/\/mycielewo.pl\/wp-content\/uploads\/2023\/06\/image3-6-187x250.jpg 187w, https:\/\/mycielewo.pl\/wp-content\/uploads\/2023\/06\/image3-6.jpg 673w\" sizes=\"auto, (max-width: 224px) 100vw, 224px\" \/><\/a><\/figure>\n<\/figure>\n","protected":false},"excerpt":{"rendered":"<p>15 maj 2023 r. odby\u0142 si\u0119 konkurs matematyczny OR\u0141Y MATEMATYCZNE dla klas uczni\u00f3w klas IV\u2013VIII. W konkursie bra\u0142o udzia\u0142 14 zawodnik\u00f3w. M\u0142odzie\u017c rozwi\u0105zywa\u0142a zadania otwarte o podwy\u017cszonym stopniu trudno\u015bci, gdzie trzeba by\u0142o si\u0119 wykaza\u0107 si\u0119 nietypowym, nieszablonowym my\u015bleniem. Oto zwyci\u0119zcy:Roksana Jaszak- klasa 8 \u2013 100 %Alan Hak \u2013 klasa 5 \u2013 100% Gratulujemy i \u017cyczmy&hellip; <a class=\"continue\" href=\"https:\/\/mycielewo.pl\/?p=37532\">Kontynuuj czytanie<span> Mycielewskie OR\u0141Y MATEMATYCZNE<\/span><\/a><\/p>\n","protected":false},"author":1,"featured_media":0,"comment_status":"open","ping_status":"open","sticky":false,"template":"","format":"standard","meta":{"footnotes":""},"categories":[1],"tags":[],"class_list":["post-37532","post","type-post","status-publish","format-standard","hentry","category-bez-kategorii"],"_links":{"self":[{"href":"https:\/\/mycielewo.pl\/index.php?rest_route=\/wp\/v2\/posts\/37532","targetHints":{"allow":["GET"]}}],"collection":[{"href":"https:\/\/mycielewo.pl\/index.php?rest_route=\/wp\/v2\/posts"}],"about":[{"href":"https:\/\/mycielewo.pl\/index.php?rest_route=\/wp\/v2\/types\/post"}],"author":[{"embeddable":true,"href":"https:\/\/mycielewo.pl\/index.php?rest_route=\/wp\/v2\/users\/1"}],"replies":[{"embeddable":true,"href":"https:\/\/mycielewo.pl\/index.php?rest_route=%2Fwp%2Fv2%2Fcomments&post=37532"}],"version-history":[{"count":2,"href":"https:\/\/mycielewo.pl\/index.php?rest_route=\/wp\/v2\/posts\/37532\/revisions"}],"predecessor-version":[{"id":37537,"href":"https:\/\/mycielewo.pl\/index.php?rest_route=\/wp\/v2\/posts\/37532\/revisions\/37537"}],"wp:attachment":[{"href":"https:\/\/mycielewo.pl\/index.php?rest_route=%2Fwp%2Fv2%2Fmedia&parent=37532"}],"wp:term":[{"taxonomy":"category","embeddable":true,"href":"https:\/\/mycielewo.pl\/index.php?rest_route=%2Fwp%2Fv2%2Fcategories&post=37532"},{"taxonomy":"post_tag","embeddable":true,"href":"https:\/\/mycielewo.pl\/index.php?rest_route=%2Fwp%2Fv2%2Ftags&post=37532"}],"curies":[{"name":"wp","href":"https:\/\/api.w.org\/{rel}","templated":true}]}}