{"id":37406,"date":"2023-06-22T21:17:46","date_gmt":"2023-06-22T21:17:46","guid":{"rendered":"http:\/\/www.mycielewo.pl\/?p=37406"},"modified":"2023-06-22T21:17:46","modified_gmt":"2023-06-22T21:17:46","slug":"zakonczenie-roku-szkolnego-2022-2023","status":"publish","type":"post","link":"https:\/\/mycielewo.pl\/?p=37406","title":{"rendered":"Zako\u0144czenie roku szkolnego 2022\/2023"},"content":{"rendered":"\n<p>Uroczyste zako\u0144czenie roku szkolnego odb\u0119dzie si\u0119 w sali gimnastycznej ok. godz. 9.05.<\/p>\n\n\n\n<p>Po cz\u0119\u015bci oficjalnej uczniowie udadz\u0105 si\u0119 z wychowawcami do klas.<\/p>\n\n\n\n<p><strong><u>Dowozy i odwozy na zako\u0144czenie roku szkolnego 2022\/2023 w dniu 23.06.2023 r. (zako\u0144czenie r. sz. godz. 9.05)<\/u><\/strong><\/p>\n\n\n\n<figure class=\"wp-block-table\"><table><tbody><tr><td>Lp.<\/td><td>&nbsp;&nbsp;&nbsp;&nbsp;Miejscowo\u015b\u0107 \u2013 przystanek\/punkt zborny<\/td><td>&nbsp;&nbsp;&nbsp;&nbsp;&nbsp;&nbsp;&nbsp;&nbsp;&nbsp;&nbsp;&nbsp;&nbsp;&nbsp;&nbsp;&nbsp;&nbsp;Godzina<\/td><\/tr><tr><td><strong>&nbsp;&nbsp;1.<\/strong><\/td><td><strong>Kcynia &nbsp; &nbsp; &nbsp; &nbsp; &nbsp; &nbsp; &nbsp; &nbsp; &nbsp; &nbsp; &nbsp;&nbsp;&nbsp;&nbsp;<\/strong><\/td><td><strong>&nbsp;&nbsp;&nbsp;&nbsp;&nbsp;&nbsp;&nbsp;&nbsp;&nbsp;&nbsp;&nbsp;&nbsp;&nbsp;&nbsp;&nbsp;&nbsp;<\/strong>8:05<\/td><\/tr><tr><td><strong>&nbsp;&nbsp;2.<\/strong><\/td><td><strong>Malice&nbsp;<\/strong><\/td><td><strong>&nbsp;&nbsp;&nbsp;&nbsp;&nbsp;&nbsp;&nbsp;&nbsp;&nbsp;&nbsp;&nbsp;&nbsp;&nbsp;&nbsp;&nbsp;<\/strong>&nbsp;8:10<\/td><\/tr><tr><td><strong>&nbsp;&nbsp;3.<\/strong><\/td><td>Malice II<\/td><td><strong>&nbsp;&nbsp;&nbsp;&nbsp;&nbsp;&nbsp;&nbsp;&nbsp;&nbsp;&nbsp;&nbsp;&nbsp;&nbsp;&nbsp;&nbsp;&nbsp;8:<\/strong>13<\/td><\/tr><tr><td><strong>&nbsp;&nbsp;4.<\/strong><\/td><td><strong>Suchor\u0119cz skrzy\u017cowanie&nbsp;&nbsp;<\/strong><\/td><td><strong>&nbsp;&nbsp;&nbsp;&nbsp;&nbsp;&nbsp;&nbsp;&nbsp;&nbsp;&nbsp;&nbsp;&nbsp;&nbsp;&nbsp;&nbsp;&nbsp;8:<\/strong>15<\/td><\/tr><tr><td><strong>&nbsp;&nbsp;5.<\/strong><\/td><td>Suchor\u0119cz<\/td><td><strong>&nbsp;&nbsp;&nbsp;&nbsp;&nbsp;&nbsp;&nbsp;&nbsp;&nbsp;&nbsp;&nbsp;&nbsp;&nbsp;&nbsp;&nbsp;&nbsp;8:<\/strong>18<\/td><\/tr><tr><td><strong>&nbsp;&nbsp;6.<\/strong><\/td><td>Elizewo<\/td><td><strong>&nbsp;&nbsp;&nbsp;&nbsp;&nbsp;&nbsp;&nbsp;&nbsp;&nbsp;&nbsp;&nbsp;&nbsp;&nbsp;&nbsp;&nbsp;&nbsp;8:<\/strong>23<\/td><\/tr><tr><td><strong>&nbsp;&nbsp;7.<\/strong><\/td><td><strong>Suchor\u0119czek<\/strong><\/td><td><strong>&nbsp;&nbsp;&nbsp;&nbsp;&nbsp;&nbsp;&nbsp;&nbsp;&nbsp;&nbsp;&nbsp;&nbsp;&nbsp;&nbsp;&nbsp;&nbsp;8:<\/strong>28<\/td><\/tr><tr><td><strong>&nbsp;&nbsp;8.<\/strong><\/td><td>Elizewo skrzy\u017cowanie<\/td><td><strong>&nbsp;&nbsp;&nbsp;&nbsp;&nbsp;&nbsp;&nbsp;&nbsp;&nbsp;&nbsp;&nbsp;&nbsp;&nbsp;&nbsp;&nbsp;&nbsp;8:<\/strong>32<\/td><\/tr><tr><td><strong>&nbsp;&nbsp;9.<\/strong><\/td><td>S\u0142onawy<\/td><td><strong>&nbsp;&nbsp;&nbsp;&nbsp;&nbsp;&nbsp;&nbsp;&nbsp;&nbsp;&nbsp;&nbsp;&nbsp;&nbsp;&nbsp;&nbsp;&nbsp;8:<\/strong>36<\/td><\/tr><tr><td>10.<\/td><td>S\u0142onawy II<\/td><td>&nbsp;&nbsp;&nbsp;&nbsp;&nbsp;&nbsp;&nbsp;&nbsp;&nbsp;&nbsp;&nbsp;&nbsp;&nbsp;&nbsp;&nbsp;&nbsp;8:38<\/td><\/tr><tr><td>11.<\/td><td>S\u0142onawy las<\/td><td>&nbsp;&nbsp;&nbsp;&nbsp;&nbsp;&nbsp;&nbsp;&nbsp;&nbsp;&nbsp;&nbsp;&nbsp;&nbsp;&nbsp;&nbsp;&nbsp;8:40<\/td><\/tr><tr><td>12.<\/td><td>Szaradowo<\/td><td>&nbsp;&nbsp;&nbsp;&nbsp;&nbsp;&nbsp;&nbsp;&nbsp;&nbsp;&nbsp;&nbsp;&nbsp;&nbsp;&nbsp;&nbsp;&nbsp;8:44<\/td><\/tr><tr><td>13.<\/td><td>Ameryczka las<\/td><td>&nbsp;&nbsp;&nbsp;&nbsp;&nbsp;&nbsp;&nbsp;&nbsp;&nbsp;&nbsp;&nbsp;&nbsp;&nbsp;&nbsp;&nbsp;&nbsp;8:47<\/td><\/tr><tr><td>14.<\/td><td>Zalesie, ul. Kr\u00f3likowska<\/td><td>&nbsp;&nbsp;&nbsp;&nbsp;&nbsp;&nbsp;&nbsp;&nbsp;&nbsp;&nbsp;&nbsp;&nbsp;&nbsp;&nbsp;&nbsp;&nbsp;8:50<\/td><\/tr><tr><td>15.<\/td><td>Zalesie sklep<\/td><td>&nbsp;&nbsp;&nbsp;&nbsp;&nbsp;&nbsp;&nbsp;&nbsp;&nbsp;&nbsp;&nbsp;&nbsp;&nbsp;&nbsp;&nbsp;&nbsp;8:53<\/td><\/tr><tr><td>16.<\/td><td>Mycielewo szko\u0142a<\/td><td>&nbsp;&nbsp;&nbsp;&nbsp;&nbsp;&nbsp;&nbsp;&nbsp;&nbsp;&nbsp;&nbsp;&nbsp;&nbsp;&nbsp;&nbsp;&nbsp;9:00<\/td><\/tr><\/tbody><\/table><\/figure>\n\n\n\n<p>Odwozy ze szko\u0142y ok. godz. 10.45<\/p>\n\n\n\n<p><strong>Uwaga! Godziny dowozu i odwoz\u00f3w mog\u0105 nieznacznie ulec zmianie<\/strong>,&nbsp;<strong>prosz\u0119 zatem by\u0107 na przystankach ok. 5 minut wcze\u015bniej<\/strong>,<strong>&nbsp;prosimy te\u017c o cierpliwo\u015b\u0107 w sytuacji ewentualnego op\u00f3\u017anienia autobusu<\/strong>.<\/p>\n","protected":false},"excerpt":{"rendered":"<p>Uroczyste zako\u0144czenie roku szkolnego odb\u0119dzie si\u0119 w sali gimnastycznej ok. godz. 9.05. Po cz\u0119\u015bci oficjalnej uczniowie udadz\u0105 si\u0119 z wychowawcami do klas. Dowozy i odwozy na zako\u0144czenie roku szkolnego 2022\/2023 w dniu 23.06.2023 r. (zako\u0144czenie r. sz. godz. 9.05) Lp. &nbsp;&nbsp;&nbsp;&nbsp;Miejscowo\u015b\u0107 \u2013 przystanek\/punkt zborny &nbsp;&nbsp;&nbsp;&nbsp;&nbsp;&nbsp;&nbsp;&nbsp;&nbsp;&nbsp;&nbsp;&nbsp;&nbsp;&nbsp;&nbsp;&nbsp;Godzina &nbsp;&nbsp;1. Kcynia &nbsp; &nbsp; &nbsp; &nbsp; &nbsp; &nbsp; &nbsp; &nbsp;&hellip; <a class=\"continue\" href=\"https:\/\/mycielewo.pl\/?p=37406\">Kontynuuj czytanie<span> Zako\u0144czenie roku szkolnego 2022\/2023<\/span><\/a><\/p>\n","protected":false},"author":4,"featured_media":0,"comment_status":"open","ping_status":"open","sticky":false,"template":"","format":"standard","meta":{"footnotes":""},"categories":[1],"tags":[],"class_list":["post-37406","post","type-post","status-publish","format-standard","hentry","category-bez-kategorii"],"_links":{"self":[{"href":"https:\/\/mycielewo.pl\/index.php?rest_route=\/wp\/v2\/posts\/37406","targetHints":{"allow":["GET"]}}],"collection":[{"href":"https:\/\/mycielewo.pl\/index.php?rest_route=\/wp\/v2\/posts"}],"about":[{"href":"https:\/\/mycielewo.pl\/index.php?rest_route=\/wp\/v2\/types\/post"}],"author":[{"embeddable":true,"href":"https:\/\/mycielewo.pl\/index.php?rest_route=\/wp\/v2\/users\/4"}],"replies":[{"embeddable":true,"href":"https:\/\/mycielewo.pl\/index.php?rest_route=%2Fwp%2Fv2%2Fcomments&post=37406"}],"version-history":[{"count":4,"href":"https:\/\/mycielewo.pl\/index.php?rest_route=\/wp\/v2\/posts\/37406\/revisions"}],"predecessor-version":[{"id":37412,"href":"https:\/\/mycielewo.pl\/index.php?rest_route=\/wp\/v2\/posts\/37406\/revisions\/37412"}],"wp:attachment":[{"href":"https:\/\/mycielewo.pl\/index.php?rest_route=%2Fwp%2Fv2%2Fmedia&parent=37406"}],"wp:term":[{"taxonomy":"category","embeddable":true,"href":"https:\/\/mycielewo.pl\/index.php?rest_route=%2Fwp%2Fv2%2Fcategories&post=37406"},{"taxonomy":"post_tag","embeddable":true,"href":"https:\/\/mycielewo.pl\/index.php?rest_route=%2Fwp%2Fv2%2Ftags&post=37406"}],"curies":[{"name":"wp","href":"https:\/\/api.w.org\/{rel}","templated":true}]}}