{"id":37393,"date":"2023-06-21T08:06:51","date_gmt":"2023-06-21T08:06:51","guid":{"rendered":"http:\/\/www.mycielewo.pl\/?p=37393"},"modified":"2023-06-21T08:06:51","modified_gmt":"2023-06-21T08:06:51","slug":"razem-przez-cztery-pory-roku-2","status":"publish","type":"post","link":"https:\/\/mycielewo.pl\/?p=37393","title":{"rendered":"RAZEM PRZEZ CZTERY PORY ROKU"},"content":{"rendered":"\n<p><strong>W roku szkolnym 2022\/2023 dzieci z grupy przedszkolnej \u201eBiedroneczki\u201d przyst\u0105pi\u0142y do realizacji Og\u00f3lnopolskiego Projektu Edukacyjnego \u201eRazem przez cztery pory roku\u201d. Projekt mia\u0142 na celu promowanie tre\u015bci z zakresu edukacji przyrodniczej, rozwijanie samodzielno\u015bci i kreatywno\u015bci dzieci.<\/strong><\/p>\n\n\n\n<p>Za\u0142o\u017ceniem projektu by\u0142o r\u00f3wnie\u017c stwarzanie mo\u017cliwo\u015bci poznania przez dziecko poszczeg\u00f3lnych p\u00f3r roku i ich charakterystycznych cech, budzenie zainteresowania \u015bwiatem przyrody i wdra\u017canie do wsp\u00f3lnej aktywno\u015bci fizycznej i zabawy. Ponadto udzia\u0142 w projekcie przyczyni\u0142 si\u0119 do \u0107wicze\u0144 koncentracji uwagi, nauki wsp\u00f3\u0142dzia\u0142ania w grupie przedszkolnej i usprawniania motoryki ma\u0142ej. Projekt zawiera\u0142 4 modu\u0142y, a warunkiem zaliczenia ka\u017cdego z nich by\u0142o przeprowadzenie zaj\u0119\u0107 dydaktycznych z elementami charakterystycznymi dla danej pory roku. Uda\u0142o nam si\u0119 zrealizowa\u0107 wszystkie 4 modu\u0142y: jesie\u0144, zima, wiosna, lato za co otrzymali\u015bmy dyplomy, podzi\u0119kowania, a dla szko\u0142y certyfikat.<\/p>\n\n\n\n<p class=\"has-text-align-right\"><em>Iwona Wojtkowiak, Agnieszka Chojnacka<\/em><\/p>\n\n\n\n<figure class=\"wp-block-gallery has-nested-images columns-5 is-cropped wp-block-gallery-2 is-layout-flex wp-block-gallery-is-layout-flex\">\n<figure class=\"wp-block-image size-large\"><a href=\"https:\/\/mycielewo.pl\/?attachment_id=37394\"><img loading=\"lazy\" decoding=\"async\" width=\"225\" height=\"300\" data-id=\"37394\" src=\"https:\/\/mycielewo.pl\/wp-content\/uploads\/2023\/06\/image001-14-225x300.jpg\" alt=\"\" class=\"wp-image-37394\" srcset=\"https:\/\/mycielewo.pl\/wp-content\/uploads\/2023\/06\/image001-14-225x300.jpg 225w, https:\/\/mycielewo.pl\/wp-content\/uploads\/2023\/06\/image001-14-188x250.jpg 188w, https:\/\/mycielewo.pl\/wp-content\/uploads\/2023\/06\/image001-14.jpg 675w\" sizes=\"auto, (max-width: 225px) 100vw, 225px\" \/><\/a><\/figure>\n\n\n\n<figure class=\"wp-block-image size-large\"><a href=\"https:\/\/mycielewo.pl\/?attachment_id=37396\"><img loading=\"lazy\" decoding=\"async\" width=\"225\" height=\"300\" data-id=\"37396\" src=\"https:\/\/mycielewo.pl\/wp-content\/uploads\/2023\/06\/image002-14-225x300.jpg\" alt=\"\" class=\"wp-image-37396\" srcset=\"https:\/\/mycielewo.pl\/wp-content\/uploads\/2023\/06\/image002-14-225x300.jpg 225w, https:\/\/mycielewo.pl\/wp-content\/uploads\/2023\/06\/image002-14-188x250.jpg 188w, https:\/\/mycielewo.pl\/wp-content\/uploads\/2023\/06\/image002-14.jpg 675w\" sizes=\"auto, (max-width: 225px) 100vw, 225px\" \/><\/a><\/figure>\n\n\n\n<figure class=\"wp-block-image size-large\"><a href=\"https:\/\/mycielewo.pl\/?attachment_id=37395\"><img loading=\"lazy\" decoding=\"async\" width=\"225\" height=\"300\" data-id=\"37395\" src=\"https:\/\/mycielewo.pl\/wp-content\/uploads\/2023\/06\/image003-14-225x300.jpg\" alt=\"\" class=\"wp-image-37395\" srcset=\"https:\/\/mycielewo.pl\/wp-content\/uploads\/2023\/06\/image003-14-225x300.jpg 225w, https:\/\/mycielewo.pl\/wp-content\/uploads\/2023\/06\/image003-14-188x250.jpg 188w, https:\/\/mycielewo.pl\/wp-content\/uploads\/2023\/06\/image003-14.jpg 675w\" sizes=\"auto, (max-width: 225px) 100vw, 225px\" \/><\/a><\/figure>\n\n\n\n<figure class=\"wp-block-image size-large\"><a href=\"https:\/\/mycielewo.pl\/?attachment_id=37397\"><img loading=\"lazy\" decoding=\"async\" width=\"225\" height=\"300\" data-id=\"37397\" src=\"https:\/\/mycielewo.pl\/wp-content\/uploads\/2023\/06\/image004-13-225x300.jpg\" alt=\"\" class=\"wp-image-37397\" srcset=\"https:\/\/mycielewo.pl\/wp-content\/uploads\/2023\/06\/image004-13-225x300.jpg 225w, https:\/\/mycielewo.pl\/wp-content\/uploads\/2023\/06\/image004-13-188x250.jpg 188w, https:\/\/mycielewo.pl\/wp-content\/uploads\/2023\/06\/image004-13.jpg 675w\" sizes=\"auto, (max-width: 225px) 100vw, 225px\" \/><\/a><\/figure>\n\n\n\n<figure class=\"wp-block-image size-large\"><a href=\"https:\/\/mycielewo.pl\/?attachment_id=37398\"><img loading=\"lazy\" decoding=\"async\" width=\"225\" height=\"300\" data-id=\"37398\" src=\"https:\/\/mycielewo.pl\/wp-content\/uploads\/2023\/06\/image005-13-225x300.jpg\" alt=\"\" class=\"wp-image-37398\" srcset=\"https:\/\/mycielewo.pl\/wp-content\/uploads\/2023\/06\/image005-13-225x300.jpg 225w, https:\/\/mycielewo.pl\/wp-content\/uploads\/2023\/06\/image005-13-188x250.jpg 188w, https:\/\/mycielewo.pl\/wp-content\/uploads\/2023\/06\/image005-13.jpg 675w\" sizes=\"auto, (max-width: 225px) 100vw, 225px\" \/><\/a><\/figure>\n<\/figure>\n","protected":false},"excerpt":{"rendered":"<p>W roku szkolnym 2022\/2023 dzieci z grupy przedszkolnej \u201eBiedroneczki\u201d przyst\u0105pi\u0142y do realizacji Og\u00f3lnopolskiego Projektu Edukacyjnego \u201eRazem przez cztery pory roku\u201d. Projekt mia\u0142 na celu promowanie tre\u015bci z zakresu edukacji przyrodniczej, rozwijanie samodzielno\u015bci i kreatywno\u015bci dzieci. Za\u0142o\u017ceniem projektu by\u0142o r\u00f3wnie\u017c stwarzanie mo\u017cliwo\u015bci poznania przez dziecko poszczeg\u00f3lnych p\u00f3r roku i ich charakterystycznych cech, budzenie zainteresowania \u015bwiatem przyrody&hellip; <a class=\"continue\" href=\"https:\/\/mycielewo.pl\/?p=37393\">Kontynuuj czytanie<span> RAZEM PRZEZ CZTERY PORY ROKU<\/span><\/a><\/p>\n","protected":false},"author":1,"featured_media":0,"comment_status":"open","ping_status":"open","sticky":false,"template":"","format":"standard","meta":{"footnotes":""},"categories":[1],"tags":[],"class_list":["post-37393","post","type-post","status-publish","format-standard","hentry","category-bez-kategorii"],"_links":{"self":[{"href":"https:\/\/mycielewo.pl\/index.php?rest_route=\/wp\/v2\/posts\/37393","targetHints":{"allow":["GET"]}}],"collection":[{"href":"https:\/\/mycielewo.pl\/index.php?rest_route=\/wp\/v2\/posts"}],"about":[{"href":"https:\/\/mycielewo.pl\/index.php?rest_route=\/wp\/v2\/types\/post"}],"author":[{"embeddable":true,"href":"https:\/\/mycielewo.pl\/index.php?rest_route=\/wp\/v2\/users\/1"}],"replies":[{"embeddable":true,"href":"https:\/\/mycielewo.pl\/index.php?rest_route=%2Fwp%2Fv2%2Fcomments&post=37393"}],"version-history":[{"count":1,"href":"https:\/\/mycielewo.pl\/index.php?rest_route=\/wp\/v2\/posts\/37393\/revisions"}],"predecessor-version":[{"id":37399,"href":"https:\/\/mycielewo.pl\/index.php?rest_route=\/wp\/v2\/posts\/37393\/revisions\/37399"}],"wp:attachment":[{"href":"https:\/\/mycielewo.pl\/index.php?rest_route=%2Fwp%2Fv2%2Fmedia&parent=37393"}],"wp:term":[{"taxonomy":"category","embeddable":true,"href":"https:\/\/mycielewo.pl\/index.php?rest_route=%2Fwp%2Fv2%2Fcategories&post=37393"},{"taxonomy":"post_tag","embeddable":true,"href":"https:\/\/mycielewo.pl\/index.php?rest_route=%2Fwp%2Fv2%2Ftags&post=37393"}],"curies":[{"name":"wp","href":"https:\/\/api.w.org\/{rel}","templated":true}]}}