{"id":37364,"date":"2023-06-20T08:51:13","date_gmt":"2023-06-20T08:51:13","guid":{"rendered":"http:\/\/www.mycielewo.pl\/?p=37364"},"modified":"2023-06-20T08:54:26","modified_gmt":"2023-06-20T08:54:26","slug":"szkola-odpowiedzialna-cyfrowo","status":"publish","type":"post","link":"https:\/\/mycielewo.pl\/?p=37364","title":{"rendered":"Szko\u0142a Odpowiedzialna Cyfrowo"},"content":{"rendered":"\n<p><strong>W roku szkolnym 2022\/2023 brali\u015bmy udzia\u0142u w og\u00f3lnopolskim projekcie &#8222;Szko\u0142a Odpowiedzialna Cyfrowo&#8221;, kt\u00f3ry wspiera szko\u0142y we wdra\u017caniu nowych technologii i higieny cyfrowej w edukacji. <\/strong><\/p>\n\n\n\n<p>Dzi\u0119ki przyst\u0105pieniu do projektu nasi uczniowie wzi\u0119li udzia\u0142 w\u00a0\u00a0najwi\u0119kszym w Polsce, bezp\u0142atnym i w pe\u0142ni anonimowym badaniu zdrowia psychicznego, poczucia w\u0142asnej warto\u015bci i sprawczo\u015bci. Rekomendacje po analizie wynik\u00f3w diagnozy zostan\u0105 wdro\u017cone w kolejnym roku szkolnym. <\/p>\n\n\n\n<p>Wi\u0119cej o projekcie <a href=\"https:\/\/dbamomojzasieg.pl\/soc\/\">Szko\u0142a Odpowiedzialna Cyfrowo \u2013 Fundacja Dbam o M\u00f3j Z@si\u0119g (dbamomojzasieg.pl)<\/a><\/p>\n\n\n\n<p class=\"has-text-align-right\"><em>M. Bernas, M. Kwiatkowska<\/em><\/p>\n\n\n\n<figure class=\"wp-block-gallery has-nested-images columns-default is-cropped wp-block-gallery-2 is-layout-flex wp-block-gallery-is-layout-flex\">\n<figure class=\"wp-block-image size-large\"><a href=\"https:\/\/mycielewo.pl\/?attachment_id=37366\"><img loading=\"lazy\" decoding=\"async\" width=\"224\" height=\"300\" data-id=\"37366\" src=\"https:\/\/mycielewo.pl\/wp-content\/uploads\/2023\/06\/354783620_647740410217078_4201830453785565140_n-224x300.jpg\" alt=\"\" class=\"wp-image-37366\" srcset=\"https:\/\/mycielewo.pl\/wp-content\/uploads\/2023\/06\/354783620_647740410217078_4201830453785565140_n-224x300.jpg 224w, https:\/\/mycielewo.pl\/wp-content\/uploads\/2023\/06\/354783620_647740410217078_4201830453785565140_n-187x250.jpg 187w, https:\/\/mycielewo.pl\/wp-content\/uploads\/2023\/06\/354783620_647740410217078_4201830453785565140_n-768x1027.jpg 768w, https:\/\/mycielewo.pl\/wp-content\/uploads\/2023\/06\/354783620_647740410217078_4201830453785565140_n-1148x1536.jpg 1148w, https:\/\/mycielewo.pl\/wp-content\/uploads\/2023\/06\/354783620_647740410217078_4201830453785565140_n.jpg 1531w\" sizes=\"auto, (max-width: 224px) 100vw, 224px\" \/><\/a><\/figure>\n\n\n\n<figure class=\"wp-block-image size-large\"><a href=\"https:\/\/mycielewo.pl\/?attachment_id=37365\"><img loading=\"lazy\" decoding=\"async\" width=\"300\" height=\"224\" data-id=\"37365\" src=\"https:\/\/mycielewo.pl\/wp-content\/uploads\/2023\/06\/355432893_310166288183696_3435274311979746497_n-300x224.jpg\" alt=\"\" class=\"wp-image-37365\" srcset=\"https:\/\/mycielewo.pl\/wp-content\/uploads\/2023\/06\/355432893_310166288183696_3435274311979746497_n-300x224.jpg 300w, https:\/\/mycielewo.pl\/wp-content\/uploads\/2023\/06\/355432893_310166288183696_3435274311979746497_n-250x187.jpg 250w, https:\/\/mycielewo.pl\/wp-content\/uploads\/2023\/06\/355432893_310166288183696_3435274311979746497_n-768x574.jpg 768w, https:\/\/mycielewo.pl\/wp-content\/uploads\/2023\/06\/355432893_310166288183696_3435274311979746497_n-1536x1148.jpg 1536w, https:\/\/mycielewo.pl\/wp-content\/uploads\/2023\/06\/355432893_310166288183696_3435274311979746497_n-rotated.jpg 2048w\" sizes=\"auto, (max-width: 300px) 100vw, 300px\" \/><\/a><\/figure>\n<\/figure>\n","protected":false},"excerpt":{"rendered":"<p>W roku szkolnym 2022\/2023 brali\u015bmy udzia\u0142u w og\u00f3lnopolskim projekcie &#8222;Szko\u0142a Odpowiedzialna Cyfrowo&#8221;, kt\u00f3ry wspiera szko\u0142y we wdra\u017caniu nowych technologii i higieny cyfrowej w edukacji. Dzi\u0119ki przyst\u0105pieniu do projektu nasi uczniowie wzi\u0119li udzia\u0142 w\u00a0\u00a0najwi\u0119kszym w Polsce, bezp\u0142atnym i w pe\u0142ni anonimowym badaniu zdrowia psychicznego, poczucia w\u0142asnej warto\u015bci i sprawczo\u015bci. Rekomendacje po analizie wynik\u00f3w diagnozy zostan\u0105 wdro\u017cone&hellip; <a class=\"continue\" href=\"https:\/\/mycielewo.pl\/?p=37364\">Kontynuuj czytanie<span> Szko\u0142a Odpowiedzialna Cyfrowo<\/span><\/a><\/p>\n","protected":false},"author":1,"featured_media":0,"comment_status":"open","ping_status":"open","sticky":false,"template":"","format":"standard","meta":{"footnotes":""},"categories":[1],"tags":[],"class_list":["post-37364","post","type-post","status-publish","format-standard","hentry","category-bez-kategorii"],"_links":{"self":[{"href":"https:\/\/mycielewo.pl\/index.php?rest_route=\/wp\/v2\/posts\/37364","targetHints":{"allow":["GET"]}}],"collection":[{"href":"https:\/\/mycielewo.pl\/index.php?rest_route=\/wp\/v2\/posts"}],"about":[{"href":"https:\/\/mycielewo.pl\/index.php?rest_route=\/wp\/v2\/types\/post"}],"author":[{"embeddable":true,"href":"https:\/\/mycielewo.pl\/index.php?rest_route=\/wp\/v2\/users\/1"}],"replies":[{"embeddable":true,"href":"https:\/\/mycielewo.pl\/index.php?rest_route=%2Fwp%2Fv2%2Fcomments&post=37364"}],"version-history":[{"count":2,"href":"https:\/\/mycielewo.pl\/index.php?rest_route=\/wp\/v2\/posts\/37364\/revisions"}],"predecessor-version":[{"id":37368,"href":"https:\/\/mycielewo.pl\/index.php?rest_route=\/wp\/v2\/posts\/37364\/revisions\/37368"}],"wp:attachment":[{"href":"https:\/\/mycielewo.pl\/index.php?rest_route=%2Fwp%2Fv2%2Fmedia&parent=37364"}],"wp:term":[{"taxonomy":"category","embeddable":true,"href":"https:\/\/mycielewo.pl\/index.php?rest_route=%2Fwp%2Fv2%2Fcategories&post=37364"},{"taxonomy":"post_tag","embeddable":true,"href":"https:\/\/mycielewo.pl\/index.php?rest_route=%2Fwp%2Fv2%2Ftags&post=37364"}],"curies":[{"name":"wp","href":"https:\/\/api.w.org\/{rel}","templated":true}]}}