{"id":37345,"date":"2023-06-20T08:01:11","date_gmt":"2023-06-20T08:01:11","guid":{"rendered":"http:\/\/www.mycielewo.pl\/?p=37345"},"modified":"2023-06-21T21:34:44","modified_gmt":"2023-06-21T21:34:44","slug":"piatkowy-wieczor-z-matylda","status":"publish","type":"post","link":"https:\/\/mycielewo.pl\/?p=37345","title":{"rendered":"Pi\u0105tkowy wiecz\u00f3r z &#8222;Matyld\u0105&#8221;\u00a0\u00a0\u00a0\u00a0\u00a0\u00a0\u00a0\u00a0\u00a0\u00a0\u00a0\u00a0\u00a0\u00a0\u00a0\u00a0\u00a0\u00a0\u00a0\u00a0\u00a0\u00a0\u00a0\u00a0\u00a0\u00a0\u00a0\u00a0\u00a0\u00a0"},"content":{"rendered":"\n<p><strong>19 maja uczniowie 2023 r. z kl. III, IV i V pod opiek\u0105 p. dyrektor K. Walasiewicz, A. Pyszczy\u0144skiej, M. Bernas i M. Kwiatkowskiej udali si\u0119 do Teatru Kameralnego w Bydgoszczy na musical &#8222;Matylda&#8221;. <\/strong><\/p>\n\n\n\n<p>Przedstawienie to musicalowy hit dla widz\u00f3w w ka\u017cdym wieku a przeniesiony do Bydgoszczy prosto ze scen West Endu i Broadway&#8217;u.\u00a0Opowiada o dziewczynce, kt\u00f3ra posiada wielkie serce i genialny umys\u0142 oraz kompletnie niepasuj\u0105c\u0105 do niej rodzin\u0119. Jej tata jest nieuczciwym sprzedawc\u0105 samochod\u00f3w. Mam\u0119 interesuj\u0105 tylko pieni\u0105dze, a brat stanowczo nie grzeszy inteligencj\u0105. I nikt z nich nie rozumie, dlaczego Matylda tyle czasu sp\u0119dza na czytaniu ksi\u0105\u017cek. Dziewczynka w szkole napotyka na wiele r\u00f3\u017cnych os\u00f3b. Poznaje pann\u0119 \u0141omot, kt\u00f3ra nienawidzi dzieci, ale tak\u017ce\u00a0 na szcz\u0119\u015bcie wielu przyjaci\u00f3\u0142 i cudown\u0105 nauczycielk\u0119 Miodek, kt\u00f3ra okazuje jej wielkie serce i wsparcie. Co z tego wyniknie&#8230;?<br>Dla wielu z nas by\u0142a to pierwsza przygoda z musicalem. Przedstawienie muzyczne &#8222;Matylda&#8221; zachwyca scenografi\u0105, opraw\u0105 muzyczn\u0105 i wokaln\u0105. <br>Wyjazd zorganizowa\u0142o Stowarzyszenie Aktywne Mycielewo, kt\u00f3re w pe\u0142ni go sfinansowa\u0142o kwot\u0105 5.320 z\u0142.\u00a0\u00a0 <\/p>\n\n\n\n<p class=\"has-text-align-right\"><em>Marta Bernas, Ma\u0142gorzata Kwiatkowska<\/em><\/p>\n\n\n\n<figure class=\"wp-block-gallery has-nested-images columns-7 is-cropped wp-block-gallery-2 is-layout-flex wp-block-gallery-is-layout-flex\">\n<figure class=\"wp-block-image size-large\"><a href=\"https:\/\/mycielewo.pl\/?attachment_id=37349\"><img loading=\"lazy\" decoding=\"async\" width=\"300\" height=\"224\" data-id=\"37349\" src=\"https:\/\/mycielewo.pl\/wp-content\/uploads\/2023\/06\/346104096_635523248508261_4735288961002550218_n-300x224.jpg\" alt=\"\" class=\"wp-image-37349\" srcset=\"https:\/\/mycielewo.pl\/wp-content\/uploads\/2023\/06\/346104096_635523248508261_4735288961002550218_n-300x224.jpg 300w, https:\/\/mycielewo.pl\/wp-content\/uploads\/2023\/06\/346104096_635523248508261_4735288961002550218_n-250x187.jpg 250w, https:\/\/mycielewo.pl\/wp-content\/uploads\/2023\/06\/346104096_635523248508261_4735288961002550218_n-768x574.jpg 768w, https:\/\/mycielewo.pl\/wp-content\/uploads\/2023\/06\/346104096_635523248508261_4735288961002550218_n-1536x1148.jpg 1536w, https:\/\/mycielewo.pl\/wp-content\/uploads\/2023\/06\/346104096_635523248508261_4735288961002550218_n.jpg 2048w\" sizes=\"auto, (max-width: 300px) 100vw, 300px\" \/><\/a><\/figure>\n\n\n\n<figure class=\"wp-block-image size-large\"><a href=\"https:\/\/mycielewo.pl\/?attachment_id=37346\"><img loading=\"lazy\" decoding=\"async\" width=\"300\" height=\"135\" data-id=\"37346\" src=\"https:\/\/mycielewo.pl\/wp-content\/uploads\/2023\/06\/348377200_5925211707589209_4332211334912821809_n-300x135.jpg\" alt=\"\" class=\"wp-image-37346\" srcset=\"https:\/\/mycielewo.pl\/wp-content\/uploads\/2023\/06\/348377200_5925211707589209_4332211334912821809_n-300x135.jpg 300w, https:\/\/mycielewo.pl\/wp-content\/uploads\/2023\/06\/348377200_5925211707589209_4332211334912821809_n-250x112.jpg 250w, https:\/\/mycielewo.pl\/wp-content\/uploads\/2023\/06\/348377200_5925211707589209_4332211334912821809_n-768x345.jpg 768w, https:\/\/mycielewo.pl\/wp-content\/uploads\/2023\/06\/348377200_5925211707589209_4332211334912821809_n-1536x691.jpg 1536w, https:\/\/mycielewo.pl\/wp-content\/uploads\/2023\/06\/348377200_5925211707589209_4332211334912821809_n.jpg 2048w\" sizes=\"auto, (max-width: 300px) 100vw, 300px\" \/><\/a><\/figure>\n\n\n\n<figure class=\"wp-block-image size-large\"><a href=\"https:\/\/mycielewo.pl\/?attachment_id=37347\"><img loading=\"lazy\" decoding=\"async\" width=\"300\" height=\"135\" data-id=\"37347\" src=\"https:\/\/mycielewo.pl\/wp-content\/uploads\/2023\/06\/348380528_778926283882463_8227954834547621683_n-300x135.jpg\" alt=\"\" class=\"wp-image-37347\" srcset=\"https:\/\/mycielewo.pl\/wp-content\/uploads\/2023\/06\/348380528_778926283882463_8227954834547621683_n-300x135.jpg 300w, https:\/\/mycielewo.pl\/wp-content\/uploads\/2023\/06\/348380528_778926283882463_8227954834547621683_n-250x112.jpg 250w, https:\/\/mycielewo.pl\/wp-content\/uploads\/2023\/06\/348380528_778926283882463_8227954834547621683_n-768x345.jpg 768w, https:\/\/mycielewo.pl\/wp-content\/uploads\/2023\/06\/348380528_778926283882463_8227954834547621683_n-1536x691.jpg 1536w, https:\/\/mycielewo.pl\/wp-content\/uploads\/2023\/06\/348380528_778926283882463_8227954834547621683_n.jpg 2048w\" sizes=\"auto, (max-width: 300px) 100vw, 300px\" \/><\/a><\/figure>\n\n\n\n<figure class=\"wp-block-image size-large\"><a href=\"https:\/\/mycielewo.pl\/?attachment_id=37348\"><img loading=\"lazy\" decoding=\"async\" width=\"300\" height=\"224\" data-id=\"37348\" src=\"https:\/\/mycielewo.pl\/wp-content\/uploads\/2023\/06\/348385957_142951432106821_9132021811560870642_n-300x224.jpg\" alt=\"\" class=\"wp-image-37348\" srcset=\"https:\/\/mycielewo.pl\/wp-content\/uploads\/2023\/06\/348385957_142951432106821_9132021811560870642_n-300x224.jpg 300w, https:\/\/mycielewo.pl\/wp-content\/uploads\/2023\/06\/348385957_142951432106821_9132021811560870642_n-250x187.jpg 250w, https:\/\/mycielewo.pl\/wp-content\/uploads\/2023\/06\/348385957_142951432106821_9132021811560870642_n-768x574.jpg 768w, https:\/\/mycielewo.pl\/wp-content\/uploads\/2023\/06\/348385957_142951432106821_9132021811560870642_n-1536x1148.jpg 1536w, https:\/\/mycielewo.pl\/wp-content\/uploads\/2023\/06\/348385957_142951432106821_9132021811560870642_n.jpg 2048w\" sizes=\"auto, (max-width: 300px) 100vw, 300px\" \/><\/a><\/figure>\n\n\n\n<figure class=\"wp-block-image size-large\"><a href=\"https:\/\/mycielewo.pl\/?attachment_id=37351\"><img loading=\"lazy\" decoding=\"async\" width=\"226\" height=\"300\" data-id=\"37351\" src=\"https:\/\/mycielewo.pl\/wp-content\/uploads\/2023\/06\/349218435_797478298629997_12661118158847716_n-226x300.jpg\" alt=\"\" class=\"wp-image-37351\" srcset=\"https:\/\/mycielewo.pl\/wp-content\/uploads\/2023\/06\/349218435_797478298629997_12661118158847716_n-226x300.jpg 226w, https:\/\/mycielewo.pl\/wp-content\/uploads\/2023\/06\/349218435_797478298629997_12661118158847716_n-188x250.jpg 188w, https:\/\/mycielewo.pl\/wp-content\/uploads\/2023\/06\/349218435_797478298629997_12661118158847716_n-768x1020.jpg 768w, https:\/\/mycielewo.pl\/wp-content\/uploads\/2023\/06\/349218435_797478298629997_12661118158847716_n-1157x1536.jpg 1157w, https:\/\/mycielewo.pl\/wp-content\/uploads\/2023\/06\/349218435_797478298629997_12661118158847716_n.jpg 1542w\" sizes=\"auto, (max-width: 226px) 100vw, 226px\" \/><\/a><\/figure>\n\n\n\n<figure class=\"wp-block-image size-large\"><a href=\"https:\/\/mycielewo.pl\/?attachment_id=37350\"><img loading=\"lazy\" decoding=\"async\" width=\"300\" height=\"226\" data-id=\"37350\" src=\"https:\/\/mycielewo.pl\/wp-content\/uploads\/2023\/06\/350371595_5984971698279873_4562480668984778342_n-300x226.jpg\" alt=\"\" class=\"wp-image-37350\" srcset=\"https:\/\/mycielewo.pl\/wp-content\/uploads\/2023\/06\/350371595_5984971698279873_4562480668984778342_n-300x226.jpg 300w, https:\/\/mycielewo.pl\/wp-content\/uploads\/2023\/06\/350371595_5984971698279873_4562480668984778342_n-250x188.jpg 250w, https:\/\/mycielewo.pl\/wp-content\/uploads\/2023\/06\/350371595_5984971698279873_4562480668984778342_n-768x578.jpg 768w, https:\/\/mycielewo.pl\/wp-content\/uploads\/2023\/06\/350371595_5984971698279873_4562480668984778342_n-1536x1157.jpg 1536w, https:\/\/mycielewo.pl\/wp-content\/uploads\/2023\/06\/350371595_5984971698279873_4562480668984778342_n.jpg 2048w\" sizes=\"auto, (max-width: 300px) 100vw, 300px\" \/><\/a><\/figure>\n\n\n\n<figure class=\"wp-block-image size-large\"><a href=\"https:\/\/mycielewo.pl\/?attachment_id=37352\"><img loading=\"lazy\" decoding=\"async\" width=\"226\" height=\"300\" data-id=\"37352\" src=\"https:\/\/mycielewo.pl\/wp-content\/uploads\/2023\/06\/350375301_925395922080782_3936149546069103071_n-226x300.jpg\" alt=\"\" class=\"wp-image-37352\" srcset=\"https:\/\/mycielewo.pl\/wp-content\/uploads\/2023\/06\/350375301_925395922080782_3936149546069103071_n-226x300.jpg 226w, https:\/\/mycielewo.pl\/wp-content\/uploads\/2023\/06\/350375301_925395922080782_3936149546069103071_n-188x250.jpg 188w, https:\/\/mycielewo.pl\/wp-content\/uploads\/2023\/06\/350375301_925395922080782_3936149546069103071_n-768x1020.jpg 768w, https:\/\/mycielewo.pl\/wp-content\/uploads\/2023\/06\/350375301_925395922080782_3936149546069103071_n-1157x1536.jpg 1157w, https:\/\/mycielewo.pl\/wp-content\/uploads\/2023\/06\/350375301_925395922080782_3936149546069103071_n.jpg 1542w\" sizes=\"auto, (max-width: 226px) 100vw, 226px\" \/><\/a><\/figure>\n<\/figure>\n","protected":false},"excerpt":{"rendered":"<p>19 maja uczniowie 2023 r. z kl. III, IV i V pod opiek\u0105 p. dyrektor K. Walasiewicz, A. Pyszczy\u0144skiej, M. Bernas i M. Kwiatkowskiej udali si\u0119 do Teatru Kameralnego w Bydgoszczy na musical &#8222;Matylda&#8221;. Przedstawienie to musicalowy hit dla widz\u00f3w w ka\u017cdym wieku a przeniesiony do Bydgoszczy prosto ze scen West Endu i Broadway&#8217;u.\u00a0Opowiada o&hellip; <a class=\"continue\" href=\"https:\/\/mycielewo.pl\/?p=37345\">Kontynuuj czytanie<span> Pi\u0105tkowy wiecz\u00f3r z &#8222;Matyld\u0105&#8221;\u00a0\u00a0\u00a0\u00a0\u00a0\u00a0\u00a0\u00a0\u00a0\u00a0\u00a0\u00a0\u00a0\u00a0\u00a0\u00a0\u00a0\u00a0\u00a0\u00a0\u00a0\u00a0\u00a0\u00a0\u00a0\u00a0\u00a0\u00a0\u00a0\u00a0<\/span><\/a><\/p>\n","protected":false},"author":1,"featured_media":0,"comment_status":"open","ping_status":"open","sticky":false,"template":"","format":"standard","meta":{"footnotes":""},"categories":[1],"tags":[],"class_list":["post-37345","post","type-post","status-publish","format-standard","hentry","category-bez-kategorii"],"_links":{"self":[{"href":"https:\/\/mycielewo.pl\/index.php?rest_route=\/wp\/v2\/posts\/37345","targetHints":{"allow":["GET"]}}],"collection":[{"href":"https:\/\/mycielewo.pl\/index.php?rest_route=\/wp\/v2\/posts"}],"about":[{"href":"https:\/\/mycielewo.pl\/index.php?rest_route=\/wp\/v2\/types\/post"}],"author":[{"embeddable":true,"href":"https:\/\/mycielewo.pl\/index.php?rest_route=\/wp\/v2\/users\/1"}],"replies":[{"embeddable":true,"href":"https:\/\/mycielewo.pl\/index.php?rest_route=%2Fwp%2Fv2%2Fcomments&post=37345"}],"version-history":[{"count":4,"href":"https:\/\/mycielewo.pl\/index.php?rest_route=\/wp\/v2\/posts\/37345\/revisions"}],"predecessor-version":[{"id":37408,"href":"https:\/\/mycielewo.pl\/index.php?rest_route=\/wp\/v2\/posts\/37345\/revisions\/37408"}],"wp:attachment":[{"href":"https:\/\/mycielewo.pl\/index.php?rest_route=%2Fwp%2Fv2%2Fmedia&parent=37345"}],"wp:term":[{"taxonomy":"category","embeddable":true,"href":"https:\/\/mycielewo.pl\/index.php?rest_route=%2Fwp%2Fv2%2Fcategories&post=37345"},{"taxonomy":"post_tag","embeddable":true,"href":"https:\/\/mycielewo.pl\/index.php?rest_route=%2Fwp%2Fv2%2Ftags&post=37345"}],"curies":[{"name":"wp","href":"https:\/\/api.w.org\/{rel}","templated":true}]}}