{"id":37334,"date":"2023-06-19T14:46:35","date_gmt":"2023-06-19T14:46:35","guid":{"rendered":"http:\/\/www.mycielewo.pl\/?p=37334"},"modified":"2023-06-19T14:50:14","modified_gmt":"2023-06-19T14:50:14","slug":"vi-edycja-miedzyszkolnego-konkursu-ze-zrodel-karlowa","status":"publish","type":"post","link":"https:\/\/mycielewo.pl\/?p=37334","title":{"rendered":"VI EDYCJA MI\u0118DZYSZKOLNEGO KONKURSU &#8222;ZE \u0179R\u00d3DE\u0141 KAR\u0141OWA&#8221;"},"content":{"rendered":"\n<p><strong>W poniedzia\u0142ek, 12 czerwca 2023 roku uczniowie w sk\u0142adzie: Laura Dolatowska &#8211; kl. V, Maja Jaszak &#8211; kl. VI i Alan Hak &#8211; kl. V wzi\u0119li udzia\u0142 w mi\u0119dzyszkolnym konkursie o b\u0142ogos\u0142awionej Marii Kar\u0142owskiej, zorganizowanym przez Szko\u0142\u0119 Podstawow\u0105 w Dobieszewie.<\/strong><\/p>\n\n\n\n<p>Reprezentanci Szko\u0142y Podstawowej w Mycielewie wykazali si\u0119 wspania\u0142\u0105 wiedz\u0105 o \u017cyciu i dzia\u0142alno\u015bci b\u0142ogos\u0142awionej, zajmuj\u0105c wysokie miejsca: <strong>Maja Jaszak<\/strong> &#8211; I miejsce, <strong>Laura Dolatowska<\/strong> &#8211; III miejsce, <strong>Alan Hak<\/strong> &#8211; IV miejsce. Dru\u017cynowo Mycielewo zaj\u0119\u0142o I miejsce.<\/p>\n\n\n\n<p>Wszystkich nagrodzono medalami i pami\u0105tkow\u0105 statuetk\u0105. Gratulujemy!<\/p>\n\n\n\n<p class=\"has-text-align-right\"><em>Renata Szczepaniak<\/em><\/p>\n\n\n\n<figure class=\"wp-block-gallery has-nested-images columns-6 is-cropped wp-block-gallery-2 is-layout-flex wp-block-gallery-is-layout-flex\">\n<figure class=\"wp-block-image size-large\"><a href=\"https:\/\/mycielewo.pl\/?attachment_id=37337\"><img loading=\"lazy\" decoding=\"async\" width=\"225\" height=\"300\" data-id=\"37337\" src=\"https:\/\/mycielewo.pl\/wp-content\/uploads\/2023\/06\/image1-2-225x300.jpg\" alt=\"\" class=\"wp-image-37337\" srcset=\"https:\/\/mycielewo.pl\/wp-content\/uploads\/2023\/06\/image1-2-225x300.jpg 225w, https:\/\/mycielewo.pl\/wp-content\/uploads\/2023\/06\/image1-2-188x250.jpg 188w, https:\/\/mycielewo.pl\/wp-content\/uploads\/2023\/06\/image1-2.jpg 675w\" sizes=\"auto, (max-width: 225px) 100vw, 225px\" \/><\/a><\/figure>\n\n\n\n<figure class=\"wp-block-image size-large\"><a href=\"https:\/\/mycielewo.pl\/?attachment_id=37339\"><img loading=\"lazy\" decoding=\"async\" width=\"225\" height=\"300\" data-id=\"37339\" src=\"https:\/\/mycielewo.pl\/wp-content\/uploads\/2023\/06\/image2-2-225x300.jpg\" alt=\"\" class=\"wp-image-37339\" srcset=\"https:\/\/mycielewo.pl\/wp-content\/uploads\/2023\/06\/image2-2-225x300.jpg 225w, https:\/\/mycielewo.pl\/wp-content\/uploads\/2023\/06\/image2-2-188x250.jpg 188w, https:\/\/mycielewo.pl\/wp-content\/uploads\/2023\/06\/image2-2.jpg 675w\" sizes=\"auto, (max-width: 225px) 100vw, 225px\" \/><\/a><\/figure>\n\n\n\n<figure class=\"wp-block-image size-large\"><a href=\"https:\/\/mycielewo.pl\/?attachment_id=37340\"><img loading=\"lazy\" decoding=\"async\" width=\"225\" height=\"300\" data-id=\"37340\" src=\"https:\/\/mycielewo.pl\/wp-content\/uploads\/2023\/06\/image3-2-225x300.jpg\" alt=\"\" class=\"wp-image-37340\" srcset=\"https:\/\/mycielewo.pl\/wp-content\/uploads\/2023\/06\/image3-2-225x300.jpg 225w, https:\/\/mycielewo.pl\/wp-content\/uploads\/2023\/06\/image3-2-188x250.jpg 188w, https:\/\/mycielewo.pl\/wp-content\/uploads\/2023\/06\/image3-2.jpg 675w\" sizes=\"auto, (max-width: 225px) 100vw, 225px\" \/><\/a><\/figure>\n\n\n\n<figure class=\"wp-block-image size-large\"><a href=\"https:\/\/mycielewo.pl\/?attachment_id=37341\"><img loading=\"lazy\" decoding=\"async\" width=\"225\" height=\"300\" data-id=\"37341\" src=\"https:\/\/mycielewo.pl\/wp-content\/uploads\/2023\/06\/image4-2-225x300.jpg\" alt=\"\" class=\"wp-image-37341\" srcset=\"https:\/\/mycielewo.pl\/wp-content\/uploads\/2023\/06\/image4-2-225x300.jpg 225w, https:\/\/mycielewo.pl\/wp-content\/uploads\/2023\/06\/image4-2-188x250.jpg 188w, https:\/\/mycielewo.pl\/wp-content\/uploads\/2023\/06\/image4-2.jpg 675w\" sizes=\"auto, (max-width: 225px) 100vw, 225px\" \/><\/a><\/figure>\n\n\n\n<figure class=\"wp-block-image size-large\"><a href=\"https:\/\/mycielewo.pl\/?attachment_id=37336\"><img loading=\"lazy\" decoding=\"async\" width=\"225\" height=\"300\" data-id=\"37336\" src=\"https:\/\/mycielewo.pl\/wp-content\/uploads\/2023\/06\/image5-2-225x300.jpg\" alt=\"\" class=\"wp-image-37336\" srcset=\"https:\/\/mycielewo.pl\/wp-content\/uploads\/2023\/06\/image5-2-225x300.jpg 225w, https:\/\/mycielewo.pl\/wp-content\/uploads\/2023\/06\/image5-2-188x250.jpg 188w, https:\/\/mycielewo.pl\/wp-content\/uploads\/2023\/06\/image5-2.jpg 675w\" sizes=\"auto, (max-width: 225px) 100vw, 225px\" \/><\/a><\/figure>\n\n\n\n<figure class=\"wp-block-image size-large\"><a href=\"https:\/\/mycielewo.pl\/?attachment_id=37338\"><img loading=\"lazy\" decoding=\"async\" width=\"225\" height=\"300\" data-id=\"37338\" src=\"https:\/\/mycielewo.pl\/wp-content\/uploads\/2023\/06\/image6-2-225x300.jpg\" alt=\"\" class=\"wp-image-37338\" srcset=\"https:\/\/mycielewo.pl\/wp-content\/uploads\/2023\/06\/image6-2-225x300.jpg 225w, https:\/\/mycielewo.pl\/wp-content\/uploads\/2023\/06\/image6-2-188x250.jpg 188w, https:\/\/mycielewo.pl\/wp-content\/uploads\/2023\/06\/image6-2.jpg 675w\" sizes=\"auto, (max-width: 225px) 100vw, 225px\" \/><\/a><\/figure>\n<\/figure>\n","protected":false},"excerpt":{"rendered":"<p>W poniedzia\u0142ek, 12 czerwca 2023 roku uczniowie w sk\u0142adzie: Laura Dolatowska &#8211; kl. V, Maja Jaszak &#8211; kl. VI i Alan Hak &#8211; kl. V wzi\u0119li udzia\u0142 w mi\u0119dzyszkolnym konkursie o b\u0142ogos\u0142awionej Marii Kar\u0142owskiej, zorganizowanym przez Szko\u0142\u0119 Podstawow\u0105 w Dobieszewie. Reprezentanci Szko\u0142y Podstawowej w Mycielewie wykazali si\u0119 wspania\u0142\u0105 wiedz\u0105 o \u017cyciu i dzia\u0142alno\u015bci b\u0142ogos\u0142awionej, zajmuj\u0105c&hellip; <a class=\"continue\" href=\"https:\/\/mycielewo.pl\/?p=37334\">Kontynuuj czytanie<span> VI EDYCJA MI\u0118DZYSZKOLNEGO KONKURSU &#8222;ZE \u0179R\u00d3DE\u0141 KAR\u0141OWA&#8221;<\/span><\/a><\/p>\n","protected":false},"author":1,"featured_media":0,"comment_status":"open","ping_status":"open","sticky":false,"template":"","format":"standard","meta":{"footnotes":""},"categories":[1],"tags":[],"class_list":["post-37334","post","type-post","status-publish","format-standard","hentry","category-bez-kategorii"],"_links":{"self":[{"href":"https:\/\/mycielewo.pl\/index.php?rest_route=\/wp\/v2\/posts\/37334","targetHints":{"allow":["GET"]}}],"collection":[{"href":"https:\/\/mycielewo.pl\/index.php?rest_route=\/wp\/v2\/posts"}],"about":[{"href":"https:\/\/mycielewo.pl\/index.php?rest_route=\/wp\/v2\/types\/post"}],"author":[{"embeddable":true,"href":"https:\/\/mycielewo.pl\/index.php?rest_route=\/wp\/v2\/users\/1"}],"replies":[{"embeddable":true,"href":"https:\/\/mycielewo.pl\/index.php?rest_route=%2Fwp%2Fv2%2Fcomments&post=37334"}],"version-history":[{"count":3,"href":"https:\/\/mycielewo.pl\/index.php?rest_route=\/wp\/v2\/posts\/37334\/revisions"}],"predecessor-version":[{"id":37343,"href":"https:\/\/mycielewo.pl\/index.php?rest_route=\/wp\/v2\/posts\/37334\/revisions\/37343"}],"wp:attachment":[{"href":"https:\/\/mycielewo.pl\/index.php?rest_route=%2Fwp%2Fv2%2Fmedia&parent=37334"}],"wp:term":[{"taxonomy":"category","embeddable":true,"href":"https:\/\/mycielewo.pl\/index.php?rest_route=%2Fwp%2Fv2%2Fcategories&post=37334"},{"taxonomy":"post_tag","embeddable":true,"href":"https:\/\/mycielewo.pl\/index.php?rest_route=%2Fwp%2Fv2%2Ftags&post=37334"}],"curies":[{"name":"wp","href":"https:\/\/api.w.org\/{rel}","templated":true}]}}