{"id":37326,"date":"2023-06-19T07:32:40","date_gmt":"2023-06-19T07:32:40","guid":{"rendered":"http:\/\/www.mycielewo.pl\/?p=37326"},"modified":"2023-06-19T07:32:40","modified_gmt":"2023-06-19T07:32:40","slug":"gminny-konkurs-ekologiczny-badz-milosnikiem-przyrody","status":"publish","type":"post","link":"https:\/\/mycielewo.pl\/?p=37326","title":{"rendered":"Gminny Konkurs Ekologiczny \u201eB\u0105d\u017a Mi\u0142o\u015bnikiem Przyrody\u201d"},"content":{"rendered":"\n<p><strong>14 czerwca z okazji dnia Ochrony \u015arodowiska (5 czerwca) w Szkole Podstawowej w Laskownicy odby\u0142 si\u0119 Gminny Konkurs Ekologiczny pod nazw\u0105 ,,B\u0105d\u017a Mi\u0142o\u015bnikiem Przyrody&#8221; w kt\u00f3rym Martyna Wiekiera zaj\u0119\u0142a II miejsce \u2013 BRAWO!<\/strong><\/p>\n\n\n\n<p>&nbsp;Do konkursu zg\u0142osi\u0142y si\u0119 4 szko\u0142y: Szko\u0142a Podstawowa z Dobieszewa, Mycielewa, Palmierowa i Laskownicy. Nasz\u0105 szko\u0142\u0119 reprezentowa\u0142y uczennice klasy 4 <strong>Martyna Wiekiera i Julia Czechowska<\/strong>. Dziewcz\u0119ta musia\u0142y opanowa\u0107 obszerny materia\u0142 z zakresu przyrody i ekologii. Rywalizacja by\u0142a bardzo wyr\u00f3wnana i tak naprawd\u0119 miejsca r\u00f3\u017cni\u0142 tylko 1 punkty. Cieszymy si\u0119 bardzo z wyst\u0119pu obydwu uczennic i \u017cyczymy powodzenia za rok.<\/p>\n\n\n\n<figure class=\"wp-block-gallery has-nested-images columns-6 is-cropped wp-block-gallery-2 is-layout-flex wp-block-gallery-is-layout-flex\">\n<figure class=\"wp-block-image size-large\"><a href=\"https:\/\/mycielewo.pl\/?attachment_id=37328\"><img loading=\"lazy\" decoding=\"async\" width=\"300\" height=\"135\" data-id=\"37328\" src=\"https:\/\/mycielewo.pl\/wp-content\/uploads\/2023\/06\/image001-12-300x135.jpg\" alt=\"\" class=\"wp-image-37328\" srcset=\"https:\/\/mycielewo.pl\/wp-content\/uploads\/2023\/06\/image001-12-300x135.jpg 300w, https:\/\/mycielewo.pl\/wp-content\/uploads\/2023\/06\/image001-12-250x113.jpg 250w, https:\/\/mycielewo.pl\/wp-content\/uploads\/2023\/06\/image001-12-768x346.jpg 768w, https:\/\/mycielewo.pl\/wp-content\/uploads\/2023\/06\/image001-12.jpg 1200w\" sizes=\"auto, (max-width: 300px) 100vw, 300px\" \/><\/a><\/figure>\n\n\n\n<figure class=\"wp-block-image size-large\"><a href=\"https:\/\/mycielewo.pl\/?attachment_id=37327\"><img loading=\"lazy\" decoding=\"async\" width=\"300\" height=\"135\" data-id=\"37327\" src=\"https:\/\/mycielewo.pl\/wp-content\/uploads\/2023\/06\/image002-12-300x135.jpg\" alt=\"\" class=\"wp-image-37327\" srcset=\"https:\/\/mycielewo.pl\/wp-content\/uploads\/2023\/06\/image002-12-300x135.jpg 300w, https:\/\/mycielewo.pl\/wp-content\/uploads\/2023\/06\/image002-12-250x113.jpg 250w, https:\/\/mycielewo.pl\/wp-content\/uploads\/2023\/06\/image002-12-768x346.jpg 768w, https:\/\/mycielewo.pl\/wp-content\/uploads\/2023\/06\/image002-12.jpg 1200w\" sizes=\"auto, (max-width: 300px) 100vw, 300px\" \/><\/a><\/figure>\n\n\n\n<figure class=\"wp-block-image size-large\"><a href=\"https:\/\/mycielewo.pl\/?attachment_id=37329\"><img loading=\"lazy\" decoding=\"async\" width=\"135\" height=\"300\" data-id=\"37329\" src=\"https:\/\/mycielewo.pl\/wp-content\/uploads\/2023\/06\/image003-12-135x300.jpg\" alt=\"\" class=\"wp-image-37329\" srcset=\"https:\/\/mycielewo.pl\/wp-content\/uploads\/2023\/06\/image003-12-135x300.jpg 135w, https:\/\/mycielewo.pl\/wp-content\/uploads\/2023\/06\/image003-12-113x250.jpg 113w, https:\/\/mycielewo.pl\/wp-content\/uploads\/2023\/06\/image003-12.jpg 405w\" sizes=\"auto, (max-width: 135px) 100vw, 135px\" \/><\/a><\/figure>\n\n\n\n<figure class=\"wp-block-image size-large\"><a href=\"https:\/\/mycielewo.pl\/?attachment_id=37332\"><img loading=\"lazy\" decoding=\"async\" width=\"135\" height=\"300\" data-id=\"37332\" src=\"https:\/\/mycielewo.pl\/wp-content\/uploads\/2023\/06\/image004-11-135x300.jpg\" alt=\"\" class=\"wp-image-37332\" srcset=\"https:\/\/mycielewo.pl\/wp-content\/uploads\/2023\/06\/image004-11-135x300.jpg 135w, https:\/\/mycielewo.pl\/wp-content\/uploads\/2023\/06\/image004-11-113x250.jpg 113w, https:\/\/mycielewo.pl\/wp-content\/uploads\/2023\/06\/image004-11.jpg 405w\" sizes=\"auto, (max-width: 135px) 100vw, 135px\" \/><\/a><\/figure>\n\n\n\n<figure class=\"wp-block-image size-large\"><a href=\"https:\/\/mycielewo.pl\/?attachment_id=37330\"><img loading=\"lazy\" decoding=\"async\" width=\"135\" height=\"300\" data-id=\"37330\" src=\"https:\/\/mycielewo.pl\/wp-content\/uploads\/2023\/06\/image005-11-135x300.jpg\" alt=\"\" class=\"wp-image-37330\" srcset=\"https:\/\/mycielewo.pl\/wp-content\/uploads\/2023\/06\/image005-11-135x300.jpg 135w, https:\/\/mycielewo.pl\/wp-content\/uploads\/2023\/06\/image005-11-113x250.jpg 113w, https:\/\/mycielewo.pl\/wp-content\/uploads\/2023\/06\/image005-11.jpg 405w\" sizes=\"auto, (max-width: 135px) 100vw, 135px\" \/><\/a><\/figure>\n\n\n\n<figure class=\"wp-block-image size-large\"><a href=\"https:\/\/mycielewo.pl\/?attachment_id=37331\"><img loading=\"lazy\" decoding=\"async\" width=\"135\" height=\"300\" data-id=\"37331\" src=\"https:\/\/mycielewo.pl\/wp-content\/uploads\/2023\/06\/image006-11-135x300.jpg\" alt=\"\" class=\"wp-image-37331\" srcset=\"https:\/\/mycielewo.pl\/wp-content\/uploads\/2023\/06\/image006-11-135x300.jpg 135w, https:\/\/mycielewo.pl\/wp-content\/uploads\/2023\/06\/image006-11-113x250.jpg 113w, https:\/\/mycielewo.pl\/wp-content\/uploads\/2023\/06\/image006-11.jpg 405w\" sizes=\"auto, (max-width: 135px) 100vw, 135px\" \/><\/a><\/figure>\n<\/figure>\n","protected":false},"excerpt":{"rendered":"<p>14 czerwca z okazji dnia Ochrony \u015arodowiska (5 czerwca) w Szkole Podstawowej w Laskownicy odby\u0142 si\u0119 Gminny Konkurs Ekologiczny pod nazw\u0105 ,,B\u0105d\u017a Mi\u0142o\u015bnikiem Przyrody&#8221; w kt\u00f3rym Martyna Wiekiera zaj\u0119\u0142a II miejsce \u2013 BRAWO! &nbsp;Do konkursu zg\u0142osi\u0142y si\u0119 4 szko\u0142y: Szko\u0142a Podstawowa z Dobieszewa, Mycielewa, Palmierowa i Laskownicy. Nasz\u0105 szko\u0142\u0119 reprezentowa\u0142y uczennice klasy 4 Martyna Wiekiera&hellip; <a class=\"continue\" href=\"https:\/\/mycielewo.pl\/?p=37326\">Kontynuuj czytanie<span> Gminny Konkurs Ekologiczny \u201eB\u0105d\u017a Mi\u0142o\u015bnikiem Przyrody\u201d<\/span><\/a><\/p>\n","protected":false},"author":1,"featured_media":0,"comment_status":"open","ping_status":"open","sticky":false,"template":"","format":"standard","meta":{"footnotes":""},"categories":[1],"tags":[],"class_list":["post-37326","post","type-post","status-publish","format-standard","hentry","category-bez-kategorii"],"_links":{"self":[{"href":"https:\/\/mycielewo.pl\/index.php?rest_route=\/wp\/v2\/posts\/37326","targetHints":{"allow":["GET"]}}],"collection":[{"href":"https:\/\/mycielewo.pl\/index.php?rest_route=\/wp\/v2\/posts"}],"about":[{"href":"https:\/\/mycielewo.pl\/index.php?rest_route=\/wp\/v2\/types\/post"}],"author":[{"embeddable":true,"href":"https:\/\/mycielewo.pl\/index.php?rest_route=\/wp\/v2\/users\/1"}],"replies":[{"embeddable":true,"href":"https:\/\/mycielewo.pl\/index.php?rest_route=%2Fwp%2Fv2%2Fcomments&post=37326"}],"version-history":[{"count":1,"href":"https:\/\/mycielewo.pl\/index.php?rest_route=\/wp\/v2\/posts\/37326\/revisions"}],"predecessor-version":[{"id":37333,"href":"https:\/\/mycielewo.pl\/index.php?rest_route=\/wp\/v2\/posts\/37326\/revisions\/37333"}],"wp:attachment":[{"href":"https:\/\/mycielewo.pl\/index.php?rest_route=%2Fwp%2Fv2%2Fmedia&parent=37326"}],"wp:term":[{"taxonomy":"category","embeddable":true,"href":"https:\/\/mycielewo.pl\/index.php?rest_route=%2Fwp%2Fv2%2Fcategories&post=37326"},{"taxonomy":"post_tag","embeddable":true,"href":"https:\/\/mycielewo.pl\/index.php?rest_route=%2Fwp%2Fv2%2Ftags&post=37326"}],"curies":[{"name":"wp","href":"https:\/\/api.w.org\/{rel}","templated":true}]}}