{"id":37286,"date":"2023-06-19T07:17:04","date_gmt":"2023-06-19T07:17:04","guid":{"rendered":"http:\/\/www.mycielewo.pl\/?p=37286"},"modified":"2023-06-20T10:40:19","modified_gmt":"2023-06-20T10:40:19","slug":"dni-otwarte-2","status":"publish","type":"post","link":"https:\/\/mycielewo.pl\/?p=37286","title":{"rendered":"Dni Otwarte"},"content":{"rendered":"\n<p><strong>15 czerwca 2023 r. do Oddzia\u0142\u00f3w Przedszkolnych zawita\u0142y dzieci, kt\u00f3re od wrze\u015bnia b\u0119d\u0105 nowymi przedszkolakami. <\/strong><\/p>\n\n\n\n<p>Dzieci w towarzystwie rodzic\u00f3w pozna\u0142y nowe otoczenie, sale oraz zapozna\u0142y si\u0119 z Paniami. Do\u015bwiadczy\u0142y zabawy w gronie r\u00f3wie\u015bnik\u00f3w, ch\u0119tnie bra\u0142y udzia\u0142 w zabawach integracyjnych oraz muzyczno-ruchowych. Podczas spotkania by\u0142o weso\u0142o.<\/p>\n\n\n\n<p>Do zobaczenia po wakacjach!<\/p>\n\n\n\n<p class=\"has-text-align-right\"><em>Iwona Wojtkowiak, Dominika Piechowiak<\/em><\/p>\n\n\n\n<figure class=\"wp-block-gallery has-nested-images columns-8 is-cropped wp-block-gallery-2 is-layout-flex wp-block-gallery-is-layout-flex\">\n<figure class=\"wp-block-image size-large\"><a href=\"https:\/\/mycielewo.pl\/?attachment_id=37291\"><img loading=\"lazy\" decoding=\"async\" width=\"225\" height=\"300\" data-id=\"37291\" src=\"https:\/\/mycielewo.pl\/wp-content\/uploads\/2023\/06\/image001-10-225x300.jpg\" alt=\"\" class=\"wp-image-37291\" srcset=\"https:\/\/mycielewo.pl\/wp-content\/uploads\/2023\/06\/image001-10-225x300.jpg 225w, https:\/\/mycielewo.pl\/wp-content\/uploads\/2023\/06\/image001-10-188x250.jpg 188w, https:\/\/mycielewo.pl\/wp-content\/uploads\/2023\/06\/image001-10.jpg 675w\" sizes=\"auto, (max-width: 225px) 100vw, 225px\" \/><\/a><\/figure>\n\n\n\n<figure class=\"wp-block-image size-large\"><a href=\"https:\/\/mycielewo.pl\/?attachment_id=37290\"><img loading=\"lazy\" decoding=\"async\" width=\"225\" height=\"300\" data-id=\"37290\" src=\"https:\/\/mycielewo.pl\/wp-content\/uploads\/2023\/06\/image002-10-225x300.jpg\" alt=\"\" class=\"wp-image-37290\" srcset=\"https:\/\/mycielewo.pl\/wp-content\/uploads\/2023\/06\/image002-10-225x300.jpg 225w, https:\/\/mycielewo.pl\/wp-content\/uploads\/2023\/06\/image002-10-188x250.jpg 188w, https:\/\/mycielewo.pl\/wp-content\/uploads\/2023\/06\/image002-10.jpg 675w\" sizes=\"auto, (max-width: 225px) 100vw, 225px\" \/><\/a><\/figure>\n\n\n\n<figure class=\"wp-block-image size-large\"><a href=\"https:\/\/mycielewo.pl\/?attachment_id=37287\"><img loading=\"lazy\" decoding=\"async\" width=\"225\" height=\"300\" data-id=\"37287\" src=\"https:\/\/mycielewo.pl\/wp-content\/uploads\/2023\/06\/image003-10-225x300.jpg\" alt=\"\" class=\"wp-image-37287\" srcset=\"https:\/\/mycielewo.pl\/wp-content\/uploads\/2023\/06\/image003-10-225x300.jpg 225w, https:\/\/mycielewo.pl\/wp-content\/uploads\/2023\/06\/image003-10-188x250.jpg 188w, https:\/\/mycielewo.pl\/wp-content\/uploads\/2023\/06\/image003-10.jpg 675w\" sizes=\"auto, (max-width: 225px) 100vw, 225px\" \/><\/a><\/figure>\n\n\n\n<figure class=\"wp-block-image size-large\"><a href=\"https:\/\/mycielewo.pl\/?attachment_id=37288\"><img loading=\"lazy\" decoding=\"async\" width=\"225\" height=\"300\" data-id=\"37288\" src=\"https:\/\/mycielewo.pl\/wp-content\/uploads\/2023\/06\/image004-9-225x300.jpg\" alt=\"\" class=\"wp-image-37288\" srcset=\"https:\/\/mycielewo.pl\/wp-content\/uploads\/2023\/06\/image004-9-225x300.jpg 225w, https:\/\/mycielewo.pl\/wp-content\/uploads\/2023\/06\/image004-9-188x250.jpg 188w, https:\/\/mycielewo.pl\/wp-content\/uploads\/2023\/06\/image004-9.jpg 675w\" sizes=\"auto, (max-width: 225px) 100vw, 225px\" \/><\/a><\/figure>\n\n\n\n<figure class=\"wp-block-image size-large\"><a href=\"https:\/\/mycielewo.pl\/?attachment_id=37292\"><img loading=\"lazy\" decoding=\"async\" width=\"225\" height=\"300\" data-id=\"37292\" src=\"https:\/\/mycielewo.pl\/wp-content\/uploads\/2023\/06\/image005-9-225x300.jpg\" alt=\"\" class=\"wp-image-37292\" srcset=\"https:\/\/mycielewo.pl\/wp-content\/uploads\/2023\/06\/image005-9-225x300.jpg 225w, https:\/\/mycielewo.pl\/wp-content\/uploads\/2023\/06\/image005-9-188x250.jpg 188w, https:\/\/mycielewo.pl\/wp-content\/uploads\/2023\/06\/image005-9.jpg 675w\" sizes=\"auto, (max-width: 225px) 100vw, 225px\" \/><\/a><\/figure>\n\n\n\n<figure class=\"wp-block-image size-large\"><a href=\"https:\/\/mycielewo.pl\/?attachment_id=37289\"><img loading=\"lazy\" decoding=\"async\" width=\"225\" height=\"300\" data-id=\"37289\" src=\"https:\/\/mycielewo.pl\/wp-content\/uploads\/2023\/06\/image006-9-225x300.jpg\" alt=\"\" class=\"wp-image-37289\" srcset=\"https:\/\/mycielewo.pl\/wp-content\/uploads\/2023\/06\/image006-9-225x300.jpg 225w, https:\/\/mycielewo.pl\/wp-content\/uploads\/2023\/06\/image006-9-188x250.jpg 188w, https:\/\/mycielewo.pl\/wp-content\/uploads\/2023\/06\/image006-9.jpg 675w\" sizes=\"auto, (max-width: 225px) 100vw, 225px\" \/><\/a><\/figure>\n\n\n\n<figure class=\"wp-block-image size-large\"><a href=\"https:\/\/mycielewo.pl\/?attachment_id=37293\"><img loading=\"lazy\" decoding=\"async\" width=\"225\" height=\"300\" data-id=\"37293\" src=\"https:\/\/mycielewo.pl\/wp-content\/uploads\/2023\/06\/image007-9-225x300.jpg\" alt=\"\" class=\"wp-image-37293\" srcset=\"https:\/\/mycielewo.pl\/wp-content\/uploads\/2023\/06\/image007-9-225x300.jpg 225w, https:\/\/mycielewo.pl\/wp-content\/uploads\/2023\/06\/image007-9-188x250.jpg 188w, https:\/\/mycielewo.pl\/wp-content\/uploads\/2023\/06\/image007-9.jpg 675w\" sizes=\"auto, (max-width: 225px) 100vw, 225px\" \/><\/a><\/figure>\n\n\n\n<figure class=\"wp-block-image size-large\"><a href=\"https:\/\/mycielewo.pl\/?attachment_id=37294\"><img loading=\"lazy\" decoding=\"async\" width=\"225\" height=\"300\" data-id=\"37294\" src=\"https:\/\/mycielewo.pl\/wp-content\/uploads\/2023\/06\/image008-9-225x300.jpg\" alt=\"\" class=\"wp-image-37294\" srcset=\"https:\/\/mycielewo.pl\/wp-content\/uploads\/2023\/06\/image008-9-225x300.jpg 225w, https:\/\/mycielewo.pl\/wp-content\/uploads\/2023\/06\/image008-9-188x250.jpg 188w, https:\/\/mycielewo.pl\/wp-content\/uploads\/2023\/06\/image008-9.jpg 675w\" sizes=\"auto, (max-width: 225px) 100vw, 225px\" \/><\/a><\/figure>\n\n\n\n<figure class=\"wp-block-image size-large\"><a href=\"https:\/\/mycielewo.pl\/?attachment_id=37295\"><img loading=\"lazy\" decoding=\"async\" width=\"225\" height=\"300\" data-id=\"37295\" src=\"https:\/\/mycielewo.pl\/wp-content\/uploads\/2023\/06\/image009-9-225x300.jpg\" alt=\"\" class=\"wp-image-37295\" srcset=\"https:\/\/mycielewo.pl\/wp-content\/uploads\/2023\/06\/image009-9-225x300.jpg 225w, https:\/\/mycielewo.pl\/wp-content\/uploads\/2023\/06\/image009-9-188x250.jpg 188w, https:\/\/mycielewo.pl\/wp-content\/uploads\/2023\/06\/image009-9.jpg 675w\" sizes=\"auto, (max-width: 225px) 100vw, 225px\" \/><\/a><\/figure>\n\n\n\n<figure class=\"wp-block-image size-large\"><a href=\"https:\/\/mycielewo.pl\/?attachment_id=37299\"><img loading=\"lazy\" decoding=\"async\" width=\"225\" height=\"300\" data-id=\"37299\" src=\"https:\/\/mycielewo.pl\/wp-content\/uploads\/2023\/06\/image010-9-225x300.jpg\" alt=\"\" class=\"wp-image-37299\" srcset=\"https:\/\/mycielewo.pl\/wp-content\/uploads\/2023\/06\/image010-9-225x300.jpg 225w, https:\/\/mycielewo.pl\/wp-content\/uploads\/2023\/06\/image010-9-188x250.jpg 188w, https:\/\/mycielewo.pl\/wp-content\/uploads\/2023\/06\/image010-9.jpg 675w\" sizes=\"auto, (max-width: 225px) 100vw, 225px\" \/><\/a><\/figure>\n\n\n\n<figure class=\"wp-block-image size-large\"><a href=\"https:\/\/mycielewo.pl\/?attachment_id=37296\"><img loading=\"lazy\" decoding=\"async\" width=\"225\" height=\"300\" data-id=\"37296\" src=\"https:\/\/mycielewo.pl\/wp-content\/uploads\/2023\/06\/image011-8-225x300.jpg\" alt=\"\" class=\"wp-image-37296\" srcset=\"https:\/\/mycielewo.pl\/wp-content\/uploads\/2023\/06\/image011-8-225x300.jpg 225w, https:\/\/mycielewo.pl\/wp-content\/uploads\/2023\/06\/image011-8-188x250.jpg 188w, https:\/\/mycielewo.pl\/wp-content\/uploads\/2023\/06\/image011-8.jpg 675w\" sizes=\"auto, (max-width: 225px) 100vw, 225px\" \/><\/a><\/figure>\n\n\n\n<figure class=\"wp-block-image size-large\"><a href=\"https:\/\/mycielewo.pl\/?attachment_id=37298\"><img loading=\"lazy\" decoding=\"async\" width=\"225\" height=\"300\" data-id=\"37298\" src=\"https:\/\/mycielewo.pl\/wp-content\/uploads\/2023\/06\/image013-5-225x300.jpg\" alt=\"\" class=\"wp-image-37298\" srcset=\"https:\/\/mycielewo.pl\/wp-content\/uploads\/2023\/06\/image013-5-225x300.jpg 225w, https:\/\/mycielewo.pl\/wp-content\/uploads\/2023\/06\/image013-5-188x250.jpg 188w, https:\/\/mycielewo.pl\/wp-content\/uploads\/2023\/06\/image013-5.jpg 675w\" sizes=\"auto, (max-width: 225px) 100vw, 225px\" \/><\/a><\/figure>\n\n\n\n<figure class=\"wp-block-image size-large\"><a href=\"https:\/\/mycielewo.pl\/?attachment_id=37300\"><img loading=\"lazy\" decoding=\"async\" width=\"225\" height=\"300\" data-id=\"37300\" src=\"https:\/\/mycielewo.pl\/wp-content\/uploads\/2023\/06\/image014-4-225x300.jpg\" alt=\"\" class=\"wp-image-37300\" srcset=\"https:\/\/mycielewo.pl\/wp-content\/uploads\/2023\/06\/image014-4-225x300.jpg 225w, https:\/\/mycielewo.pl\/wp-content\/uploads\/2023\/06\/image014-4-188x250.jpg 188w, https:\/\/mycielewo.pl\/wp-content\/uploads\/2023\/06\/image014-4.jpg 675w\" sizes=\"auto, (max-width: 225px) 100vw, 225px\" \/><\/a><\/figure>\n\n\n\n<figure class=\"wp-block-image size-large\"><a href=\"https:\/\/mycielewo.pl\/?attachment_id=37301\"><img loading=\"lazy\" decoding=\"async\" width=\"225\" height=\"300\" data-id=\"37301\" src=\"https:\/\/mycielewo.pl\/wp-content\/uploads\/2023\/06\/image015-4-225x300.jpg\" alt=\"\" class=\"wp-image-37301\" srcset=\"https:\/\/mycielewo.pl\/wp-content\/uploads\/2023\/06\/image015-4-225x300.jpg 225w, https:\/\/mycielewo.pl\/wp-content\/uploads\/2023\/06\/image015-4-188x250.jpg 188w, https:\/\/mycielewo.pl\/wp-content\/uploads\/2023\/06\/image015-4.jpg 675w\" sizes=\"auto, (max-width: 225px) 100vw, 225px\" \/><\/a><\/figure>\n<\/figure>\n","protected":false},"excerpt":{"rendered":"<p>15 czerwca 2023 r. do Oddzia\u0142\u00f3w Przedszkolnych zawita\u0142y dzieci, kt\u00f3re od wrze\u015bnia b\u0119d\u0105 nowymi przedszkolakami. Dzieci w towarzystwie rodzic\u00f3w pozna\u0142y nowe otoczenie, sale oraz zapozna\u0142y si\u0119 z Paniami. Do\u015bwiadczy\u0142y zabawy w gronie r\u00f3wie\u015bnik\u00f3w, ch\u0119tnie bra\u0142y udzia\u0142 w zabawach integracyjnych oraz muzyczno-ruchowych. Podczas spotkania by\u0142o weso\u0142o. Do zobaczenia po wakacjach! Iwona Wojtkowiak, Dominika Piechowiak<\/p>\n","protected":false},"author":1,"featured_media":0,"comment_status":"open","ping_status":"open","sticky":false,"template":"","format":"standard","meta":{"footnotes":""},"categories":[1],"tags":[],"class_list":["post-37286","post","type-post","status-publish","format-standard","hentry","category-bez-kategorii"],"_links":{"self":[{"href":"https:\/\/mycielewo.pl\/index.php?rest_route=\/wp\/v2\/posts\/37286","targetHints":{"allow":["GET"]}}],"collection":[{"href":"https:\/\/mycielewo.pl\/index.php?rest_route=\/wp\/v2\/posts"}],"about":[{"href":"https:\/\/mycielewo.pl\/index.php?rest_route=\/wp\/v2\/types\/post"}],"author":[{"embeddable":true,"href":"https:\/\/mycielewo.pl\/index.php?rest_route=\/wp\/v2\/users\/1"}],"replies":[{"embeddable":true,"href":"https:\/\/mycielewo.pl\/index.php?rest_route=%2Fwp%2Fv2%2Fcomments&post=37286"}],"version-history":[{"count":3,"href":"https:\/\/mycielewo.pl\/index.php?rest_route=\/wp\/v2\/posts\/37286\/revisions"}],"predecessor-version":[{"id":37369,"href":"https:\/\/mycielewo.pl\/index.php?rest_route=\/wp\/v2\/posts\/37286\/revisions\/37369"}],"wp:attachment":[{"href":"https:\/\/mycielewo.pl\/index.php?rest_route=%2Fwp%2Fv2%2Fmedia&parent=37286"}],"wp:term":[{"taxonomy":"category","embeddable":true,"href":"https:\/\/mycielewo.pl\/index.php?rest_route=%2Fwp%2Fv2%2Fcategories&post=37286"},{"taxonomy":"post_tag","embeddable":true,"href":"https:\/\/mycielewo.pl\/index.php?rest_route=%2Fwp%2Fv2%2Ftags&post=37286"}],"curies":[{"name":"wp","href":"https:\/\/api.w.org\/{rel}","templated":true}]}}