{"id":36514,"date":"2023-05-04T20:17:26","date_gmt":"2023-05-04T20:17:26","guid":{"rendered":"http:\/\/www.mycielewo.pl\/?p=36514"},"modified":"2023-05-04T20:17:26","modified_gmt":"2023-05-04T20:17:26","slug":"dzien-strazaka","status":"publish","type":"post","link":"https:\/\/mycielewo.pl\/?p=36514","title":{"rendered":"Dzie\u0144 Stra\u017caka"},"content":{"rendered":"\n<p><strong>Jak co roku 4 maja w dzie\u0144 \u015awi\u0119to Floriana swoje \u015bwi\u0119to obchodz\u0105 stra\u017cacy. Ka\u017cdego dnia dzia\u0142aj\u0105 wed\u0142ug zasady &#8222;Bogu na chwa\u0142\u0119, ludziom na ratunek&#8221;. <\/strong><\/p>\n\n\n\n<p>Dzieci z oddzia\u0142u przedszkolnego &#8222;Biedroneczki&#8221; pami\u0119ta\u0142y o tym wa\u017cnym dniu. Ch\u0119tne z nich wykona\u0142y laurki z \u017cyczeniami, a wychowawczyni pani Iwona Wojtkowiak dostarczy\u0142a je stra\u017cakom z Ochotniczej Stra\u017cy Po\u017carnej w Kcyni.<\/p>\n\n\n\n<p class=\"has-text-align-right\"><em>Iwona Wojtkowiak<\/em><\/p>\n\n\n\n<figure class=\"wp-block-gallery has-nested-images columns-8 is-cropped wp-block-gallery-2 is-layout-flex wp-block-gallery-is-layout-flex\">\n<figure class=\"wp-block-image size-large\"><a href=\"https:\/\/mycielewo.pl\/?attachment_id=36519\"><img loading=\"lazy\" decoding=\"async\" width=\"225\" height=\"300\" data-id=\"36519\" src=\"https:\/\/mycielewo.pl\/wp-content\/uploads\/2023\/05\/image1-3-225x300.jpg\" alt=\"\" class=\"wp-image-36519\" srcset=\"https:\/\/mycielewo.pl\/wp-content\/uploads\/2023\/05\/image1-3-225x300.jpg 225w, https:\/\/mycielewo.pl\/wp-content\/uploads\/2023\/05\/image1-3-188x250.jpg 188w, https:\/\/mycielewo.pl\/wp-content\/uploads\/2023\/05\/image1-3.jpg 675w\" sizes=\"auto, (max-width: 225px) 100vw, 225px\" \/><\/a><\/figure>\n\n\n\n<figure class=\"wp-block-image size-large\"><a href=\"https:\/\/mycielewo.pl\/?attachment_id=36515\"><img loading=\"lazy\" decoding=\"async\" width=\"225\" height=\"300\" data-id=\"36515\" src=\"https:\/\/mycielewo.pl\/wp-content\/uploads\/2023\/05\/image2-3-225x300.jpg\" alt=\"\" class=\"wp-image-36515\" srcset=\"https:\/\/mycielewo.pl\/wp-content\/uploads\/2023\/05\/image2-3-225x300.jpg 225w, https:\/\/mycielewo.pl\/wp-content\/uploads\/2023\/05\/image2-3-188x250.jpg 188w, https:\/\/mycielewo.pl\/wp-content\/uploads\/2023\/05\/image2-3.jpg 675w\" sizes=\"auto, (max-width: 225px) 100vw, 225px\" \/><\/a><\/figure>\n\n\n\n<figure class=\"wp-block-image size-large\"><a href=\"https:\/\/mycielewo.pl\/?attachment_id=36518\"><img loading=\"lazy\" decoding=\"async\" width=\"225\" height=\"300\" data-id=\"36518\" src=\"https:\/\/mycielewo.pl\/wp-content\/uploads\/2023\/05\/image3-3-225x300.jpg\" alt=\"\" class=\"wp-image-36518\" srcset=\"https:\/\/mycielewo.pl\/wp-content\/uploads\/2023\/05\/image3-3-225x300.jpg 225w, https:\/\/mycielewo.pl\/wp-content\/uploads\/2023\/05\/image3-3-188x250.jpg 188w, https:\/\/mycielewo.pl\/wp-content\/uploads\/2023\/05\/image3-3.jpg 675w\" sizes=\"auto, (max-width: 225px) 100vw, 225px\" \/><\/a><\/figure>\n\n\n\n<figure class=\"wp-block-image size-large\"><a href=\"https:\/\/mycielewo.pl\/?attachment_id=36516\"><img loading=\"lazy\" decoding=\"async\" width=\"225\" height=\"300\" data-id=\"36516\" src=\"https:\/\/mycielewo.pl\/wp-content\/uploads\/2023\/05\/image4-3-225x300.jpg\" alt=\"\" class=\"wp-image-36516\" srcset=\"https:\/\/mycielewo.pl\/wp-content\/uploads\/2023\/05\/image4-3-225x300.jpg 225w, https:\/\/mycielewo.pl\/wp-content\/uploads\/2023\/05\/image4-3-188x250.jpg 188w, https:\/\/mycielewo.pl\/wp-content\/uploads\/2023\/05\/image4-3.jpg 675w\" sizes=\"auto, (max-width: 225px) 100vw, 225px\" \/><\/a><\/figure>\n\n\n\n<figure class=\"wp-block-image size-large\"><a href=\"https:\/\/mycielewo.pl\/?attachment_id=36517\"><img loading=\"lazy\" decoding=\"async\" width=\"225\" height=\"300\" data-id=\"36517\" src=\"https:\/\/mycielewo.pl\/wp-content\/uploads\/2023\/05\/image5-3-225x300.jpg\" alt=\"\" class=\"wp-image-36517\" srcset=\"https:\/\/mycielewo.pl\/wp-content\/uploads\/2023\/05\/image5-3-225x300.jpg 225w, https:\/\/mycielewo.pl\/wp-content\/uploads\/2023\/05\/image5-3-188x250.jpg 188w, https:\/\/mycielewo.pl\/wp-content\/uploads\/2023\/05\/image5-3.jpg 675w\" sizes=\"auto, (max-width: 225px) 100vw, 225px\" \/><\/a><\/figure>\n\n\n\n<figure class=\"wp-block-image size-large\"><a href=\"https:\/\/mycielewo.pl\/?attachment_id=36520\"><img loading=\"lazy\" decoding=\"async\" width=\"225\" height=\"300\" data-id=\"36520\" src=\"https:\/\/mycielewo.pl\/wp-content\/uploads\/2023\/05\/image6-3-225x300.jpg\" alt=\"\" class=\"wp-image-36520\" srcset=\"https:\/\/mycielewo.pl\/wp-content\/uploads\/2023\/05\/image6-3-225x300.jpg 225w, https:\/\/mycielewo.pl\/wp-content\/uploads\/2023\/05\/image6-3-188x250.jpg 188w, https:\/\/mycielewo.pl\/wp-content\/uploads\/2023\/05\/image6-3.jpg 675w\" sizes=\"auto, (max-width: 225px) 100vw, 225px\" \/><\/a><\/figure>\n\n\n\n<figure class=\"wp-block-image size-large\"><a href=\"https:\/\/mycielewo.pl\/?attachment_id=36522\"><img loading=\"lazy\" decoding=\"async\" width=\"225\" height=\"300\" data-id=\"36522\" src=\"https:\/\/mycielewo.pl\/wp-content\/uploads\/2023\/05\/image7-1-225x300.jpg\" alt=\"\" class=\"wp-image-36522\" srcset=\"https:\/\/mycielewo.pl\/wp-content\/uploads\/2023\/05\/image7-1-225x300.jpg 225w, https:\/\/mycielewo.pl\/wp-content\/uploads\/2023\/05\/image7-1-188x250.jpg 188w, https:\/\/mycielewo.pl\/wp-content\/uploads\/2023\/05\/image7-1.jpg 675w\" sizes=\"auto, (max-width: 225px) 100vw, 225px\" \/><\/a><\/figure>\n\n\n\n<figure class=\"wp-block-image size-large\"><a href=\"https:\/\/mycielewo.pl\/?attachment_id=36521\"><img loading=\"lazy\" decoding=\"async\" width=\"225\" height=\"300\" data-id=\"36521\" src=\"https:\/\/mycielewo.pl\/wp-content\/uploads\/2023\/05\/image8-1-225x300.jpg\" alt=\"\" class=\"wp-image-36521\" srcset=\"https:\/\/mycielewo.pl\/wp-content\/uploads\/2023\/05\/image8-1-225x300.jpg 225w, https:\/\/mycielewo.pl\/wp-content\/uploads\/2023\/05\/image8-1-188x250.jpg 188w, https:\/\/mycielewo.pl\/wp-content\/uploads\/2023\/05\/image8-1.jpg 675w\" sizes=\"auto, (max-width: 225px) 100vw, 225px\" \/><\/a><\/figure>\n<\/figure>\n","protected":false},"excerpt":{"rendered":"<p>Jak co roku 4 maja w dzie\u0144 \u015awi\u0119to Floriana swoje \u015bwi\u0119to obchodz\u0105 stra\u017cacy. Ka\u017cdego dnia dzia\u0142aj\u0105 wed\u0142ug zasady &#8222;Bogu na chwa\u0142\u0119, ludziom na ratunek&#8221;. Dzieci z oddzia\u0142u przedszkolnego &#8222;Biedroneczki&#8221; pami\u0119ta\u0142y o tym wa\u017cnym dniu. Ch\u0119tne z nich wykona\u0142y laurki z \u017cyczeniami, a wychowawczyni pani Iwona Wojtkowiak dostarczy\u0142a je stra\u017cakom z Ochotniczej Stra\u017cy Po\u017carnej w Kcyni.&hellip; <a class=\"continue\" href=\"https:\/\/mycielewo.pl\/?p=36514\">Kontynuuj czytanie<span> Dzie\u0144 Stra\u017caka<\/span><\/a><\/p>\n","protected":false},"author":1,"featured_media":0,"comment_status":"open","ping_status":"open","sticky":false,"template":"","format":"standard","meta":{"footnotes":""},"categories":[1],"tags":[],"class_list":["post-36514","post","type-post","status-publish","format-standard","hentry","category-bez-kategorii"],"_links":{"self":[{"href":"https:\/\/mycielewo.pl\/index.php?rest_route=\/wp\/v2\/posts\/36514","targetHints":{"allow":["GET"]}}],"collection":[{"href":"https:\/\/mycielewo.pl\/index.php?rest_route=\/wp\/v2\/posts"}],"about":[{"href":"https:\/\/mycielewo.pl\/index.php?rest_route=\/wp\/v2\/types\/post"}],"author":[{"embeddable":true,"href":"https:\/\/mycielewo.pl\/index.php?rest_route=\/wp\/v2\/users\/1"}],"replies":[{"embeddable":true,"href":"https:\/\/mycielewo.pl\/index.php?rest_route=%2Fwp%2Fv2%2Fcomments&post=36514"}],"version-history":[{"count":1,"href":"https:\/\/mycielewo.pl\/index.php?rest_route=\/wp\/v2\/posts\/36514\/revisions"}],"predecessor-version":[{"id":36523,"href":"https:\/\/mycielewo.pl\/index.php?rest_route=\/wp\/v2\/posts\/36514\/revisions\/36523"}],"wp:attachment":[{"href":"https:\/\/mycielewo.pl\/index.php?rest_route=%2Fwp%2Fv2%2Fmedia&parent=36514"}],"wp:term":[{"taxonomy":"category","embeddable":true,"href":"https:\/\/mycielewo.pl\/index.php?rest_route=%2Fwp%2Fv2%2Fcategories&post=36514"},{"taxonomy":"post_tag","embeddable":true,"href":"https:\/\/mycielewo.pl\/index.php?rest_route=%2Fwp%2Fv2%2Ftags&post=36514"}],"curies":[{"name":"wp","href":"https:\/\/api.w.org\/{rel}","templated":true}]}}