{"id":36506,"date":"2023-05-03T18:26:45","date_gmt":"2023-05-03T18:26:45","guid":{"rendered":"http:\/\/www.mycielewo.pl\/?p=36506"},"modified":"2023-05-03T18:26:45","modified_gmt":"2023-05-03T18:26:45","slug":"swieto-konstytucji-3-maja","status":"publish","type":"post","link":"https:\/\/mycielewo.pl\/?p=36506","title":{"rendered":"\u015awi\u0119to Konstytucji 3 Maja"},"content":{"rendered":"\n<p><strong>W pi\u0105tek 27 kwietnia obchodzili\u015bmy uchwalenie Konstytucji 3 maja. Z tej okazji odby\u0142 si\u0119 kr\u00f3tki apel, podczas kt\u00f3rego zosta\u0142 od\u015bpiewany Hymn Polski. \u00a0<\/strong><\/p>\n\n\n\n<p>Pani Dyrektor wyja\u015bni\u0142a, czym jest konstytucja i dlaczego uchwalenie Konstytucji 3 maja ma tak istotne znaczenie dla historii polskiej i europejskiej demokracji. Obowi\u0105zkiem nas wszystkich jest codzienne piel\u0119gnowanie pami\u0119ci o ludziach, kt\u00f3rzy swoj\u0105 prac\u0105 i zaanga\u017cowaniem w tamtych trudnych czasach spowodowali, \u017ce w sercach Polak\u00f3w nigdy nie zgas\u0142a iskra wolno\u015bci i niepodleg\u0142o\u015bci.<\/p>\n\n\n\n<p class=\"has-text-align-right\"><em>Samorz\u0105d Uczniowski<\/em><\/p>\n\n\n\n<figure class=\"wp-block-gallery has-nested-images columns-6 is-cropped wp-block-gallery-2 is-layout-flex wp-block-gallery-is-layout-flex\">\n<figure class=\"wp-block-image size-large\"><a href=\"https:\/\/mycielewo.pl\/?attachment_id=36512\"><img loading=\"lazy\" decoding=\"async\" width=\"300\" height=\"225\" data-id=\"36512\" src=\"https:\/\/mycielewo.pl\/wp-content\/uploads\/2023\/05\/image1-2-300x225.jpg\" alt=\"\" class=\"wp-image-36512\" srcset=\"https:\/\/mycielewo.pl\/wp-content\/uploads\/2023\/05\/image1-2-300x225.jpg 300w, https:\/\/mycielewo.pl\/wp-content\/uploads\/2023\/05\/image1-2-250x188.jpg 250w, https:\/\/mycielewo.pl\/wp-content\/uploads\/2023\/05\/image1-2-768x576.jpg 768w, https:\/\/mycielewo.pl\/wp-content\/uploads\/2023\/05\/image1-2.jpg 1200w\" sizes=\"auto, (max-width: 300px) 100vw, 300px\" \/><\/a><\/figure>\n\n\n\n<figure class=\"wp-block-image size-large\"><a href=\"https:\/\/mycielewo.pl\/?attachment_id=36508\"><img loading=\"lazy\" decoding=\"async\" width=\"300\" height=\"225\" data-id=\"36508\" src=\"https:\/\/mycielewo.pl\/wp-content\/uploads\/2023\/05\/image2-2-300x225.jpg\" alt=\"\" class=\"wp-image-36508\" srcset=\"https:\/\/mycielewo.pl\/wp-content\/uploads\/2023\/05\/image2-2-300x225.jpg 300w, https:\/\/mycielewo.pl\/wp-content\/uploads\/2023\/05\/image2-2-250x188.jpg 250w, https:\/\/mycielewo.pl\/wp-content\/uploads\/2023\/05\/image2-2-768x576.jpg 768w, https:\/\/mycielewo.pl\/wp-content\/uploads\/2023\/05\/image2-2.jpg 1200w\" sizes=\"auto, (max-width: 300px) 100vw, 300px\" \/><\/a><\/figure>\n\n\n\n<figure class=\"wp-block-image size-large\"><a href=\"https:\/\/mycielewo.pl\/?attachment_id=36510\"><img loading=\"lazy\" decoding=\"async\" width=\"300\" height=\"225\" data-id=\"36510\" src=\"https:\/\/mycielewo.pl\/wp-content\/uploads\/2023\/05\/image3-2-300x225.jpg\" alt=\"\" class=\"wp-image-36510\" srcset=\"https:\/\/mycielewo.pl\/wp-content\/uploads\/2023\/05\/image3-2-300x225.jpg 300w, https:\/\/mycielewo.pl\/wp-content\/uploads\/2023\/05\/image3-2-250x188.jpg 250w, https:\/\/mycielewo.pl\/wp-content\/uploads\/2023\/05\/image3-2-768x576.jpg 768w, https:\/\/mycielewo.pl\/wp-content\/uploads\/2023\/05\/image3-2.jpg 1200w\" sizes=\"auto, (max-width: 300px) 100vw, 300px\" \/><\/a><\/figure>\n\n\n\n<figure class=\"wp-block-image size-large\"><a href=\"https:\/\/mycielewo.pl\/?attachment_id=36507\"><img loading=\"lazy\" decoding=\"async\" width=\"300\" height=\"225\" data-id=\"36507\" src=\"https:\/\/mycielewo.pl\/wp-content\/uploads\/2023\/05\/image4-2-300x225.jpg\" alt=\"\" class=\"wp-image-36507\" srcset=\"https:\/\/mycielewo.pl\/wp-content\/uploads\/2023\/05\/image4-2-300x225.jpg 300w, https:\/\/mycielewo.pl\/wp-content\/uploads\/2023\/05\/image4-2-250x188.jpg 250w, https:\/\/mycielewo.pl\/wp-content\/uploads\/2023\/05\/image4-2-768x576.jpg 768w, https:\/\/mycielewo.pl\/wp-content\/uploads\/2023\/05\/image4-2.jpg 1200w\" sizes=\"auto, (max-width: 300px) 100vw, 300px\" \/><\/a><\/figure>\n\n\n\n<figure class=\"wp-block-image size-large\"><a href=\"https:\/\/mycielewo.pl\/?attachment_id=36509\"><img loading=\"lazy\" decoding=\"async\" width=\"300\" height=\"225\" data-id=\"36509\" src=\"https:\/\/mycielewo.pl\/wp-content\/uploads\/2023\/05\/image5-2-300x225.jpg\" alt=\"\" class=\"wp-image-36509\" srcset=\"https:\/\/mycielewo.pl\/wp-content\/uploads\/2023\/05\/image5-2-300x225.jpg 300w, https:\/\/mycielewo.pl\/wp-content\/uploads\/2023\/05\/image5-2-250x188.jpg 250w, https:\/\/mycielewo.pl\/wp-content\/uploads\/2023\/05\/image5-2-768x576.jpg 768w, https:\/\/mycielewo.pl\/wp-content\/uploads\/2023\/05\/image5-2.jpg 1200w\" sizes=\"auto, (max-width: 300px) 100vw, 300px\" \/><\/a><\/figure>\n\n\n\n<figure class=\"wp-block-image size-large\"><a href=\"https:\/\/mycielewo.pl\/?attachment_id=36511\"><img loading=\"lazy\" decoding=\"async\" width=\"300\" height=\"225\" data-id=\"36511\" src=\"https:\/\/mycielewo.pl\/wp-content\/uploads\/2023\/05\/image6-2-300x225.jpg\" alt=\"\" class=\"wp-image-36511\" srcset=\"https:\/\/mycielewo.pl\/wp-content\/uploads\/2023\/05\/image6-2-300x225.jpg 300w, https:\/\/mycielewo.pl\/wp-content\/uploads\/2023\/05\/image6-2-250x188.jpg 250w, https:\/\/mycielewo.pl\/wp-content\/uploads\/2023\/05\/image6-2-768x576.jpg 768w, https:\/\/mycielewo.pl\/wp-content\/uploads\/2023\/05\/image6-2.jpg 1200w\" sizes=\"auto, (max-width: 300px) 100vw, 300px\" \/><\/a><\/figure>\n<\/figure>\n","protected":false},"excerpt":{"rendered":"<p>W pi\u0105tek 27 kwietnia obchodzili\u015bmy uchwalenie Konstytucji 3 maja. Z tej okazji odby\u0142 si\u0119 kr\u00f3tki apel, podczas kt\u00f3rego zosta\u0142 od\u015bpiewany Hymn Polski. \u00a0 Pani Dyrektor wyja\u015bni\u0142a, czym jest konstytucja i dlaczego uchwalenie Konstytucji 3 maja ma tak istotne znaczenie dla historii polskiej i europejskiej demokracji. Obowi\u0105zkiem nas wszystkich jest codzienne piel\u0119gnowanie pami\u0119ci o ludziach, kt\u00f3rzy&hellip; <a class=\"continue\" href=\"https:\/\/mycielewo.pl\/?p=36506\">Kontynuuj czytanie<span> \u015awi\u0119to Konstytucji 3 Maja<\/span><\/a><\/p>\n","protected":false},"author":1,"featured_media":0,"comment_status":"open","ping_status":"open","sticky":false,"template":"","format":"standard","meta":{"footnotes":""},"categories":[1],"tags":[],"class_list":["post-36506","post","type-post","status-publish","format-standard","hentry","category-bez-kategorii"],"_links":{"self":[{"href":"https:\/\/mycielewo.pl\/index.php?rest_route=\/wp\/v2\/posts\/36506","targetHints":{"allow":["GET"]}}],"collection":[{"href":"https:\/\/mycielewo.pl\/index.php?rest_route=\/wp\/v2\/posts"}],"about":[{"href":"https:\/\/mycielewo.pl\/index.php?rest_route=\/wp\/v2\/types\/post"}],"author":[{"embeddable":true,"href":"https:\/\/mycielewo.pl\/index.php?rest_route=\/wp\/v2\/users\/1"}],"replies":[{"embeddable":true,"href":"https:\/\/mycielewo.pl\/index.php?rest_route=%2Fwp%2Fv2%2Fcomments&post=36506"}],"version-history":[{"count":1,"href":"https:\/\/mycielewo.pl\/index.php?rest_route=\/wp\/v2\/posts\/36506\/revisions"}],"predecessor-version":[{"id":36513,"href":"https:\/\/mycielewo.pl\/index.php?rest_route=\/wp\/v2\/posts\/36506\/revisions\/36513"}],"wp:attachment":[{"href":"https:\/\/mycielewo.pl\/index.php?rest_route=%2Fwp%2Fv2%2Fmedia&parent=36506"}],"wp:term":[{"taxonomy":"category","embeddable":true,"href":"https:\/\/mycielewo.pl\/index.php?rest_route=%2Fwp%2Fv2%2Fcategories&post=36506"},{"taxonomy":"post_tag","embeddable":true,"href":"https:\/\/mycielewo.pl\/index.php?rest_route=%2Fwp%2Fv2%2Ftags&post=36506"}],"curies":[{"name":"wp","href":"https:\/\/api.w.org\/{rel}","templated":true}]}}