{"id":36474,"date":"2023-05-03T18:06:47","date_gmt":"2023-05-03T18:06:47","guid":{"rendered":"http:\/\/www.mycielewo.pl\/?p=36474"},"modified":"2023-05-03T18:11:33","modified_gmt":"2023-05-03T18:11:33","slug":"w-legutko-dzieciom","status":"publish","type":"post","link":"https:\/\/mycielewo.pl\/?p=36474","title":{"rendered":"W. Legutko dzieciom"},"content":{"rendered":"\n<p><strong>Akcja\u00a0<em>#Zdroworosna<\/em>\u00a0organizowana przez firm\u0119 W. Legutko dedykowana jest dzieciom z przedszkola i klas 1-3. Ma ona przekona\u0107 najm\u0142odszych, \u017ce uprawa ro\u015blin to nie tylko element zdrowego stylu \u017cycia, ale r\u00f3wnie\u017c \u015bwietna zabawa. Akcja ma tak\u017ce inspirowa\u0107 nauczycieli, by w kreatywny spos\u00f3b kszta\u0142towali w swoich podopiecznych postawy proekologiczne i zami\u0142owanie do zdrowej \u017cywno\u015bci.<\/strong><\/p>\n\n\n\n<p>SP Mycielewo w\u0142\u0105czy\u0142a si\u0119 do tej og\u00f3lnopolskiej ekologicznej akcji. Otrzymali\u015bmy na nasze potrzeby 4 darmowe pakiety edukacyjne i zestawy, kt\u00f3re zawieraj\u0105: nasiona kopru w\u0142oskiego, 5l pod\u0142o\u017ca, 30 doniczek, instrukcj\u0119 wysiewu oraz naklejki do podpisania. <br>Dzi\u0119ki temu zestawowi w \u0142atwy i szybki spos\u00f3b otrzymamy z dzie\u0107mi z klas &#8222;0&#8221;- III\u00a0 koper ogrodowy i nauczymy si\u0119 podstaw wysiewu nasion. <\/p>\n\n\n\n<p class=\"has-text-align-right\"><em>Magdalena Tomkowiak<\/em><\/p>\n\n\n\n<figure class=\"wp-block-gallery has-nested-images columns-6 is-cropped wp-block-gallery-2 is-layout-flex wp-block-gallery-is-layout-flex\">\n<figure class=\"wp-block-image size-large\"><a href=\"https:\/\/mycielewo.pl\/?attachment_id=36479\"><img loading=\"lazy\" decoding=\"async\" width=\"225\" height=\"300\" data-id=\"36479\" src=\"https:\/\/mycielewo.pl\/wp-content\/uploads\/2023\/05\/image1-225x300.jpg\" alt=\"\" class=\"wp-image-36479\" srcset=\"https:\/\/mycielewo.pl\/wp-content\/uploads\/2023\/05\/image1-225x300.jpg 225w, https:\/\/mycielewo.pl\/wp-content\/uploads\/2023\/05\/image1-188x250.jpg 188w, https:\/\/mycielewo.pl\/wp-content\/uploads\/2023\/05\/image1.jpg 675w\" sizes=\"auto, (max-width: 225px) 100vw, 225px\" \/><\/a><\/figure>\n\n\n\n<figure class=\"wp-block-image size-large\"><a href=\"https:\/\/mycielewo.pl\/?attachment_id=36477\"><img loading=\"lazy\" decoding=\"async\" width=\"300\" height=\"225\" data-id=\"36477\" src=\"https:\/\/mycielewo.pl\/wp-content\/uploads\/2023\/05\/image2-300x225.jpg\" alt=\"\" class=\"wp-image-36477\" srcset=\"https:\/\/mycielewo.pl\/wp-content\/uploads\/2023\/05\/image2-300x225.jpg 300w, https:\/\/mycielewo.pl\/wp-content\/uploads\/2023\/05\/image2-250x188.jpg 250w, https:\/\/mycielewo.pl\/wp-content\/uploads\/2023\/05\/image2-768x576.jpg 768w, https:\/\/mycielewo.pl\/wp-content\/uploads\/2023\/05\/image2.jpg 1200w\" sizes=\"auto, (max-width: 300px) 100vw, 300px\" \/><\/a><\/figure>\n\n\n\n<figure class=\"wp-block-image size-large\"><a href=\"https:\/\/mycielewo.pl\/?attachment_id=36478\"><img loading=\"lazy\" decoding=\"async\" width=\"300\" height=\"225\" data-id=\"36478\" src=\"https:\/\/mycielewo.pl\/wp-content\/uploads\/2023\/05\/image3-300x225.jpg\" alt=\"\" class=\"wp-image-36478\" srcset=\"https:\/\/mycielewo.pl\/wp-content\/uploads\/2023\/05\/image3-300x225.jpg 300w, https:\/\/mycielewo.pl\/wp-content\/uploads\/2023\/05\/image3-250x188.jpg 250w, https:\/\/mycielewo.pl\/wp-content\/uploads\/2023\/05\/image3-768x576.jpg 768w, https:\/\/mycielewo.pl\/wp-content\/uploads\/2023\/05\/image3.jpg 1200w\" sizes=\"auto, (max-width: 300px) 100vw, 300px\" \/><\/a><\/figure>\n\n\n\n<figure class=\"wp-block-image size-large\"><a href=\"https:\/\/mycielewo.pl\/?attachment_id=36481\"><img loading=\"lazy\" decoding=\"async\" width=\"300\" height=\"225\" data-id=\"36481\" src=\"https:\/\/mycielewo.pl\/wp-content\/uploads\/2023\/05\/image4-300x225.jpg\" alt=\"\" class=\"wp-image-36481\" srcset=\"https:\/\/mycielewo.pl\/wp-content\/uploads\/2023\/05\/image4-300x225.jpg 300w, https:\/\/mycielewo.pl\/wp-content\/uploads\/2023\/05\/image4-250x188.jpg 250w, https:\/\/mycielewo.pl\/wp-content\/uploads\/2023\/05\/image4-768x576.jpg 768w, https:\/\/mycielewo.pl\/wp-content\/uploads\/2023\/05\/image4.jpg 1200w\" sizes=\"auto, (max-width: 300px) 100vw, 300px\" \/><\/a><\/figure>\n\n\n\n<figure class=\"wp-block-image size-large\"><a href=\"https:\/\/mycielewo.pl\/?attachment_id=36480\"><img loading=\"lazy\" decoding=\"async\" width=\"225\" height=\"300\" data-id=\"36480\" src=\"https:\/\/mycielewo.pl\/wp-content\/uploads\/2023\/05\/image5-225x300.jpg\" alt=\"\" class=\"wp-image-36480\" srcset=\"https:\/\/mycielewo.pl\/wp-content\/uploads\/2023\/05\/image5-225x300.jpg 225w, https:\/\/mycielewo.pl\/wp-content\/uploads\/2023\/05\/image5-188x250.jpg 188w, https:\/\/mycielewo.pl\/wp-content\/uploads\/2023\/05\/image5.jpg 675w\" sizes=\"auto, (max-width: 225px) 100vw, 225px\" \/><\/a><\/figure>\n\n\n\n<figure class=\"wp-block-image size-large\"><a href=\"https:\/\/mycielewo.pl\/?attachment_id=36476\"><img loading=\"lazy\" decoding=\"async\" width=\"225\" height=\"300\" data-id=\"36476\" src=\"https:\/\/mycielewo.pl\/wp-content\/uploads\/2023\/05\/image6-225x300.jpg\" alt=\"\" class=\"wp-image-36476\" srcset=\"https:\/\/mycielewo.pl\/wp-content\/uploads\/2023\/05\/image6-225x300.jpg 225w, https:\/\/mycielewo.pl\/wp-content\/uploads\/2023\/05\/image6-188x250.jpg 188w, https:\/\/mycielewo.pl\/wp-content\/uploads\/2023\/05\/image6.jpg 675w\" sizes=\"auto, (max-width: 225px) 100vw, 225px\" \/><\/a><\/figure>\n<\/figure>\n","protected":false},"excerpt":{"rendered":"<p>Akcja\u00a0#Zdroworosna\u00a0organizowana przez firm\u0119 W. Legutko dedykowana jest dzieciom z przedszkola i klas 1-3. Ma ona przekona\u0107 najm\u0142odszych, \u017ce uprawa ro\u015blin to nie tylko element zdrowego stylu \u017cycia, ale r\u00f3wnie\u017c \u015bwietna zabawa. Akcja ma tak\u017ce inspirowa\u0107 nauczycieli, by w kreatywny spos\u00f3b kszta\u0142towali w swoich podopiecznych postawy proekologiczne i zami\u0142owanie do zdrowej \u017cywno\u015bci. SP Mycielewo w\u0142\u0105czy\u0142a si\u0119&hellip; <a class=\"continue\" href=\"https:\/\/mycielewo.pl\/?p=36474\">Kontynuuj czytanie<span> W. Legutko dzieciom<\/span><\/a><\/p>\n","protected":false},"author":1,"featured_media":0,"comment_status":"open","ping_status":"open","sticky":false,"template":"","format":"standard","meta":{"footnotes":""},"categories":[1],"tags":[],"class_list":["post-36474","post","type-post","status-publish","format-standard","hentry","category-bez-kategorii"],"_links":{"self":[{"href":"https:\/\/mycielewo.pl\/index.php?rest_route=\/wp\/v2\/posts\/36474","targetHints":{"allow":["GET"]}}],"collection":[{"href":"https:\/\/mycielewo.pl\/index.php?rest_route=\/wp\/v2\/posts"}],"about":[{"href":"https:\/\/mycielewo.pl\/index.php?rest_route=\/wp\/v2\/types\/post"}],"author":[{"embeddable":true,"href":"https:\/\/mycielewo.pl\/index.php?rest_route=\/wp\/v2\/users\/1"}],"replies":[{"embeddable":true,"href":"https:\/\/mycielewo.pl\/index.php?rest_route=%2Fwp%2Fv2%2Fcomments&post=36474"}],"version-history":[{"count":2,"href":"https:\/\/mycielewo.pl\/index.php?rest_route=\/wp\/v2\/posts\/36474\/revisions"}],"predecessor-version":[{"id":36482,"href":"https:\/\/mycielewo.pl\/index.php?rest_route=\/wp\/v2\/posts\/36474\/revisions\/36482"}],"wp:attachment":[{"href":"https:\/\/mycielewo.pl\/index.php?rest_route=%2Fwp%2Fv2%2Fmedia&parent=36474"}],"wp:term":[{"taxonomy":"category","embeddable":true,"href":"https:\/\/mycielewo.pl\/index.php?rest_route=%2Fwp%2Fv2%2Fcategories&post=36474"},{"taxonomy":"post_tag","embeddable":true,"href":"https:\/\/mycielewo.pl\/index.php?rest_route=%2Fwp%2Fv2%2Ftags&post=36474"}],"curies":[{"name":"wp","href":"https:\/\/api.w.org\/{rel}","templated":true}]}}