{"id":36402,"date":"2023-04-26T08:00:00","date_gmt":"2023-04-26T08:00:00","guid":{"rendered":"http:\/\/www.mycielewo.pl\/?p=36402"},"modified":"2023-04-26T08:02:47","modified_gmt":"2023-04-26T08:02:47","slug":"drzwi-otwarte-w-zst-w-kcyni","status":"publish","type":"post","link":"https:\/\/mycielewo.pl\/?p=36402","title":{"rendered":"Drzwi otwarte w ZST w Kcyni"},"content":{"rendered":"\n<p>We wtorek, 25 kwietnia 2023 r., \u00f3smoklasi\u015bci z opiekunem Ma\u0142gorzat\u0105 Kwiatkowsk\u0105 wybrali si\u0119 do Zespo\u0142u Szk\u00f3\u0142 Technicznych w Kcyni na &#8222;Drzwi Otwarte&#8221;, aby zapozna\u0107 si\u0119 z ofert\u0105 edukacyjn\u0105 tej\u017ce plac\u00f3wki.<\/p>\n\n\n\n<p class=\"has-text-align-right\"><em>Foto: <a rel=\"noreferrer noopener\" href=\"http:\/\/www.zstkcynia.pl\/?fbclid=IwAR3jybNKZoTr0x9fToN50hE24wr4OsqIX7G40Sy2mS8fD2Zqe2NnlFTx8aQ\" target=\"_blank\">www.facebook.com\/zstkcynia\/<\/a><\/em><\/p>\n\n\n\n<figure class=\"wp-block-gallery has-nested-images columns-5 is-cropped wp-block-gallery-2 is-layout-flex wp-block-gallery-is-layout-flex\">\n<figure class=\"wp-block-image size-large\"><a href=\"https:\/\/mycielewo.pl\/?attachment_id=36403\"><img loading=\"lazy\" decoding=\"async\" width=\"300\" height=\"200\" data-id=\"36403\" src=\"https:\/\/mycielewo.pl\/wp-content\/uploads\/2023\/04\/342994116_134201509631131_3951277755591470473_n-300x200.jpg\" alt=\"\" class=\"wp-image-36403\" srcset=\"https:\/\/mycielewo.pl\/wp-content\/uploads\/2023\/04\/342994116_134201509631131_3951277755591470473_n-300x200.jpg 300w, https:\/\/mycielewo.pl\/wp-content\/uploads\/2023\/04\/342994116_134201509631131_3951277755591470473_n-250x167.jpg 250w, https:\/\/mycielewo.pl\/wp-content\/uploads\/2023\/04\/342994116_134201509631131_3951277755591470473_n-768x512.jpg 768w, https:\/\/mycielewo.pl\/wp-content\/uploads\/2023\/04\/342994116_134201509631131_3951277755591470473_n-1536x1024.jpg 1536w, https:\/\/mycielewo.pl\/wp-content\/uploads\/2023\/04\/342994116_134201509631131_3951277755591470473_n.jpg 2048w\" sizes=\"auto, (max-width: 300px) 100vw, 300px\" \/><\/a><\/figure>\n\n\n\n<figure class=\"wp-block-image size-large\"><a href=\"https:\/\/mycielewo.pl\/?attachment_id=36405\"><img loading=\"lazy\" decoding=\"async\" width=\"300\" height=\"200\" data-id=\"36405\" src=\"https:\/\/mycielewo.pl\/wp-content\/uploads\/2023\/04\/343082841_6209648212430302_8573787590655805942_n-300x200.jpg\" alt=\"\" class=\"wp-image-36405\" srcset=\"https:\/\/mycielewo.pl\/wp-content\/uploads\/2023\/04\/343082841_6209648212430302_8573787590655805942_n-300x200.jpg 300w, https:\/\/mycielewo.pl\/wp-content\/uploads\/2023\/04\/343082841_6209648212430302_8573787590655805942_n-250x167.jpg 250w, https:\/\/mycielewo.pl\/wp-content\/uploads\/2023\/04\/343082841_6209648212430302_8573787590655805942_n-768x512.jpg 768w, https:\/\/mycielewo.pl\/wp-content\/uploads\/2023\/04\/343082841_6209648212430302_8573787590655805942_n-1536x1024.jpg 1536w, https:\/\/mycielewo.pl\/wp-content\/uploads\/2023\/04\/343082841_6209648212430302_8573787590655805942_n.jpg 2048w\" sizes=\"auto, (max-width: 300px) 100vw, 300px\" \/><\/a><\/figure>\n\n\n\n<figure class=\"wp-block-image size-large\"><a href=\"https:\/\/mycielewo.pl\/?attachment_id=36404\"><img loading=\"lazy\" decoding=\"async\" width=\"300\" height=\"225\" data-id=\"36404\" src=\"https:\/\/mycielewo.pl\/wp-content\/uploads\/2023\/04\/343086223_970274124337739_1204347785456451017_n-300x225.jpg\" alt=\"\" class=\"wp-image-36404\" srcset=\"https:\/\/mycielewo.pl\/wp-content\/uploads\/2023\/04\/343086223_970274124337739_1204347785456451017_n-300x225.jpg 300w, https:\/\/mycielewo.pl\/wp-content\/uploads\/2023\/04\/343086223_970274124337739_1204347785456451017_n-250x188.jpg 250w, https:\/\/mycielewo.pl\/wp-content\/uploads\/2023\/04\/343086223_970274124337739_1204347785456451017_n-768x576.jpg 768w, https:\/\/mycielewo.pl\/wp-content\/uploads\/2023\/04\/343086223_970274124337739_1204347785456451017_n-1536x1152.jpg 1536w, https:\/\/mycielewo.pl\/wp-content\/uploads\/2023\/04\/343086223_970274124337739_1204347785456451017_n.jpg 1920w\" sizes=\"auto, (max-width: 300px) 100vw, 300px\" \/><\/a><\/figure>\n\n\n\n<figure class=\"wp-block-image size-large\"><a href=\"https:\/\/mycielewo.pl\/?attachment_id=36407\"><img loading=\"lazy\" decoding=\"async\" width=\"200\" height=\"300\" data-id=\"36407\" src=\"https:\/\/mycielewo.pl\/wp-content\/uploads\/2023\/04\/343102646_1375602499651802_6977163158523699034_n-200x300.jpg\" alt=\"\" class=\"wp-image-36407\" srcset=\"https:\/\/mycielewo.pl\/wp-content\/uploads\/2023\/04\/343102646_1375602499651802_6977163158523699034_n-200x300.jpg 200w, https:\/\/mycielewo.pl\/wp-content\/uploads\/2023\/04\/343102646_1375602499651802_6977163158523699034_n-167x250.jpg 167w, https:\/\/mycielewo.pl\/wp-content\/uploads\/2023\/04\/343102646_1375602499651802_6977163158523699034_n-768x1152.jpg 768w, https:\/\/mycielewo.pl\/wp-content\/uploads\/2023\/04\/343102646_1375602499651802_6977163158523699034_n-1024x1536.jpg 1024w, https:\/\/mycielewo.pl\/wp-content\/uploads\/2023\/04\/343102646_1375602499651802_6977163158523699034_n.jpg 1365w\" sizes=\"auto, (max-width: 200px) 100vw, 200px\" \/><\/a><\/figure>\n\n\n\n<figure class=\"wp-block-image size-large\"><a href=\"https:\/\/mycielewo.pl\/?attachment_id=36406\"><img loading=\"lazy\" decoding=\"async\" width=\"225\" height=\"300\" data-id=\"36406\" src=\"https:\/\/mycielewo.pl\/wp-content\/uploads\/2023\/04\/343212145_535736185431519_6323373053802277884_n-225x300.jpg\" alt=\"\" class=\"wp-image-36406\" srcset=\"https:\/\/mycielewo.pl\/wp-content\/uploads\/2023\/04\/343212145_535736185431519_6323373053802277884_n-225x300.jpg 225w, https:\/\/mycielewo.pl\/wp-content\/uploads\/2023\/04\/343212145_535736185431519_6323373053802277884_n-188x250.jpg 188w, https:\/\/mycielewo.pl\/wp-content\/uploads\/2023\/04\/343212145_535736185431519_6323373053802277884_n-768x1024.jpg 768w, https:\/\/mycielewo.pl\/wp-content\/uploads\/2023\/04\/343212145_535736185431519_6323373053802277884_n-1152x1536.jpg 1152w, https:\/\/mycielewo.pl\/wp-content\/uploads\/2023\/04\/343212145_535736185431519_6323373053802277884_n.jpg 1536w\" sizes=\"auto, (max-width: 225px) 100vw, 225px\" \/><\/a><\/figure>\n<\/figure>\n\n\n\n<p><\/p>\n","protected":false},"excerpt":{"rendered":"<p>We wtorek, 25 kwietnia 2023 r., \u00f3smoklasi\u015bci z opiekunem Ma\u0142gorzat\u0105 Kwiatkowsk\u0105 wybrali si\u0119 do Zespo\u0142u Szk\u00f3\u0142 Technicznych w Kcyni na &#8222;Drzwi Otwarte&#8221;, aby zapozna\u0107 si\u0119 z ofert\u0105 edukacyjn\u0105 tej\u017ce plac\u00f3wki. Foto: www.facebook.com\/zstkcynia\/<\/p>\n","protected":false},"author":1,"featured_media":0,"comment_status":"open","ping_status":"open","sticky":false,"template":"","format":"standard","meta":{"footnotes":""},"categories":[1],"tags":[],"class_list":["post-36402","post","type-post","status-publish","format-standard","hentry","category-bez-kategorii"],"_links":{"self":[{"href":"https:\/\/mycielewo.pl\/index.php?rest_route=\/wp\/v2\/posts\/36402","targetHints":{"allow":["GET"]}}],"collection":[{"href":"https:\/\/mycielewo.pl\/index.php?rest_route=\/wp\/v2\/posts"}],"about":[{"href":"https:\/\/mycielewo.pl\/index.php?rest_route=\/wp\/v2\/types\/post"}],"author":[{"embeddable":true,"href":"https:\/\/mycielewo.pl\/index.php?rest_route=\/wp\/v2\/users\/1"}],"replies":[{"embeddable":true,"href":"https:\/\/mycielewo.pl\/index.php?rest_route=%2Fwp%2Fv2%2Fcomments&post=36402"}],"version-history":[{"count":2,"href":"https:\/\/mycielewo.pl\/index.php?rest_route=\/wp\/v2\/posts\/36402\/revisions"}],"predecessor-version":[{"id":36409,"href":"https:\/\/mycielewo.pl\/index.php?rest_route=\/wp\/v2\/posts\/36402\/revisions\/36409"}],"wp:attachment":[{"href":"https:\/\/mycielewo.pl\/index.php?rest_route=%2Fwp%2Fv2%2Fmedia&parent=36402"}],"wp:term":[{"taxonomy":"category","embeddable":true,"href":"https:\/\/mycielewo.pl\/index.php?rest_route=%2Fwp%2Fv2%2Fcategories&post=36402"},{"taxonomy":"post_tag","embeddable":true,"href":"https:\/\/mycielewo.pl\/index.php?rest_route=%2Fwp%2Fv2%2Ftags&post=36402"}],"curies":[{"name":"wp","href":"https:\/\/api.w.org\/{rel}","templated":true}]}}