{"id":36282,"date":"2023-04-24T10:04:12","date_gmt":"2023-04-24T10:04:12","guid":{"rendered":"http:\/\/www.mycielewo.pl\/?p=36282"},"modified":"2023-04-24T10:09:39","modified_gmt":"2023-04-24T10:09:39","slug":"aleksandra-sojka-z-drugim-miejscem-w-wojewodztwie-konkurs-rzemieslniczy-rozstrzygniety","status":"publish","type":"post","link":"https:\/\/mycielewo.pl\/?p=36282","title":{"rendered":"Aleksandra Sojka z drugim miejscem w wojew\u00f3dztwie &#8211; konkurs rzemie\u015blniczy rozstrzygni\u0119ty"},"content":{"rendered":"\n<p><strong>13 kwietnia 2023 r. rozstrzygni\u0119to konkurs zorganizowany przez Kujawsko-Pomorsk\u0105 Izb\u0119 Rzemios\u0142a i Przedsi\u0119biorczo\u015bci w Bydgoszczy. Mi\u0142o nam poinformowa\u0107, \u017ce Aleksandra Sojka uczennica klasy pierwszej Szko\u0142y Podstawowej w Mycielewie zaj\u0119\u0142a II miejsce w wojew\u00f3dztwie.<\/strong><\/p>\n\n\n\n<p>Konkurs plastyczny pt:&nbsp; \u201eNie zapomnij o rzemio\u015ble \u2013 dzia\u0142ania promocyjno-edukacyjne KPIRiP w Bydgoszczy\u201d wsp\u00f3\u0142finansowany by\u0142 ze \u015brodk\u00f3w otrzymanych z Narodowego Instytutu Wolno\u015bci \u2013 Centrum Rozwoju Spo\u0142ecze\u0144stwa Obywatelskiego.<\/p>\n\n\n\n<p>Celem projektu by\u0142o wzmocnienie KPIRiP w Bydgoszczy na rzecz kapita\u0142u ludzkiego i spo\u0142ecznego \u015brodowiska rzemie\u015blniczego poprzez promocj\u0119 nauki zawodu w rzemio\u015ble, nauczania dualnego i&nbsp; propagowania przedsi\u0119biorczo\u015bci rzemie\u015blniczej.<\/p>\n\n\n\n<p>Serdecznie gratulujemy!<\/p>\n\n\n\n<p class=\"has-text-align-right\"><em><em>tekst Anna Pyszczy\u0144ska, foto Karolina Sojka<\/em><\/em><\/p>\n\n\n\n<figure class=\"wp-block-gallery has-nested-images columns-default is-cropped wp-block-gallery-2 is-layout-flex wp-block-gallery-is-layout-flex\">\n<figure class=\"wp-block-image size-full\"><a href=\"https:\/\/mycielewo.pl\/?attachment_id=36285\"><img loading=\"lazy\" decoding=\"async\" width=\"405\" height=\"900\" data-id=\"36285\" src=\"https:\/\/mycielewo.pl\/wp-content\/uploads\/2023\/04\/image001-7.jpg\" alt=\"\" class=\"wp-image-36285\" srcset=\"https:\/\/mycielewo.pl\/wp-content\/uploads\/2023\/04\/image001-7.jpg 405w, https:\/\/mycielewo.pl\/wp-content\/uploads\/2023\/04\/image001-7-113x250.jpg 113w, https:\/\/mycielewo.pl\/wp-content\/uploads\/2023\/04\/image001-7-135x300.jpg 135w\" sizes=\"auto, (max-width: 405px) 100vw, 405px\" \/><\/a><\/figure>\n\n\n\n<figure class=\"wp-block-image size-full\"><a href=\"https:\/\/mycielewo.pl\/?attachment_id=36284\"><img loading=\"lazy\" decoding=\"async\" width=\"678\" height=\"900\" data-id=\"36284\" src=\"https:\/\/mycielewo.pl\/wp-content\/uploads\/2023\/04\/image002-6.jpg\" alt=\"\" class=\"wp-image-36284\" srcset=\"https:\/\/mycielewo.pl\/wp-content\/uploads\/2023\/04\/image002-6.jpg 678w, https:\/\/mycielewo.pl\/wp-content\/uploads\/2023\/04\/image002-6-188x250.jpg 188w, https:\/\/mycielewo.pl\/wp-content\/uploads\/2023\/04\/image002-6-226x300.jpg 226w\" sizes=\"auto, (max-width: 678px) 100vw, 678px\" \/><\/a><\/figure>\n<\/figure>\n","protected":false},"excerpt":{"rendered":"<p>13 kwietnia 2023 r. rozstrzygni\u0119to konkurs zorganizowany przez Kujawsko-Pomorsk\u0105 Izb\u0119 Rzemios\u0142a i Przedsi\u0119biorczo\u015bci w Bydgoszczy. Mi\u0142o nam poinformowa\u0107, \u017ce Aleksandra Sojka uczennica klasy pierwszej Szko\u0142y Podstawowej w Mycielewie zaj\u0119\u0142a II miejsce w wojew\u00f3dztwie. Konkurs plastyczny pt:&nbsp; \u201eNie zapomnij o rzemio\u015ble \u2013 dzia\u0142ania promocyjno-edukacyjne KPIRiP w Bydgoszczy\u201d wsp\u00f3\u0142finansowany by\u0142 ze \u015brodk\u00f3w otrzymanych z Narodowego Instytutu Wolno\u015bci&hellip; <a class=\"continue\" href=\"https:\/\/mycielewo.pl\/?p=36282\">Kontynuuj czytanie<span> Aleksandra Sojka z drugim miejscem w wojew\u00f3dztwie &#8211; konkurs rzemie\u015blniczy rozstrzygni\u0119ty<\/span><\/a><\/p>\n","protected":false},"author":1,"featured_media":0,"comment_status":"open","ping_status":"open","sticky":false,"template":"","format":"standard","meta":{"footnotes":""},"categories":[1],"tags":[],"class_list":["post-36282","post","type-post","status-publish","format-standard","hentry","category-bez-kategorii"],"_links":{"self":[{"href":"https:\/\/mycielewo.pl\/index.php?rest_route=\/wp\/v2\/posts\/36282","targetHints":{"allow":["GET"]}}],"collection":[{"href":"https:\/\/mycielewo.pl\/index.php?rest_route=\/wp\/v2\/posts"}],"about":[{"href":"https:\/\/mycielewo.pl\/index.php?rest_route=\/wp\/v2\/types\/post"}],"author":[{"embeddable":true,"href":"https:\/\/mycielewo.pl\/index.php?rest_route=\/wp\/v2\/users\/1"}],"replies":[{"embeddable":true,"href":"https:\/\/mycielewo.pl\/index.php?rest_route=%2Fwp%2Fv2%2Fcomments&post=36282"}],"version-history":[{"count":4,"href":"https:\/\/mycielewo.pl\/index.php?rest_route=\/wp\/v2\/posts\/36282\/revisions"}],"predecessor-version":[{"id":36288,"href":"https:\/\/mycielewo.pl\/index.php?rest_route=\/wp\/v2\/posts\/36282\/revisions\/36288"}],"wp:attachment":[{"href":"https:\/\/mycielewo.pl\/index.php?rest_route=%2Fwp%2Fv2%2Fmedia&parent=36282"}],"wp:term":[{"taxonomy":"category","embeddable":true,"href":"https:\/\/mycielewo.pl\/index.php?rest_route=%2Fwp%2Fv2%2Fcategories&post=36282"},{"taxonomy":"post_tag","embeddable":true,"href":"https:\/\/mycielewo.pl\/index.php?rest_route=%2Fwp%2Fv2%2Ftags&post=36282"}],"curies":[{"name":"wp","href":"https:\/\/api.w.org\/{rel}","templated":true}]}}