{"id":36275,"date":"2023-04-24T07:14:03","date_gmt":"2023-04-24T07:14:03","guid":{"rendered":"http:\/\/www.mycielewo.pl\/?p=36275"},"modified":"2023-04-24T07:14:03","modified_gmt":"2023-04-24T07:14:03","slug":"konkurs-plastyczny-2","status":"publish","type":"post","link":"https:\/\/mycielewo.pl\/?p=36275","title":{"rendered":"Konkurs plastyczny"},"content":{"rendered":"\n<p>W maju \u015bwi\u0119tujemy Dzie\u0144 Matki, a przecie\u017c mama jest wa\u017cna przez ca\u0142y rok! Wiedz\u0105 o tym wszystkie dzieci. Dlatego Pani Dominika Piechowiak zaprasza wszystkie\u00a0<strong>Przedszkolaki<\/strong>\u00a0do wzi\u0119cia udzia\u0142u w konkursie plastycznym &#8222;<strong>Kwiaty dla mojej Mamy&#8221;. <\/strong><\/p>\n\n\n\n<p><strong>G\u0142\u00f3wnymi<\/strong>\u00a0celami konkursu s\u0105: rozwijanie zdolno\u015bci i zainteresowa\u0144 dzieci, popularyzowanie tw\u00f3rczo\u015bci dzieci\u0119cej, ciekawy i oryginalny spos\u00f3b na uczczenie Dnia Matki.\u00a0<\/p>\n\n\n\n<figure class=\"wp-block-image size-full\"><img loading=\"lazy\" decoding=\"async\" width=\"1078\" height=\"1538\" src=\"https:\/\/mycielewo.pl\/wp-content\/uploads\/2023\/04\/IMG_20230423_222030.jpg\" alt=\"\" class=\"wp-image-36276\" srcset=\"https:\/\/mycielewo.pl\/wp-content\/uploads\/2023\/04\/IMG_20230423_222030.jpg 1078w, https:\/\/mycielewo.pl\/wp-content\/uploads\/2023\/04\/IMG_20230423_222030-175x250.jpg 175w, https:\/\/mycielewo.pl\/wp-content\/uploads\/2023\/04\/IMG_20230423_222030-210x300.jpg 210w, https:\/\/mycielewo.pl\/wp-content\/uploads\/2023\/04\/IMG_20230423_222030-768x1096.jpg 768w, https:\/\/mycielewo.pl\/wp-content\/uploads\/2023\/04\/IMG_20230423_222030-1077x1536.jpg 1077w\" sizes=\"auto, (max-width: 1078px) 100vw, 1078px\" \/><\/figure>\n","protected":false},"excerpt":{"rendered":"<p>W maju \u015bwi\u0119tujemy Dzie\u0144 Matki, a przecie\u017c mama jest wa\u017cna przez ca\u0142y rok! Wiedz\u0105 o tym wszystkie dzieci. Dlatego Pani Dominika Piechowiak zaprasza wszystkie\u00a0Przedszkolaki\u00a0do wzi\u0119cia udzia\u0142u w konkursie plastycznym &#8222;Kwiaty dla mojej Mamy&#8221;. G\u0142\u00f3wnymi\u00a0celami konkursu s\u0105: rozwijanie zdolno\u015bci i zainteresowa\u0144 dzieci, popularyzowanie tw\u00f3rczo\u015bci dzieci\u0119cej, ciekawy i oryginalny spos\u00f3b na uczczenie Dnia Matki.\u00a0<\/p>\n","protected":false},"author":1,"featured_media":0,"comment_status":"open","ping_status":"open","sticky":false,"template":"","format":"standard","meta":{"footnotes":""},"categories":[1],"tags":[],"class_list":["post-36275","post","type-post","status-publish","format-standard","hentry","category-bez-kategorii"],"_links":{"self":[{"href":"https:\/\/mycielewo.pl\/index.php?rest_route=\/wp\/v2\/posts\/36275","targetHints":{"allow":["GET"]}}],"collection":[{"href":"https:\/\/mycielewo.pl\/index.php?rest_route=\/wp\/v2\/posts"}],"about":[{"href":"https:\/\/mycielewo.pl\/index.php?rest_route=\/wp\/v2\/types\/post"}],"author":[{"embeddable":true,"href":"https:\/\/mycielewo.pl\/index.php?rest_route=\/wp\/v2\/users\/1"}],"replies":[{"embeddable":true,"href":"https:\/\/mycielewo.pl\/index.php?rest_route=%2Fwp%2Fv2%2Fcomments&post=36275"}],"version-history":[{"count":1,"href":"https:\/\/mycielewo.pl\/index.php?rest_route=\/wp\/v2\/posts\/36275\/revisions"}],"predecessor-version":[{"id":36277,"href":"https:\/\/mycielewo.pl\/index.php?rest_route=\/wp\/v2\/posts\/36275\/revisions\/36277"}],"wp:attachment":[{"href":"https:\/\/mycielewo.pl\/index.php?rest_route=%2Fwp%2Fv2%2Fmedia&parent=36275"}],"wp:term":[{"taxonomy":"category","embeddable":true,"href":"https:\/\/mycielewo.pl\/index.php?rest_route=%2Fwp%2Fv2%2Fcategories&post=36275"},{"taxonomy":"post_tag","embeddable":true,"href":"https:\/\/mycielewo.pl\/index.php?rest_route=%2Fwp%2Fv2%2Ftags&post=36275"}],"curies":[{"name":"wp","href":"https:\/\/api.w.org\/{rel}","templated":true}]}}