{"id":36260,"date":"2023-04-20T10:46:49","date_gmt":"2023-04-20T10:46:49","guid":{"rendered":"http:\/\/www.mycielewo.pl\/?p=36260"},"modified":"2023-04-20T10:52:17","modified_gmt":"2023-04-20T10:52:17","slug":"dzien-ziemi-na-plakacie","status":"publish","type":"post","link":"https:\/\/mycielewo.pl\/?p=36260","title":{"rendered":"Dzie\u0144 Ziemi na plakacie"},"content":{"rendered":"\n<p>Uczniowie z klasy drugiej pami\u0119taj\u0105 o Dniu Ziemi. Przygotowali plakaty z tej okazji. <br>Pami\u0119tamy o ochronie naszej planety, kt\u00f3ra jest dla nas i dla wszystkich istot \u017cyj\u0105cych na Ziemi domem!<\/p>\n\n\n\n<p class=\"has-text-align-right\"><em>Henryka Mickiewicz<\/em><\/p>\n\n\n<div class=\"wp-block-image\">\n<figure class=\"aligncenter size-full\"><img loading=\"lazy\" decoding=\"async\" width=\"1200\" height=\"900\" src=\"https:\/\/mycielewo.pl\/wp-content\/uploads\/2023\/04\/image001-6.jpg\" alt=\"\" class=\"wp-image-36262\" srcset=\"https:\/\/mycielewo.pl\/wp-content\/uploads\/2023\/04\/image001-6.jpg 1200w, https:\/\/mycielewo.pl\/wp-content\/uploads\/2023\/04\/image001-6-250x188.jpg 250w, https:\/\/mycielewo.pl\/wp-content\/uploads\/2023\/04\/image001-6-300x225.jpg 300w, https:\/\/mycielewo.pl\/wp-content\/uploads\/2023\/04\/image001-6-768x576.jpg 768w\" sizes=\"auto, (max-width: 1200px) 100vw, 1200px\" \/><\/figure>\n<\/div>","protected":false},"excerpt":{"rendered":"<p>Uczniowie z klasy drugiej pami\u0119taj\u0105 o Dniu Ziemi. Przygotowali plakaty z tej okazji. Pami\u0119tamy o ochronie naszej planety, kt\u00f3ra jest dla nas i dla wszystkich istot \u017cyj\u0105cych na Ziemi domem! Henryka Mickiewicz<\/p>\n","protected":false},"author":1,"featured_media":0,"comment_status":"open","ping_status":"open","sticky":false,"template":"","format":"standard","meta":{"footnotes":""},"categories":[1],"tags":[],"class_list":["post-36260","post","type-post","status-publish","format-standard","hentry","category-bez-kategorii"],"_links":{"self":[{"href":"https:\/\/mycielewo.pl\/index.php?rest_route=\/wp\/v2\/posts\/36260","targetHints":{"allow":["GET"]}}],"collection":[{"href":"https:\/\/mycielewo.pl\/index.php?rest_route=\/wp\/v2\/posts"}],"about":[{"href":"https:\/\/mycielewo.pl\/index.php?rest_route=\/wp\/v2\/types\/post"}],"author":[{"embeddable":true,"href":"https:\/\/mycielewo.pl\/index.php?rest_route=\/wp\/v2\/users\/1"}],"replies":[{"embeddable":true,"href":"https:\/\/mycielewo.pl\/index.php?rest_route=%2Fwp%2Fv2%2Fcomments&post=36260"}],"version-history":[{"count":2,"href":"https:\/\/mycielewo.pl\/index.php?rest_route=\/wp\/v2\/posts\/36260\/revisions"}],"predecessor-version":[{"id":36263,"href":"https:\/\/mycielewo.pl\/index.php?rest_route=\/wp\/v2\/posts\/36260\/revisions\/36263"}],"wp:attachment":[{"href":"https:\/\/mycielewo.pl\/index.php?rest_route=%2Fwp%2Fv2%2Fmedia&parent=36260"}],"wp:term":[{"taxonomy":"category","embeddable":true,"href":"https:\/\/mycielewo.pl\/index.php?rest_route=%2Fwp%2Fv2%2Fcategories&post=36260"},{"taxonomy":"post_tag","embeddable":true,"href":"https:\/\/mycielewo.pl\/index.php?rest_route=%2Fwp%2Fv2%2Ftags&post=36260"}],"curies":[{"name":"wp","href":"https:\/\/api.w.org\/{rel}","templated":true}]}}