{"id":36222,"date":"2023-04-19T21:25:37","date_gmt":"2023-04-19T21:25:37","guid":{"rendered":"http:\/\/www.mycielewo.pl\/?p=36222"},"modified":"2023-04-21T08:50:22","modified_gmt":"2023-04-21T08:50:22","slug":"80-rocznica-powstania-w-getcie-warszawskim","status":"publish","type":"post","link":"https:\/\/mycielewo.pl\/?p=36222","title":{"rendered":"80. rocznica powstania w getcie warszawskim"},"content":{"rendered":"\n<p><strong>19 kwietnia obchodzimy rocznic\u0119 powstania w getcie warszawskim. 80 lat temu warszawscy \u017bydzi podj\u0119li walk\u0119 zbrojn\u0105 z Niemcami. Powstanie kwietniowe by\u0142o najwi\u0119kszym zbrojnym zrywem \u017byd\u00f3w podczas II wojny \u015bwiatowej. Symbolem tego wydarzenia sta\u0142y si\u0119 \u017conkile, kt\u00f3re pojawi\u0142y si\u0119 tak\u017ce w naszej szkole, mi\u0119dzy innymi na wystawce po\u015bwi\u0119conej powstaniu.  <\/strong><\/p>\n\n\n\n<p>Zapraszam uczni\u00f3w do k\u0105cika historycznego, gdzie mo\u017cna usi\u0105\u015b\u0107 na naszej ulubionej \u0142aweczce i poczyta\u0107 o powstaniu w getcie warszawskim.<\/p>\n\n\n\n<p class=\"has-text-align-right\">K. Walasiewicz<\/p>\n\n\n\n<figure class=\"wp-block-gallery has-nested-images columns-5 is-cropped wp-block-gallery-2 is-layout-flex wp-block-gallery-is-layout-flex\">\n<figure class=\"wp-block-image size-large\"><a href=\"https:\/\/mycielewo.pl\/?attachment_id=36231\"><img loading=\"lazy\" decoding=\"async\" width=\"142\" height=\"300\" data-id=\"36231\" src=\"https:\/\/mycielewo.pl\/wp-content\/uploads\/2023\/04\/3376-1-142x300.jpg\" alt=\"\" class=\"wp-image-36231\" srcset=\"https:\/\/mycielewo.pl\/wp-content\/uploads\/2023\/04\/3376-1-142x300.jpg 142w, https:\/\/mycielewo.pl\/wp-content\/uploads\/2023\/04\/3376-1-118x250.jpg 118w, https:\/\/mycielewo.pl\/wp-content\/uploads\/2023\/04\/3376-1.jpg 242w\" sizes=\"auto, (max-width: 142px) 100vw, 142px\" \/><\/a><\/figure>\n\n\n\n<figure class=\"wp-block-image size-large\"><a href=\"https:\/\/mycielewo.pl\/?attachment_id=36228\"><img loading=\"lazy\" decoding=\"async\" width=\"142\" height=\"300\" data-id=\"36228\" src=\"https:\/\/mycielewo.pl\/wp-content\/uploads\/2023\/04\/20230419_220258-142x300.jpg\" alt=\"\" class=\"wp-image-36228\" srcset=\"https:\/\/mycielewo.pl\/wp-content\/uploads\/2023\/04\/20230419_220258-142x300.jpg 142w, https:\/\/mycielewo.pl\/wp-content\/uploads\/2023\/04\/20230419_220258-118x250.jpg 118w, https:\/\/mycielewo.pl\/wp-content\/uploads\/2023\/04\/20230419_220258-768x1623.jpg 768w, https:\/\/mycielewo.pl\/wp-content\/uploads\/2023\/04\/20230419_220258-727x1536.jpg 727w, https:\/\/mycielewo.pl\/wp-content\/uploads\/2023\/04\/20230419_220258-969x2048.jpg 969w, https:\/\/mycielewo.pl\/wp-content\/uploads\/2023\/04\/20230419_220258-scaled.jpg 1211w\" sizes=\"auto, (max-width: 142px) 100vw, 142px\" \/><\/a><\/figure>\n\n\n\n<figure class=\"wp-block-image size-large\"><a href=\"https:\/\/mycielewo.pl\/?attachment_id=36273\"><img loading=\"lazy\" decoding=\"async\" width=\"142\" height=\"300\" data-id=\"36273\" src=\"https:\/\/mycielewo.pl\/wp-content\/uploads\/2023\/04\/zon-1-142x300.jpg\" alt=\"\" class=\"wp-image-36273\" srcset=\"https:\/\/mycielewo.pl\/wp-content\/uploads\/2023\/04\/zon-1-142x300.jpg 142w, https:\/\/mycielewo.pl\/wp-content\/uploads\/2023\/04\/zon-1-118x250.jpg 118w, https:\/\/mycielewo.pl\/wp-content\/uploads\/2023\/04\/zon-1-768x1624.jpg 768w, https:\/\/mycielewo.pl\/wp-content\/uploads\/2023\/04\/zon-1-727x1536.jpg 727w, https:\/\/mycielewo.pl\/wp-content\/uploads\/2023\/04\/zon-1-969x2048.jpg 969w, https:\/\/mycielewo.pl\/wp-content\/uploads\/2023\/04\/zon-1-rotated.jpg 1211w\" sizes=\"auto, (max-width: 142px) 100vw, 142px\" \/><\/a><\/figure>\n\n\n\n<figure class=\"wp-block-image size-large\"><a href=\"https:\/\/mycielewo.pl\/?attachment_id=36226\"><img loading=\"lazy\" decoding=\"async\" width=\"300\" height=\"142\" data-id=\"36226\" src=\"https:\/\/mycielewo.pl\/wp-content\/uploads\/2023\/04\/20230419_220233-300x142.jpg\" alt=\"\" class=\"wp-image-36226\" srcset=\"https:\/\/mycielewo.pl\/wp-content\/uploads\/2023\/04\/20230419_220233-300x142.jpg 300w, https:\/\/mycielewo.pl\/wp-content\/uploads\/2023\/04\/20230419_220233-250x118.jpg 250w, https:\/\/mycielewo.pl\/wp-content\/uploads\/2023\/04\/20230419_220233-768x363.jpg 768w, https:\/\/mycielewo.pl\/wp-content\/uploads\/2023\/04\/20230419_220233-1536x727.jpg 1536w, https:\/\/mycielewo.pl\/wp-content\/uploads\/2023\/04\/20230419_220233-2048x969.jpg 2048w\" sizes=\"auto, (max-width: 300px) 100vw, 300px\" \/><\/a><\/figure>\n\n\n\n<figure class=\"wp-block-image size-large\"><a href=\"https:\/\/mycielewo.pl\/?attachment_id=36225\"><img loading=\"lazy\" decoding=\"async\" width=\"300\" height=\"142\" data-id=\"36225\" src=\"https:\/\/mycielewo.pl\/wp-content\/uploads\/2023\/04\/20230419_220224-300x142.jpg\" alt=\"\" class=\"wp-image-36225\" srcset=\"https:\/\/mycielewo.pl\/wp-content\/uploads\/2023\/04\/20230419_220224-300x142.jpg 300w, https:\/\/mycielewo.pl\/wp-content\/uploads\/2023\/04\/20230419_220224-250x118.jpg 250w, https:\/\/mycielewo.pl\/wp-content\/uploads\/2023\/04\/20230419_220224-768x363.jpg 768w, https:\/\/mycielewo.pl\/wp-content\/uploads\/2023\/04\/20230419_220224-1536x727.jpg 1536w, https:\/\/mycielewo.pl\/wp-content\/uploads\/2023\/04\/20230419_220224-2048x969.jpg 2048w\" sizes=\"auto, (max-width: 300px) 100vw, 300px\" \/><\/a><\/figure>\n<\/figure>\n","protected":false},"excerpt":{"rendered":"<p>19 kwietnia obchodzimy rocznic\u0119 powstania w getcie warszawskim. 80 lat temu warszawscy \u017bydzi podj\u0119li walk\u0119 zbrojn\u0105 z Niemcami. Powstanie kwietniowe by\u0142o najwi\u0119kszym zbrojnym zrywem \u017byd\u00f3w podczas II wojny \u015bwiatowej. Symbolem tego wydarzenia sta\u0142y si\u0119 \u017conkile, kt\u00f3re pojawi\u0142y si\u0119 tak\u017ce w naszej szkole, mi\u0119dzy innymi na wystawce po\u015bwi\u0119conej powstaniu. Zapraszam uczni\u00f3w do k\u0105cika historycznego, gdzie mo\u017cna&hellip; <a class=\"continue\" href=\"https:\/\/mycielewo.pl\/?p=36222\">Kontynuuj czytanie<span> 80. rocznica powstania w getcie warszawskim<\/span><\/a><\/p>\n","protected":false},"author":4,"featured_media":0,"comment_status":"open","ping_status":"open","sticky":false,"template":"","format":"standard","meta":{"footnotes":""},"categories":[1],"tags":[],"class_list":["post-36222","post","type-post","status-publish","format-standard","hentry","category-bez-kategorii"],"_links":{"self":[{"href":"https:\/\/mycielewo.pl\/index.php?rest_route=\/wp\/v2\/posts\/36222","targetHints":{"allow":["GET"]}}],"collection":[{"href":"https:\/\/mycielewo.pl\/index.php?rest_route=\/wp\/v2\/posts"}],"about":[{"href":"https:\/\/mycielewo.pl\/index.php?rest_route=\/wp\/v2\/types\/post"}],"author":[{"embeddable":true,"href":"https:\/\/mycielewo.pl\/index.php?rest_route=\/wp\/v2\/users\/4"}],"replies":[{"embeddable":true,"href":"https:\/\/mycielewo.pl\/index.php?rest_route=%2Fwp%2Fv2%2Fcomments&post=36222"}],"version-history":[{"count":7,"href":"https:\/\/mycielewo.pl\/index.php?rest_route=\/wp\/v2\/posts\/36222\/revisions"}],"predecessor-version":[{"id":36274,"href":"https:\/\/mycielewo.pl\/index.php?rest_route=\/wp\/v2\/posts\/36222\/revisions\/36274"}],"wp:attachment":[{"href":"https:\/\/mycielewo.pl\/index.php?rest_route=%2Fwp%2Fv2%2Fmedia&parent=36222"}],"wp:term":[{"taxonomy":"category","embeddable":true,"href":"https:\/\/mycielewo.pl\/index.php?rest_route=%2Fwp%2Fv2%2Fcategories&post=36222"},{"taxonomy":"post_tag","embeddable":true,"href":"https:\/\/mycielewo.pl\/index.php?rest_route=%2Fwp%2Fv2%2Ftags&post=36222"}],"curies":[{"name":"wp","href":"https:\/\/api.w.org\/{rel}","templated":true}]}}