{"id":36192,"date":"2023-04-16T10:41:00","date_gmt":"2023-04-16T10:41:00","guid":{"rendered":"http:\/\/www.mycielewo.pl\/?p=36192"},"modified":"2023-04-18T10:43:04","modified_gmt":"2023-04-18T10:43:04","slug":"36192","status":"publish","type":"post","link":"https:\/\/mycielewo.pl\/?p=36192","title":{"rendered":"Program profilaktyki czerniaka sk\u00f3ry"},"content":{"rendered":"\n<p><strong>Od kilku lat na lekcjach biologii realizujemy program profilaktyczno-edukacyjny \u201eZnami\u0119! Znam je?\u201d.&nbsp; G\u0142\u00f3wnym celem programu jest upowszechnianie wiedzy na temat profilaktyki czerniaka. Organizatorem kampanii jest Akademia Czerniaka, sekcja naukowa Polskiego Towarzystwa Chirurgii Onkologicznej. <\/strong><\/p>\n\n\n\n<p>W &nbsp;ramach kolejnych zaj\u0119\u0107 uczniowie klasy VII i VIII poznali:<\/p>\n\n\n\n<p>&#8211; czynniki, kt\u00f3re podnosz\u0105 ryzyko powstania czerniaka,<br>&#8211; zasady jakich nale\u017cy przestrzega\u0107, aby nie zachorowa\u0107,<br>&#8211; cechy charakterystyczne, kt\u00f3re pomagaj\u0105 rozpozna\u0107 czerniaka,<br>&#8211; kto i dlaczego jest bardziej nara\u017cony na t\u0119 gro\u017an\u0105 chorob\u0119,<br>&#8211; jak dokona\u0107 samobadania sk\u00f3ry.<\/p>\n\n\n\n<p>Podczas zaj\u0119\u0107 uczniowie ogl\u0105dali zdj\u0119cia czerniak\u00f3w, odr\u00f3\u017cniali je od zwyk\u0142ych znamion, zapoznali si\u0119 z ulotkami, ogl\u0105dali filmy edukacyjne oraz prezentacje na temat czerniaka, analizowali plakaty przygotowane przez swoich koleg\u00f3w. W celu podsumowania zaj\u0119\u0107 napisali ankiety ewaluacyjne, w kt\u00f3rych wyrazili swoje spostrze\u017cenia i opinie.<\/p>\n\n\n\n<p class=\"has-text-align-right\"><em>&nbsp;&nbsp;&nbsp;&nbsp;&nbsp;&nbsp;Marzena Borzych<\/em><\/p>\n\n\n\n<figure class=\"wp-block-gallery has-nested-images columns-8 is-cropped wp-block-gallery-2 is-layout-flex wp-block-gallery-is-layout-flex\">\n<figure class=\"wp-block-image size-large\"><a href=\"https:\/\/mycielewo.pl\/?attachment_id=36195\"><img loading=\"lazy\" decoding=\"async\" width=\"300\" height=\"225\" data-id=\"36195\" src=\"https:\/\/mycielewo.pl\/wp-content\/uploads\/2023\/04\/image001-4-300x225.jpg\" alt=\"\" class=\"wp-image-36195\" srcset=\"https:\/\/mycielewo.pl\/wp-content\/uploads\/2023\/04\/image001-4-300x225.jpg 300w, https:\/\/mycielewo.pl\/wp-content\/uploads\/2023\/04\/image001-4-250x188.jpg 250w, https:\/\/mycielewo.pl\/wp-content\/uploads\/2023\/04\/image001-4-768x576.jpg 768w, https:\/\/mycielewo.pl\/wp-content\/uploads\/2023\/04\/image001-4.jpg 1200w\" sizes=\"auto, (max-width: 300px) 100vw, 300px\" \/><\/a><\/figure>\n\n\n\n<figure class=\"wp-block-image size-large\"><a href=\"https:\/\/mycielewo.pl\/?attachment_id=36196\"><img loading=\"lazy\" decoding=\"async\" width=\"300\" height=\"225\" data-id=\"36196\" src=\"https:\/\/mycielewo.pl\/wp-content\/uploads\/2023\/04\/image002-4-300x225.jpg\" alt=\"\" class=\"wp-image-36196\" srcset=\"https:\/\/mycielewo.pl\/wp-content\/uploads\/2023\/04\/image002-4-300x225.jpg 300w, https:\/\/mycielewo.pl\/wp-content\/uploads\/2023\/04\/image002-4-250x188.jpg 250w, https:\/\/mycielewo.pl\/wp-content\/uploads\/2023\/04\/image002-4-768x576.jpg 768w, https:\/\/mycielewo.pl\/wp-content\/uploads\/2023\/04\/image002-4.jpg 1200w\" sizes=\"auto, (max-width: 300px) 100vw, 300px\" \/><\/a><\/figure>\n\n\n\n<figure class=\"wp-block-image size-large\"><a href=\"https:\/\/mycielewo.pl\/?attachment_id=36197\"><img loading=\"lazy\" decoding=\"async\" width=\"300\" height=\"225\" data-id=\"36197\" src=\"https:\/\/mycielewo.pl\/wp-content\/uploads\/2023\/04\/image003-3-300x225.jpg\" alt=\"\" class=\"wp-image-36197\" srcset=\"https:\/\/mycielewo.pl\/wp-content\/uploads\/2023\/04\/image003-3-300x225.jpg 300w, https:\/\/mycielewo.pl\/wp-content\/uploads\/2023\/04\/image003-3-250x188.jpg 250w, https:\/\/mycielewo.pl\/wp-content\/uploads\/2023\/04\/image003-3-768x576.jpg 768w, https:\/\/mycielewo.pl\/wp-content\/uploads\/2023\/04\/image003-3.jpg 1200w\" sizes=\"auto, (max-width: 300px) 100vw, 300px\" \/><\/a><\/figure>\n\n\n\n<figure class=\"wp-block-image size-large\"><a href=\"https:\/\/mycielewo.pl\/?attachment_id=36198\"><img loading=\"lazy\" decoding=\"async\" width=\"300\" height=\"225\" data-id=\"36198\" src=\"https:\/\/mycielewo.pl\/wp-content\/uploads\/2023\/04\/image004-3-300x225.jpg\" alt=\"\" class=\"wp-image-36198\" srcset=\"https:\/\/mycielewo.pl\/wp-content\/uploads\/2023\/04\/image004-3-300x225.jpg 300w, https:\/\/mycielewo.pl\/wp-content\/uploads\/2023\/04\/image004-3-250x188.jpg 250w, https:\/\/mycielewo.pl\/wp-content\/uploads\/2023\/04\/image004-3-768x576.jpg 768w, https:\/\/mycielewo.pl\/wp-content\/uploads\/2023\/04\/image004-3.jpg 1200w\" sizes=\"auto, (max-width: 300px) 100vw, 300px\" \/><\/a><\/figure>\n\n\n\n<figure class=\"wp-block-image size-large\"><a href=\"https:\/\/mycielewo.pl\/?attachment_id=36199\"><img loading=\"lazy\" decoding=\"async\" width=\"300\" height=\"225\" data-id=\"36199\" src=\"https:\/\/mycielewo.pl\/wp-content\/uploads\/2023\/04\/image005-2-300x225.jpg\" alt=\"\" class=\"wp-image-36199\" srcset=\"https:\/\/mycielewo.pl\/wp-content\/uploads\/2023\/04\/image005-2-300x225.jpg 300w, https:\/\/mycielewo.pl\/wp-content\/uploads\/2023\/04\/image005-2-250x188.jpg 250w, https:\/\/mycielewo.pl\/wp-content\/uploads\/2023\/04\/image005-2-768x576.jpg 768w, https:\/\/mycielewo.pl\/wp-content\/uploads\/2023\/04\/image005-2.jpg 1200w\" sizes=\"auto, (max-width: 300px) 100vw, 300px\" \/><\/a><\/figure>\n\n\n\n<figure class=\"wp-block-image size-large\"><a href=\"https:\/\/mycielewo.pl\/?attachment_id=36200\"><img loading=\"lazy\" decoding=\"async\" width=\"300\" height=\"225\" data-id=\"36200\" src=\"https:\/\/mycielewo.pl\/wp-content\/uploads\/2023\/04\/image006-2-300x225.jpg\" alt=\"\" class=\"wp-image-36200\" srcset=\"https:\/\/mycielewo.pl\/wp-content\/uploads\/2023\/04\/image006-2-300x225.jpg 300w, https:\/\/mycielewo.pl\/wp-content\/uploads\/2023\/04\/image006-2-250x188.jpg 250w, https:\/\/mycielewo.pl\/wp-content\/uploads\/2023\/04\/image006-2-768x576.jpg 768w, https:\/\/mycielewo.pl\/wp-content\/uploads\/2023\/04\/image006-2.jpg 1200w\" sizes=\"auto, (max-width: 300px) 100vw, 300px\" \/><\/a><\/figure>\n\n\n\n<figure class=\"wp-block-image size-large\"><a href=\"https:\/\/mycielewo.pl\/?attachment_id=36201\"><img loading=\"lazy\" decoding=\"async\" width=\"300\" height=\"225\" data-id=\"36201\" src=\"https:\/\/mycielewo.pl\/wp-content\/uploads\/2023\/04\/image007-2-300x225.jpg\" alt=\"\" class=\"wp-image-36201\" srcset=\"https:\/\/mycielewo.pl\/wp-content\/uploads\/2023\/04\/image007-2-300x225.jpg 300w, https:\/\/mycielewo.pl\/wp-content\/uploads\/2023\/04\/image007-2-250x188.jpg 250w, https:\/\/mycielewo.pl\/wp-content\/uploads\/2023\/04\/image007-2-768x576.jpg 768w, https:\/\/mycielewo.pl\/wp-content\/uploads\/2023\/04\/image007-2.jpg 1200w\" sizes=\"auto, (max-width: 300px) 100vw, 300px\" \/><\/a><\/figure>\n\n\n\n<figure class=\"wp-block-image size-large\"><a href=\"https:\/\/mycielewo.pl\/?attachment_id=36202\"><img loading=\"lazy\" decoding=\"async\" width=\"300\" height=\"225\" data-id=\"36202\" src=\"https:\/\/mycielewo.pl\/wp-content\/uploads\/2023\/04\/image008-2-300x225.jpg\" alt=\"\" class=\"wp-image-36202\" srcset=\"https:\/\/mycielewo.pl\/wp-content\/uploads\/2023\/04\/image008-2-300x225.jpg 300w, https:\/\/mycielewo.pl\/wp-content\/uploads\/2023\/04\/image008-2-250x188.jpg 250w, https:\/\/mycielewo.pl\/wp-content\/uploads\/2023\/04\/image008-2-768x576.jpg 768w, https:\/\/mycielewo.pl\/wp-content\/uploads\/2023\/04\/image008-2.jpg 1200w\" sizes=\"auto, (max-width: 300px) 100vw, 300px\" \/><\/a><\/figure>\n<\/figure>\n","protected":false},"excerpt":{"rendered":"<p>Od kilku lat na lekcjach biologii realizujemy program profilaktyczno-edukacyjny \u201eZnami\u0119! Znam je?\u201d.&nbsp; G\u0142\u00f3wnym celem programu jest upowszechnianie wiedzy na temat profilaktyki czerniaka. Organizatorem kampanii jest Akademia Czerniaka, sekcja naukowa Polskiego Towarzystwa Chirurgii Onkologicznej. W &nbsp;ramach kolejnych zaj\u0119\u0107 uczniowie klasy VII i VIII poznali: &#8211; czynniki, kt\u00f3re podnosz\u0105 ryzyko powstania czerniaka,&#8211; zasady jakich nale\u017cy przestrzega\u0107, aby&hellip; <a class=\"continue\" href=\"https:\/\/mycielewo.pl\/?p=36192\">Kontynuuj czytanie<span> Program profilaktyki czerniaka sk\u00f3ry<\/span><\/a><\/p>\n","protected":false},"author":1,"featured_media":0,"comment_status":"open","ping_status":"open","sticky":false,"template":"","format":"standard","meta":{"footnotes":""},"categories":[1],"tags":[],"class_list":["post-36192","post","type-post","status-publish","format-standard","hentry","category-bez-kategorii"],"_links":{"self":[{"href":"https:\/\/mycielewo.pl\/index.php?rest_route=\/wp\/v2\/posts\/36192","targetHints":{"allow":["GET"]}}],"collection":[{"href":"https:\/\/mycielewo.pl\/index.php?rest_route=\/wp\/v2\/posts"}],"about":[{"href":"https:\/\/mycielewo.pl\/index.php?rest_route=\/wp\/v2\/types\/post"}],"author":[{"embeddable":true,"href":"https:\/\/mycielewo.pl\/index.php?rest_route=\/wp\/v2\/users\/1"}],"replies":[{"embeddable":true,"href":"https:\/\/mycielewo.pl\/index.php?rest_route=%2Fwp%2Fv2%2Fcomments&post=36192"}],"version-history":[{"count":3,"href":"https:\/\/mycielewo.pl\/index.php?rest_route=\/wp\/v2\/posts\/36192\/revisions"}],"predecessor-version":[{"id":36203,"href":"https:\/\/mycielewo.pl\/index.php?rest_route=\/wp\/v2\/posts\/36192\/revisions\/36203"}],"wp:attachment":[{"href":"https:\/\/mycielewo.pl\/index.php?rest_route=%2Fwp%2Fv2%2Fmedia&parent=36192"}],"wp:term":[{"taxonomy":"category","embeddable":true,"href":"https:\/\/mycielewo.pl\/index.php?rest_route=%2Fwp%2Fv2%2Fcategories&post=36192"},{"taxonomy":"post_tag","embeddable":true,"href":"https:\/\/mycielewo.pl\/index.php?rest_route=%2Fwp%2Fv2%2Ftags&post=36192"}],"curies":[{"name":"wp","href":"https:\/\/api.w.org\/{rel}","templated":true}]}}