{"id":36156,"date":"2023-04-12T09:45:35","date_gmt":"2023-04-12T09:45:35","guid":{"rendered":"http:\/\/www.mycielewo.pl\/?p=36156"},"modified":"2023-04-12T09:48:22","modified_gmt":"2023-04-12T09:48:22","slug":"dentobus","status":"publish","type":"post","link":"https:\/\/mycielewo.pl\/?p=36156","title":{"rendered":"Dentobus"},"content":{"rendered":"\n<p>29 marca i 5 kwietnia 2023 roku po raz kolejny przyby\u0142 &#8222;Dentobus&#8221;. Pan doktor dokona\u0142 przegl\u0105d\u00f3w stomatologicznych. Pacjenci dostali wyniki bada\u0144. Niekt\u00f3rzy leczyli z\u0119by.<br>Bardzo dzi\u0119kujemy wszystkim za udzia\u0142 w akcji.<\/p>\n\n\n\n<p class=\"has-text-align-right\"><em>Marta Bernas<\/em><\/p>\n\n\n\n<figure class=\"wp-block-gallery has-nested-images columns-default is-cropped wp-block-gallery-2 is-layout-flex wp-block-gallery-is-layout-flex\">\n<figure class=\"wp-block-image size-large\"><a href=\"https:\/\/mycielewo.pl\/?attachment_id=36159\"><img loading=\"lazy\" decoding=\"async\" width=\"300\" height=\"226\" data-id=\"36159\" src=\"https:\/\/mycielewo.pl\/wp-content\/uploads\/2023\/04\/image001-3-300x226.jpg\" alt=\"\" class=\"wp-image-36159\" srcset=\"https:\/\/mycielewo.pl\/wp-content\/uploads\/2023\/04\/image001-3-300x226.jpg 300w, https:\/\/mycielewo.pl\/wp-content\/uploads\/2023\/04\/image001-3-250x188.jpg 250w, https:\/\/mycielewo.pl\/wp-content\/uploads\/2023\/04\/image001-3-768x578.jpg 768w, https:\/\/mycielewo.pl\/wp-content\/uploads\/2023\/04\/image001-3.jpg 1195w\" sizes=\"auto, (max-width: 300px) 100vw, 300px\" \/><\/a><\/figure>\n\n\n\n<figure class=\"wp-block-image size-large\"><a href=\"https:\/\/mycielewo.pl\/?attachment_id=36158\"><img loading=\"lazy\" decoding=\"async\" width=\"300\" height=\"226\" data-id=\"36158\" src=\"https:\/\/mycielewo.pl\/wp-content\/uploads\/2023\/04\/image002-3-300x226.jpg\" alt=\"\" class=\"wp-image-36158\" srcset=\"https:\/\/mycielewo.pl\/wp-content\/uploads\/2023\/04\/image002-3-300x226.jpg 300w, https:\/\/mycielewo.pl\/wp-content\/uploads\/2023\/04\/image002-3-250x188.jpg 250w, https:\/\/mycielewo.pl\/wp-content\/uploads\/2023\/04\/image002-3-768x578.jpg 768w, https:\/\/mycielewo.pl\/wp-content\/uploads\/2023\/04\/image002-3.jpg 1195w\" sizes=\"auto, (max-width: 300px) 100vw, 300px\" \/><\/a><\/figure>\n<\/figure>\n","protected":false},"excerpt":{"rendered":"<p>29 marca i 5 kwietnia 2023 roku po raz kolejny przyby\u0142 &#8222;Dentobus&#8221;. Pan doktor dokona\u0142 przegl\u0105d\u00f3w stomatologicznych. Pacjenci dostali wyniki bada\u0144. Niekt\u00f3rzy leczyli z\u0119by.Bardzo dzi\u0119kujemy wszystkim za udzia\u0142 w akcji. Marta Bernas<\/p>\n","protected":false},"author":1,"featured_media":0,"comment_status":"open","ping_status":"open","sticky":false,"template":"","format":"standard","meta":{"footnotes":""},"categories":[1],"tags":[],"class_list":["post-36156","post","type-post","status-publish","format-standard","hentry","category-bez-kategorii"],"_links":{"self":[{"href":"https:\/\/mycielewo.pl\/index.php?rest_route=\/wp\/v2\/posts\/36156","targetHints":{"allow":["GET"]}}],"collection":[{"href":"https:\/\/mycielewo.pl\/index.php?rest_route=\/wp\/v2\/posts"}],"about":[{"href":"https:\/\/mycielewo.pl\/index.php?rest_route=\/wp\/v2\/types\/post"}],"author":[{"embeddable":true,"href":"https:\/\/mycielewo.pl\/index.php?rest_route=\/wp\/v2\/users\/1"}],"replies":[{"embeddable":true,"href":"https:\/\/mycielewo.pl\/index.php?rest_route=%2Fwp%2Fv2%2Fcomments&post=36156"}],"version-history":[{"count":3,"href":"https:\/\/mycielewo.pl\/index.php?rest_route=\/wp\/v2\/posts\/36156\/revisions"}],"predecessor-version":[{"id":36162,"href":"https:\/\/mycielewo.pl\/index.php?rest_route=\/wp\/v2\/posts\/36156\/revisions\/36162"}],"wp:attachment":[{"href":"https:\/\/mycielewo.pl\/index.php?rest_route=%2Fwp%2Fv2%2Fmedia&parent=36156"}],"wp:term":[{"taxonomy":"category","embeddable":true,"href":"https:\/\/mycielewo.pl\/index.php?rest_route=%2Fwp%2Fv2%2Fcategories&post=36156"},{"taxonomy":"post_tag","embeddable":true,"href":"https:\/\/mycielewo.pl\/index.php?rest_route=%2Fwp%2Fv2%2Ftags&post=36156"}],"curies":[{"name":"wp","href":"https:\/\/api.w.org\/{rel}","templated":true}]}}