{"id":36010,"date":"2023-04-04T18:43:17","date_gmt":"2023-04-04T18:43:17","guid":{"rendered":"http:\/\/www.mycielewo.pl\/?p=36010"},"modified":"2023-04-04T18:43:17","modified_gmt":"2023-04-04T18:43:17","slug":"oferta-z-samostrzela","status":"publish","type":"post","link":"https:\/\/mycielewo.pl\/?p=36010","title":{"rendered":"Oferta z Samostrzela"},"content":{"rendered":"\n<p>4 kwietnia 2023 roku w ramach edukacji zawodowej uczniowie \u00f3smej klasy zapoznali si\u0119 z ofert\u0105 Zespo\u0142u Szk\u00f3\u0142 Centrum Kszta\u0142cenia Rolniczego im. Wincentego Witosa w Samostrzelu.<\/p>\n\n\n\n<figure class=\"wp-block-gallery has-nested-images columns-5 is-cropped wp-block-gallery-2 is-layout-flex wp-block-gallery-is-layout-flex\">\n<figure class=\"wp-block-image size-large\"><a href=\"https:\/\/mycielewo.pl\/?attachment_id=36013\"><img loading=\"lazy\" decoding=\"async\" width=\"300\" height=\"169\" data-id=\"36013\" src=\"https:\/\/mycielewo.pl\/wp-content\/uploads\/2023\/04\/image1-5-300x169.jpg\" alt=\"\" class=\"wp-image-36013\" srcset=\"https:\/\/mycielewo.pl\/wp-content\/uploads\/2023\/04\/image1-5-300x169.jpg 300w, https:\/\/mycielewo.pl\/wp-content\/uploads\/2023\/04\/image1-5-250x141.jpg 250w, https:\/\/mycielewo.pl\/wp-content\/uploads\/2023\/04\/image1-5-768x432.jpg 768w, https:\/\/mycielewo.pl\/wp-content\/uploads\/2023\/04\/image1-5.jpg 1200w\" sizes=\"auto, (max-width: 300px) 100vw, 300px\" \/><\/a><\/figure>\n\n\n\n<figure class=\"wp-block-image size-large\"><a href=\"https:\/\/mycielewo.pl\/?attachment_id=36011\"><img loading=\"lazy\" decoding=\"async\" width=\"300\" height=\"169\" data-id=\"36011\" src=\"https:\/\/mycielewo.pl\/wp-content\/uploads\/2023\/04\/image2-4-300x169.jpg\" alt=\"\" class=\"wp-image-36011\" srcset=\"https:\/\/mycielewo.pl\/wp-content\/uploads\/2023\/04\/image2-4-300x169.jpg 300w, https:\/\/mycielewo.pl\/wp-content\/uploads\/2023\/04\/image2-4-250x141.jpg 250w, https:\/\/mycielewo.pl\/wp-content\/uploads\/2023\/04\/image2-4-768x432.jpg 768w, https:\/\/mycielewo.pl\/wp-content\/uploads\/2023\/04\/image2-4.jpg 1200w\" sizes=\"auto, (max-width: 300px) 100vw, 300px\" \/><\/a><\/figure>\n\n\n\n<figure class=\"wp-block-image size-large\"><a href=\"https:\/\/mycielewo.pl\/?attachment_id=36012\"><img loading=\"lazy\" decoding=\"async\" width=\"300\" height=\"169\" data-id=\"36012\" src=\"https:\/\/mycielewo.pl\/wp-content\/uploads\/2023\/04\/image3-4-300x169.jpg\" alt=\"\" class=\"wp-image-36012\" srcset=\"https:\/\/mycielewo.pl\/wp-content\/uploads\/2023\/04\/image3-4-300x169.jpg 300w, https:\/\/mycielewo.pl\/wp-content\/uploads\/2023\/04\/image3-4-250x141.jpg 250w, https:\/\/mycielewo.pl\/wp-content\/uploads\/2023\/04\/image3-4-768x432.jpg 768w, https:\/\/mycielewo.pl\/wp-content\/uploads\/2023\/04\/image3-4.jpg 1200w\" sizes=\"auto, (max-width: 300px) 100vw, 300px\" \/><\/a><\/figure>\n\n\n\n<figure class=\"wp-block-image size-large\"><a href=\"https:\/\/mycielewo.pl\/?attachment_id=36015\"><img loading=\"lazy\" decoding=\"async\" width=\"300\" height=\"169\" data-id=\"36015\" src=\"https:\/\/mycielewo.pl\/wp-content\/uploads\/2023\/04\/image4-4-300x169.jpg\" alt=\"\" class=\"wp-image-36015\" srcset=\"https:\/\/mycielewo.pl\/wp-content\/uploads\/2023\/04\/image4-4-300x169.jpg 300w, https:\/\/mycielewo.pl\/wp-content\/uploads\/2023\/04\/image4-4-250x141.jpg 250w, https:\/\/mycielewo.pl\/wp-content\/uploads\/2023\/04\/image4-4-768x432.jpg 768w, https:\/\/mycielewo.pl\/wp-content\/uploads\/2023\/04\/image4-4.jpg 1200w\" sizes=\"auto, (max-width: 300px) 100vw, 300px\" \/><\/a><\/figure>\n\n\n\n<figure class=\"wp-block-image size-large\"><a href=\"https:\/\/mycielewo.pl\/?attachment_id=36014\"><img loading=\"lazy\" decoding=\"async\" width=\"169\" height=\"300\" data-id=\"36014\" src=\"https:\/\/mycielewo.pl\/wp-content\/uploads\/2023\/04\/image5-4-169x300.jpg\" alt=\"\" class=\"wp-image-36014\" srcset=\"https:\/\/mycielewo.pl\/wp-content\/uploads\/2023\/04\/image5-4-169x300.jpg 169w, https:\/\/mycielewo.pl\/wp-content\/uploads\/2023\/04\/image5-4-141x250.jpg 141w, https:\/\/mycielewo.pl\/wp-content\/uploads\/2023\/04\/image5-4.jpg 506w\" sizes=\"auto, (max-width: 169px) 100vw, 169px\" \/><\/a><\/figure>\n<\/figure>\n","protected":false},"excerpt":{"rendered":"<p>4 kwietnia 2023 roku w ramach edukacji zawodowej uczniowie \u00f3smej klasy zapoznali si\u0119 z ofert\u0105 Zespo\u0142u Szk\u00f3\u0142 Centrum Kszta\u0142cenia Rolniczego im. Wincentego Witosa w Samostrzelu.<\/p>\n","protected":false},"author":1,"featured_media":0,"comment_status":"open","ping_status":"open","sticky":false,"template":"","format":"standard","meta":{"footnotes":""},"categories":[1],"tags":[],"class_list":["post-36010","post","type-post","status-publish","format-standard","hentry","category-bez-kategorii"],"_links":{"self":[{"href":"https:\/\/mycielewo.pl\/index.php?rest_route=\/wp\/v2\/posts\/36010","targetHints":{"allow":["GET"]}}],"collection":[{"href":"https:\/\/mycielewo.pl\/index.php?rest_route=\/wp\/v2\/posts"}],"about":[{"href":"https:\/\/mycielewo.pl\/index.php?rest_route=\/wp\/v2\/types\/post"}],"author":[{"embeddable":true,"href":"https:\/\/mycielewo.pl\/index.php?rest_route=\/wp\/v2\/users\/1"}],"replies":[{"embeddable":true,"href":"https:\/\/mycielewo.pl\/index.php?rest_route=%2Fwp%2Fv2%2Fcomments&post=36010"}],"version-history":[{"count":1,"href":"https:\/\/mycielewo.pl\/index.php?rest_route=\/wp\/v2\/posts\/36010\/revisions"}],"predecessor-version":[{"id":36016,"href":"https:\/\/mycielewo.pl\/index.php?rest_route=\/wp\/v2\/posts\/36010\/revisions\/36016"}],"wp:attachment":[{"href":"https:\/\/mycielewo.pl\/index.php?rest_route=%2Fwp%2Fv2%2Fmedia&parent=36010"}],"wp:term":[{"taxonomy":"category","embeddable":true,"href":"https:\/\/mycielewo.pl\/index.php?rest_route=%2Fwp%2Fv2%2Fcategories&post=36010"},{"taxonomy":"post_tag","embeddable":true,"href":"https:\/\/mycielewo.pl\/index.php?rest_route=%2Fwp%2Fv2%2Ftags&post=36010"}],"curies":[{"name":"wp","href":"https:\/\/api.w.org\/{rel}","templated":true}]}}