{"id":35897,"date":"2023-04-03T18:05:30","date_gmt":"2023-04-03T18:05:30","guid":{"rendered":"http:\/\/www.mycielewo.pl\/?p=35897"},"modified":"2023-04-03T18:10:38","modified_gmt":"2023-04-03T18:10:38","slug":"ii-miejsce-w-memoriale-im-tomasza-naroznego-w-pilce-recznej","status":"publish","type":"post","link":"https:\/\/mycielewo.pl\/?p=35897","title":{"rendered":"II miejsce w Memoriale im. Tomasza Naro\u017cnego w pi\u0142ce r\u0119cznej"},"content":{"rendered":"\n<p>30 marca 2023 r. reprezentacja Szko\u0142y Podstawowej w Mycielewie bra\u0142a udzia\u0142 <strong>w II Memoriale im. Tomasza Naro\u017cnego w pi\u0142ce r\u0119cznej Zespo\u0142u Szk\u00f3\u0142 Technicznych w Kcyni o Puchar Burmistrza Kcyni.<\/strong> <\/p>\n\n\n\n<p>W zawodach zorganizowanych przez ZST w Kcyni bra\u0142y udzia\u0142 nast\u0119puj\u0105ce szko\u0142y: SP Kcynia, SP Mycielewo, SP Dziewierzewo, SP Rozstrz\u0119bowo i ZST Kcynia. Turniej rozegrano systemem \u201eka\u017cdy z ka\u017cdym\u201d. <br>Nasz\u0105 szko\u0142\u0119 reprezentowali ch\u0142opcy z klasy VII i VIII. Nale\u017cy podkre\u015bli\u0107, \u017ce nasza dru\u017cyna ch\u0142opc\u00f3w prezentowa\u0142a bardzo dobr\u0105 postaw\u0119, ulegaj\u0105c tylko jedn\u0105 bramk\u0105 zespo\u0142owi ZST z Kcyni. To by\u0142 nasz jedyny przegrany mecz w ca\u0142ym turnieju. Ostatecznie <strong>zaj\u0119li\u015bmy II miejsce<\/strong>. Najlepszym bramkarzem zawod\u00f3w zosta\u0142 ucze\u0144 z Mycielewa <strong>Oliwier Lewandowski<\/strong>. <\/p>\n\n\n\n<p>Sk\u0142ad dru\u017cyny SP Mycielewo: <strong>Oliwier Lewandowski, Mateusz Pazderski, Franciszek Strzy\u017cewski, Artur Jurek, Jakub Pazderski, Wojciech Manikowski, Filip Brzykcy, Maksymilian Osi\u0144ski, Wiktor Zieli\u0144ski<\/strong><\/p>\n\n\n\n<p>Opiekun: <strong>Miros\u0142aw Grabarski<\/strong><\/p>\n\n\n\n<p class=\"has-text-align-right\"><em>Gratulujemy naszym zawodnikom zdobycia w pi\u0119knym stylu II miejsca!<\/em><\/p>\n\n\n\n<figure class=\"wp-block-gallery has-nested-images columns-default is-cropped wp-block-gallery-2 is-layout-flex wp-block-gallery-is-layout-flex\">\n<figure class=\"wp-block-image size-full\"><a href=\"https:\/\/mycielewo.pl\/?attachment_id=35903\"><img loading=\"lazy\" decoding=\"async\" width=\"1200\" height=\"568\" data-id=\"35903\" src=\"https:\/\/mycielewo.pl\/wp-content\/uploads\/2023\/04\/image1.jpg\" alt=\"\" class=\"wp-image-35903\" srcset=\"https:\/\/mycielewo.pl\/wp-content\/uploads\/2023\/04\/image1.jpg 1200w, https:\/\/mycielewo.pl\/wp-content\/uploads\/2023\/04\/image1-250x118.jpg 250w, https:\/\/mycielewo.pl\/wp-content\/uploads\/2023\/04\/image1-300x142.jpg 300w, https:\/\/mycielewo.pl\/wp-content\/uploads\/2023\/04\/image1-768x364.jpg 768w\" sizes=\"auto, (max-width: 1200px) 100vw, 1200px\" \/><\/a><\/figure>\n\n\n\n<figure class=\"wp-block-image size-full\"><a href=\"https:\/\/mycielewo.pl\/?attachment_id=35899\"><img loading=\"lazy\" decoding=\"async\" width=\"1200\" height=\"1600\" data-id=\"35899\" src=\"https:\/\/mycielewo.pl\/wp-content\/uploads\/2023\/04\/pilka-reczna.jpeg\" alt=\"\" class=\"wp-image-35899\" srcset=\"https:\/\/mycielewo.pl\/wp-content\/uploads\/2023\/04\/pilka-reczna.jpeg 1200w, https:\/\/mycielewo.pl\/wp-content\/uploads\/2023\/04\/pilka-reczna-188x250.jpeg 188w, https:\/\/mycielewo.pl\/wp-content\/uploads\/2023\/04\/pilka-reczna-225x300.jpeg 225w, https:\/\/mycielewo.pl\/wp-content\/uploads\/2023\/04\/pilka-reczna-768x1024.jpeg 768w, https:\/\/mycielewo.pl\/wp-content\/uploads\/2023\/04\/pilka-reczna-1152x1536.jpeg 1152w\" sizes=\"auto, (max-width: 1200px) 100vw, 1200px\" \/><\/a><\/figure>\n<\/figure>\n","protected":false},"excerpt":{"rendered":"<p>30 marca 2023 r. reprezentacja Szko\u0142y Podstawowej w Mycielewie bra\u0142a udzia\u0142 w II Memoriale im. Tomasza Naro\u017cnego w pi\u0142ce r\u0119cznej Zespo\u0142u Szk\u00f3\u0142 Technicznych w Kcyni o Puchar Burmistrza Kcyni. W zawodach zorganizowanych przez ZST w Kcyni bra\u0142y udzia\u0142 nast\u0119puj\u0105ce szko\u0142y: SP Kcynia, SP Mycielewo, SP Dziewierzewo, SP Rozstrz\u0119bowo i ZST Kcynia. Turniej rozegrano systemem \u201eka\u017cdy&hellip; <a class=\"continue\" href=\"https:\/\/mycielewo.pl\/?p=35897\">Kontynuuj czytanie<span> II miejsce w Memoriale im. Tomasza Naro\u017cnego w pi\u0142ce r\u0119cznej<\/span><\/a><\/p>\n","protected":false},"author":4,"featured_media":0,"comment_status":"open","ping_status":"open","sticky":false,"template":"","format":"standard","meta":{"footnotes":""},"categories":[1],"tags":[],"class_list":["post-35897","post","type-post","status-publish","format-standard","hentry","category-bez-kategorii"],"_links":{"self":[{"href":"https:\/\/mycielewo.pl\/index.php?rest_route=\/wp\/v2\/posts\/35897","targetHints":{"allow":["GET"]}}],"collection":[{"href":"https:\/\/mycielewo.pl\/index.php?rest_route=\/wp\/v2\/posts"}],"about":[{"href":"https:\/\/mycielewo.pl\/index.php?rest_route=\/wp\/v2\/types\/post"}],"author":[{"embeddable":true,"href":"https:\/\/mycielewo.pl\/index.php?rest_route=\/wp\/v2\/users\/4"}],"replies":[{"embeddable":true,"href":"https:\/\/mycielewo.pl\/index.php?rest_route=%2Fwp%2Fv2%2Fcomments&post=35897"}],"version-history":[{"count":5,"href":"https:\/\/mycielewo.pl\/index.php?rest_route=\/wp\/v2\/posts\/35897\/revisions"}],"predecessor-version":[{"id":35905,"href":"https:\/\/mycielewo.pl\/index.php?rest_route=\/wp\/v2\/posts\/35897\/revisions\/35905"}],"wp:attachment":[{"href":"https:\/\/mycielewo.pl\/index.php?rest_route=%2Fwp%2Fv2%2Fmedia&parent=35897"}],"wp:term":[{"taxonomy":"category","embeddable":true,"href":"https:\/\/mycielewo.pl\/index.php?rest_route=%2Fwp%2Fv2%2Fcategories&post=35897"},{"taxonomy":"post_tag","embeddable":true,"href":"https:\/\/mycielewo.pl\/index.php?rest_route=%2Fwp%2Fv2%2Ftags&post=35897"}],"curies":[{"name":"wp","href":"https:\/\/api.w.org\/{rel}","templated":true}]}}