{"id":35889,"date":"2023-04-03T11:36:15","date_gmt":"2023-04-03T11:36:15","guid":{"rendered":"http:\/\/www.mycielewo.pl\/?p=35889"},"modified":"2023-04-03T11:37:00","modified_gmt":"2023-04-03T11:37:00","slug":"lekcja-z-zus","status":"publish","type":"post","link":"https:\/\/mycielewo.pl\/?p=35889","title":{"rendered":"Lekcja z ZUS"},"content":{"rendered":"\n<p><strong>Przyst\u0105pili\u015bmy do projektu edukacyjnego pt.: &#8222;Projekt z ZUS&#8221;. Celem projektu jest upowszechnianie wiedzy o ubezpieczeniach spo\u0142ecznych w\u015br\u00f3d uczni\u00f3w szk\u00f3\u0142 podstawowych. <\/strong><\/p>\n\n\n\n<p>W zwi\u0105zku z tym p. Emilia Szcz\u0119sna przedstawicielka ZUS-u w&nbsp; Bydgoszczy przeprowadzi\u0142a w klasie trzeciej zaj\u0119cia dotycz\u0105ce ubezpiecze\u0144 spo\u0142ecznych.&nbsp;<\/p>\n\n\n\n<p class=\"has-text-align-right\"><em>Ma\u0142gorzata Kwiatkowska<\/em><\/p>\n\n\n\n<figure class=\"wp-block-gallery has-nested-images columns-4 is-cropped wp-block-gallery-2 is-layout-flex wp-block-gallery-is-layout-flex\">\n<figure class=\"wp-block-image size-large\"><a href=\"https:\/\/mycielewo.pl\/?attachment_id=35890\"><img loading=\"lazy\" decoding=\"async\" width=\"300\" height=\"224\" data-id=\"35890\" src=\"https:\/\/mycielewo.pl\/wp-content\/uploads\/2023\/04\/image001-1-300x224.jpg\" alt=\"\" class=\"wp-image-35890\" srcset=\"https:\/\/mycielewo.pl\/wp-content\/uploads\/2023\/04\/image001-1-300x224.jpg 300w, https:\/\/mycielewo.pl\/wp-content\/uploads\/2023\/04\/image001-1-250x187.jpg 250w, https:\/\/mycielewo.pl\/wp-content\/uploads\/2023\/04\/image001-1-768x574.jpg 768w, https:\/\/mycielewo.pl\/wp-content\/uploads\/2023\/04\/image001-1.jpg 1200w\" sizes=\"auto, (max-width: 300px) 100vw, 300px\" \/><\/a><\/figure>\n\n\n\n<figure class=\"wp-block-image size-large\"><a href=\"https:\/\/mycielewo.pl\/?attachment_id=35891\"><img loading=\"lazy\" decoding=\"async\" width=\"224\" height=\"300\" data-id=\"35891\" src=\"https:\/\/mycielewo.pl\/wp-content\/uploads\/2023\/04\/image002-1-224x300.jpg\" alt=\"\" class=\"wp-image-35891\" srcset=\"https:\/\/mycielewo.pl\/wp-content\/uploads\/2023\/04\/image002-1-224x300.jpg 224w, https:\/\/mycielewo.pl\/wp-content\/uploads\/2023\/04\/image002-1-187x250.jpg 187w, https:\/\/mycielewo.pl\/wp-content\/uploads\/2023\/04\/image002-1.jpg 673w\" sizes=\"auto, (max-width: 224px) 100vw, 224px\" \/><\/a><\/figure>\n\n\n\n<figure class=\"wp-block-image size-large\"><a href=\"https:\/\/mycielewo.pl\/?attachment_id=35893\"><img loading=\"lazy\" decoding=\"async\" width=\"300\" height=\"224\" data-id=\"35893\" src=\"https:\/\/mycielewo.pl\/wp-content\/uploads\/2023\/04\/image003-1-300x224.jpg\" alt=\"\" class=\"wp-image-35893\" srcset=\"https:\/\/mycielewo.pl\/wp-content\/uploads\/2023\/04\/image003-1-300x224.jpg 300w, https:\/\/mycielewo.pl\/wp-content\/uploads\/2023\/04\/image003-1-250x187.jpg 250w, https:\/\/mycielewo.pl\/wp-content\/uploads\/2023\/04\/image003-1-768x574.jpg 768w, https:\/\/mycielewo.pl\/wp-content\/uploads\/2023\/04\/image003-1.jpg 1200w\" sizes=\"auto, (max-width: 300px) 100vw, 300px\" \/><\/a><\/figure>\n\n\n\n<figure class=\"wp-block-image size-large\"><a href=\"https:\/\/mycielewo.pl\/?attachment_id=35892\"><img loading=\"lazy\" decoding=\"async\" width=\"224\" height=\"300\" data-id=\"35892\" src=\"https:\/\/mycielewo.pl\/wp-content\/uploads\/2023\/04\/image004-1-224x300.jpg\" alt=\"\" class=\"wp-image-35892\" srcset=\"https:\/\/mycielewo.pl\/wp-content\/uploads\/2023\/04\/image004-1-224x300.jpg 224w, https:\/\/mycielewo.pl\/wp-content\/uploads\/2023\/04\/image004-1-187x250.jpg 187w, https:\/\/mycielewo.pl\/wp-content\/uploads\/2023\/04\/image004-1.jpg 673w\" sizes=\"auto, (max-width: 224px) 100vw, 224px\" \/><\/a><\/figure>\n<\/figure>\n","protected":false},"excerpt":{"rendered":"<p>Przyst\u0105pili\u015bmy do projektu edukacyjnego pt.: &#8222;Projekt z ZUS&#8221;. Celem projektu jest upowszechnianie wiedzy o ubezpieczeniach spo\u0142ecznych w\u015br\u00f3d uczni\u00f3w szk\u00f3\u0142 podstawowych. W zwi\u0105zku z tym p. Emilia Szcz\u0119sna przedstawicielka ZUS-u w&nbsp; Bydgoszczy przeprowadzi\u0142a w klasie trzeciej zaj\u0119cia dotycz\u0105ce ubezpiecze\u0144 spo\u0142ecznych.&nbsp; Ma\u0142gorzata Kwiatkowska<\/p>\n","protected":false},"author":1,"featured_media":0,"comment_status":"open","ping_status":"open","sticky":false,"template":"","format":"standard","meta":{"footnotes":""},"categories":[1],"tags":[],"class_list":["post-35889","post","type-post","status-publish","format-standard","hentry","category-bez-kategorii"],"_links":{"self":[{"href":"https:\/\/mycielewo.pl\/index.php?rest_route=\/wp\/v2\/posts\/35889","targetHints":{"allow":["GET"]}}],"collection":[{"href":"https:\/\/mycielewo.pl\/index.php?rest_route=\/wp\/v2\/posts"}],"about":[{"href":"https:\/\/mycielewo.pl\/index.php?rest_route=\/wp\/v2\/types\/post"}],"author":[{"embeddable":true,"href":"https:\/\/mycielewo.pl\/index.php?rest_route=\/wp\/v2\/users\/1"}],"replies":[{"embeddable":true,"href":"https:\/\/mycielewo.pl\/index.php?rest_route=%2Fwp%2Fv2%2Fcomments&post=35889"}],"version-history":[{"count":2,"href":"https:\/\/mycielewo.pl\/index.php?rest_route=\/wp\/v2\/posts\/35889\/revisions"}],"predecessor-version":[{"id":35895,"href":"https:\/\/mycielewo.pl\/index.php?rest_route=\/wp\/v2\/posts\/35889\/revisions\/35895"}],"wp:attachment":[{"href":"https:\/\/mycielewo.pl\/index.php?rest_route=%2Fwp%2Fv2%2Fmedia&parent=35889"}],"wp:term":[{"taxonomy":"category","embeddable":true,"href":"https:\/\/mycielewo.pl\/index.php?rest_route=%2Fwp%2Fv2%2Fcategories&post=35889"},{"taxonomy":"post_tag","embeddable":true,"href":"https:\/\/mycielewo.pl\/index.php?rest_route=%2Fwp%2Fv2%2Ftags&post=35889"}],"curies":[{"name":"wp","href":"https:\/\/api.w.org\/{rel}","templated":true}]}}