{"id":35864,"date":"2023-03-30T11:05:29","date_gmt":"2023-03-30T11:05:29","guid":{"rendered":"http:\/\/www.mycielewo.pl\/?p=35864"},"modified":"2023-03-30T11:07:32","modified_gmt":"2023-03-30T11:07:32","slug":"ogloszenie-9","status":"publish","type":"post","link":"https:\/\/mycielewo.pl\/?p=35864","title":{"rendered":"Og\u0142oszenie!!!"},"content":{"rendered":"\n<p class=\"has-text-align-center has-vivid-red-color has-text-color\"><strong>W poniedzia\u0142ek 3 kwietnia obchodzimy w szkole Mi\u0119dzynarodowy Dzie\u0144 Autyzmu. W tym dniu ubieramy si\u0119 na niebiesko, poniewa\u017c to kolor solidarno\u015bci z autyzmem.<\/strong><\/p>\n\n\n\n<p class=\"has-text-align-right\"><em>SU<\/em><\/p>\n\n\n<div class=\"wp-block-image\">\n<figure class=\"aligncenter size-full\"><img loading=\"lazy\" decoding=\"async\" width=\"512\" height=\"459\" src=\"https:\/\/mycielewo.pl\/wp-content\/uploads\/2023\/03\/20200402_autyzm.jpg\" alt=\"\" class=\"wp-image-35865\" srcset=\"https:\/\/mycielewo.pl\/wp-content\/uploads\/2023\/03\/20200402_autyzm.jpg 512w, https:\/\/mycielewo.pl\/wp-content\/uploads\/2023\/03\/20200402_autyzm-250x224.jpg 250w, https:\/\/mycielewo.pl\/wp-content\/uploads\/2023\/03\/20200402_autyzm-300x269.jpg 300w\" sizes=\"auto, (max-width: 512px) 100vw, 512px\" \/><\/figure>\n<\/div>","protected":false},"excerpt":{"rendered":"<p>W poniedzia\u0142ek 3 kwietnia obchodzimy w szkole Mi\u0119dzynarodowy Dzie\u0144 Autyzmu. W tym dniu ubieramy si\u0119 na niebiesko, poniewa\u017c to kolor solidarno\u015bci z autyzmem. SU<\/p>\n","protected":false},"author":1,"featured_media":0,"comment_status":"open","ping_status":"open","sticky":false,"template":"","format":"standard","meta":{"footnotes":""},"categories":[1],"tags":[],"class_list":["post-35864","post","type-post","status-publish","format-standard","hentry","category-bez-kategorii"],"_links":{"self":[{"href":"https:\/\/mycielewo.pl\/index.php?rest_route=\/wp\/v2\/posts\/35864","targetHints":{"allow":["GET"]}}],"collection":[{"href":"https:\/\/mycielewo.pl\/index.php?rest_route=\/wp\/v2\/posts"}],"about":[{"href":"https:\/\/mycielewo.pl\/index.php?rest_route=\/wp\/v2\/types\/post"}],"author":[{"embeddable":true,"href":"https:\/\/mycielewo.pl\/index.php?rest_route=\/wp\/v2\/users\/1"}],"replies":[{"embeddable":true,"href":"https:\/\/mycielewo.pl\/index.php?rest_route=%2Fwp%2Fv2%2Fcomments&post=35864"}],"version-history":[{"count":3,"href":"https:\/\/mycielewo.pl\/index.php?rest_route=\/wp\/v2\/posts\/35864\/revisions"}],"predecessor-version":[{"id":35868,"href":"https:\/\/mycielewo.pl\/index.php?rest_route=\/wp\/v2\/posts\/35864\/revisions\/35868"}],"wp:attachment":[{"href":"https:\/\/mycielewo.pl\/index.php?rest_route=%2Fwp%2Fv2%2Fmedia&parent=35864"}],"wp:term":[{"taxonomy":"category","embeddable":true,"href":"https:\/\/mycielewo.pl\/index.php?rest_route=%2Fwp%2Fv2%2Fcategories&post=35864"},{"taxonomy":"post_tag","embeddable":true,"href":"https:\/\/mycielewo.pl\/index.php?rest_route=%2Fwp%2Fv2%2Ftags&post=35864"}],"curies":[{"name":"wp","href":"https:\/\/api.w.org\/{rel}","templated":true}]}}