{"id":35752,"date":"2023-03-25T12:56:13","date_gmt":"2023-03-25T12:56:13","guid":{"rendered":"http:\/\/www.mycielewo.pl\/?p=35752"},"modified":"2023-03-25T12:56:13","modified_gmt":"2023-03-25T12:56:13","slug":"dzien-kolorowej-skarpetki-swiatowy-dzien-zespolu-downa","status":"publish","type":"post","link":"https:\/\/mycielewo.pl\/?p=35752","title":{"rendered":"Dzie\u0144 Kolorowej Skarpetki &#8211; \u015awiatowy Dzie\u0144 Zespo\u0142u Downa"},"content":{"rendered":"\n<p>W pi\u0105tek 24 marca 2023 roku obchodzili\u015bmy \u015awiatowy Dzie\u0144 Kolorowej Skarpetki \u2013 symbol solidaryzowania si\u0119 z chorymi na Zesp\u00f3\u0142 Downa. Celem akcji jest podniesienie \u015bwiadomo\u015bci na temat \u017cycia i potrzeb tych os\u00f3b.<\/p>\n\n\n\n<p class=\"has-text-align-right\"><em>Zesp\u00f3\u0142 do Spraw Profilaktyki<\/em><\/p>\n\n\n\n<figure class=\"wp-block-gallery has-nested-images columns-8 is-cropped wp-block-gallery-2 is-layout-flex wp-block-gallery-is-layout-flex\">\n<figure class=\"wp-block-image size-large\"><a href=\"https:\/\/mycielewo.pl\/?attachment_id=35759\"><img loading=\"lazy\" decoding=\"async\" width=\"300\" height=\"225\" data-id=\"35759\" src=\"https:\/\/mycielewo.pl\/wp-content\/uploads\/2023\/03\/image1-9-300x225.jpg\" alt=\"\" class=\"wp-image-35759\" srcset=\"https:\/\/mycielewo.pl\/wp-content\/uploads\/2023\/03\/image1-9-300x225.jpg 300w, https:\/\/mycielewo.pl\/wp-content\/uploads\/2023\/03\/image1-9-250x188.jpg 250w, https:\/\/mycielewo.pl\/wp-content\/uploads\/2023\/03\/image1-9-768x576.jpg 768w, https:\/\/mycielewo.pl\/wp-content\/uploads\/2023\/03\/image1-9.jpg 1200w\" sizes=\"auto, (max-width: 300px) 100vw, 300px\" \/><\/a><\/figure>\n\n\n\n<figure class=\"wp-block-image size-large\"><a href=\"https:\/\/mycielewo.pl\/?attachment_id=35753\"><img loading=\"lazy\" decoding=\"async\" width=\"300\" height=\"225\" data-id=\"35753\" src=\"https:\/\/mycielewo.pl\/wp-content\/uploads\/2023\/03\/image2-9-300x225.jpg\" alt=\"\" class=\"wp-image-35753\" srcset=\"https:\/\/mycielewo.pl\/wp-content\/uploads\/2023\/03\/image2-9-300x225.jpg 300w, https:\/\/mycielewo.pl\/wp-content\/uploads\/2023\/03\/image2-9-250x188.jpg 250w, https:\/\/mycielewo.pl\/wp-content\/uploads\/2023\/03\/image2-9-768x576.jpg 768w, https:\/\/mycielewo.pl\/wp-content\/uploads\/2023\/03\/image2-9.jpg 1200w\" sizes=\"auto, (max-width: 300px) 100vw, 300px\" \/><\/a><\/figure>\n\n\n\n<figure class=\"wp-block-image size-large\"><a href=\"https:\/\/mycielewo.pl\/?attachment_id=35755\"><img loading=\"lazy\" decoding=\"async\" width=\"300\" height=\"225\" data-id=\"35755\" src=\"https:\/\/mycielewo.pl\/wp-content\/uploads\/2023\/03\/image3-9-300x225.jpg\" alt=\"\" class=\"wp-image-35755\" srcset=\"https:\/\/mycielewo.pl\/wp-content\/uploads\/2023\/03\/image3-9-300x225.jpg 300w, https:\/\/mycielewo.pl\/wp-content\/uploads\/2023\/03\/image3-9-250x188.jpg 250w, https:\/\/mycielewo.pl\/wp-content\/uploads\/2023\/03\/image3-9-768x576.jpg 768w, https:\/\/mycielewo.pl\/wp-content\/uploads\/2023\/03\/image3-9.jpg 1200w\" sizes=\"auto, (max-width: 300px) 100vw, 300px\" \/><\/a><\/figure>\n\n\n\n<figure class=\"wp-block-image size-large\"><a href=\"https:\/\/mycielewo.pl\/?attachment_id=35756\"><img loading=\"lazy\" decoding=\"async\" width=\"300\" height=\"225\" data-id=\"35756\" src=\"https:\/\/mycielewo.pl\/wp-content\/uploads\/2023\/03\/image4-8-300x225.jpg\" alt=\"\" class=\"wp-image-35756\" srcset=\"https:\/\/mycielewo.pl\/wp-content\/uploads\/2023\/03\/image4-8-300x225.jpg 300w, https:\/\/mycielewo.pl\/wp-content\/uploads\/2023\/03\/image4-8-250x188.jpg 250w, https:\/\/mycielewo.pl\/wp-content\/uploads\/2023\/03\/image4-8-768x576.jpg 768w, https:\/\/mycielewo.pl\/wp-content\/uploads\/2023\/03\/image4-8.jpg 1200w\" sizes=\"auto, (max-width: 300px) 100vw, 300px\" \/><\/a><\/figure>\n\n\n\n<figure class=\"wp-block-image size-large\"><a href=\"https:\/\/mycielewo.pl\/?attachment_id=35754\"><img loading=\"lazy\" decoding=\"async\" width=\"300\" height=\"225\" data-id=\"35754\" src=\"https:\/\/mycielewo.pl\/wp-content\/uploads\/2023\/03\/image5-8-300x225.jpg\" alt=\"\" class=\"wp-image-35754\" srcset=\"https:\/\/mycielewo.pl\/wp-content\/uploads\/2023\/03\/image5-8-300x225.jpg 300w, https:\/\/mycielewo.pl\/wp-content\/uploads\/2023\/03\/image5-8-250x188.jpg 250w, https:\/\/mycielewo.pl\/wp-content\/uploads\/2023\/03\/image5-8-768x576.jpg 768w, https:\/\/mycielewo.pl\/wp-content\/uploads\/2023\/03\/image5-8.jpg 1200w\" sizes=\"auto, (max-width: 300px) 100vw, 300px\" \/><\/a><\/figure>\n\n\n\n<figure class=\"wp-block-image size-large\"><a href=\"https:\/\/mycielewo.pl\/?attachment_id=35760\"><img loading=\"lazy\" decoding=\"async\" width=\"300\" height=\"225\" data-id=\"35760\" src=\"https:\/\/mycielewo.pl\/wp-content\/uploads\/2023\/03\/image6-8-300x225.jpg\" alt=\"\" class=\"wp-image-35760\" srcset=\"https:\/\/mycielewo.pl\/wp-content\/uploads\/2023\/03\/image6-8-300x225.jpg 300w, https:\/\/mycielewo.pl\/wp-content\/uploads\/2023\/03\/image6-8-250x188.jpg 250w, https:\/\/mycielewo.pl\/wp-content\/uploads\/2023\/03\/image6-8-768x576.jpg 768w, https:\/\/mycielewo.pl\/wp-content\/uploads\/2023\/03\/image6-8.jpg 1200w\" sizes=\"auto, (max-width: 300px) 100vw, 300px\" \/><\/a><\/figure>\n\n\n\n<figure class=\"wp-block-image size-large\"><a href=\"https:\/\/mycielewo.pl\/?attachment_id=35758\"><img loading=\"lazy\" decoding=\"async\" width=\"300\" height=\"225\" data-id=\"35758\" src=\"https:\/\/mycielewo.pl\/wp-content\/uploads\/2023\/03\/image7-7-300x225.jpg\" alt=\"\" class=\"wp-image-35758\" srcset=\"https:\/\/mycielewo.pl\/wp-content\/uploads\/2023\/03\/image7-7-300x225.jpg 300w, https:\/\/mycielewo.pl\/wp-content\/uploads\/2023\/03\/image7-7-250x188.jpg 250w, https:\/\/mycielewo.pl\/wp-content\/uploads\/2023\/03\/image7-7-768x576.jpg 768w, https:\/\/mycielewo.pl\/wp-content\/uploads\/2023\/03\/image7-7.jpg 1200w\" sizes=\"auto, (max-width: 300px) 100vw, 300px\" \/><\/a><\/figure>\n\n\n\n<figure class=\"wp-block-image size-large\"><a href=\"https:\/\/mycielewo.pl\/?attachment_id=35757\"><img loading=\"lazy\" decoding=\"async\" width=\"225\" height=\"300\" data-id=\"35757\" src=\"https:\/\/mycielewo.pl\/wp-content\/uploads\/2023\/03\/image8-7-225x300.jpg\" alt=\"\" class=\"wp-image-35757\" srcset=\"https:\/\/mycielewo.pl\/wp-content\/uploads\/2023\/03\/image8-7-225x300.jpg 225w, https:\/\/mycielewo.pl\/wp-content\/uploads\/2023\/03\/image8-7-188x250.jpg 188w, https:\/\/mycielewo.pl\/wp-content\/uploads\/2023\/03\/image8-7.jpg 675w\" sizes=\"auto, (max-width: 225px) 100vw, 225px\" \/><\/a><\/figure>\n<\/figure>\n","protected":false},"excerpt":{"rendered":"<p>W pi\u0105tek 24 marca 2023 roku obchodzili\u015bmy \u015awiatowy Dzie\u0144 Kolorowej Skarpetki \u2013 symbol solidaryzowania si\u0119 z chorymi na Zesp\u00f3\u0142 Downa. Celem akcji jest podniesienie \u015bwiadomo\u015bci na temat \u017cycia i potrzeb tych os\u00f3b. Zesp\u00f3\u0142 do Spraw Profilaktyki<\/p>\n","protected":false},"author":1,"featured_media":0,"comment_status":"open","ping_status":"open","sticky":false,"template":"","format":"standard","meta":{"footnotes":""},"categories":[1],"tags":[],"class_list":["post-35752","post","type-post","status-publish","format-standard","hentry","category-bez-kategorii"],"_links":{"self":[{"href":"https:\/\/mycielewo.pl\/index.php?rest_route=\/wp\/v2\/posts\/35752","targetHints":{"allow":["GET"]}}],"collection":[{"href":"https:\/\/mycielewo.pl\/index.php?rest_route=\/wp\/v2\/posts"}],"about":[{"href":"https:\/\/mycielewo.pl\/index.php?rest_route=\/wp\/v2\/types\/post"}],"author":[{"embeddable":true,"href":"https:\/\/mycielewo.pl\/index.php?rest_route=\/wp\/v2\/users\/1"}],"replies":[{"embeddable":true,"href":"https:\/\/mycielewo.pl\/index.php?rest_route=%2Fwp%2Fv2%2Fcomments&post=35752"}],"version-history":[{"count":1,"href":"https:\/\/mycielewo.pl\/index.php?rest_route=\/wp\/v2\/posts\/35752\/revisions"}],"predecessor-version":[{"id":35761,"href":"https:\/\/mycielewo.pl\/index.php?rest_route=\/wp\/v2\/posts\/35752\/revisions\/35761"}],"wp:attachment":[{"href":"https:\/\/mycielewo.pl\/index.php?rest_route=%2Fwp%2Fv2%2Fmedia&parent=35752"}],"wp:term":[{"taxonomy":"category","embeddable":true,"href":"https:\/\/mycielewo.pl\/index.php?rest_route=%2Fwp%2Fv2%2Fcategories&post=35752"},{"taxonomy":"post_tag","embeddable":true,"href":"https:\/\/mycielewo.pl\/index.php?rest_route=%2Fwp%2Fv2%2Ftags&post=35752"}],"curies":[{"name":"wp","href":"https:\/\/api.w.org\/{rel}","templated":true}]}}