{"id":35744,"date":"2023-03-23T11:39:42","date_gmt":"2023-03-23T11:39:42","guid":{"rendered":"http:\/\/www.mycielewo.pl\/?p=35744"},"modified":"2023-03-23T11:57:02","modified_gmt":"2023-03-23T11:57:02","slug":"ogloszenie-samorzadu-szkolnego","status":"publish","type":"post","link":"https:\/\/mycielewo.pl\/?p=35744","title":{"rendered":"Og\u0142oszenie Samorz\u0105du Szkolnego!"},"content":{"rendered":"<div class=\"wp-block-image\">\n<figure class=\"alignleft size-large\"><img loading=\"lazy\" decoding=\"async\" width=\"300\" height=\"172\" src=\"https:\/\/mycielewo.pl\/wp-content\/uploads\/2023\/03\/wiosna-300x172.jpg\" alt=\"\" class=\"wp-image-35747\" srcset=\"https:\/\/mycielewo.pl\/wp-content\/uploads\/2023\/03\/wiosna-300x172.jpg 300w, https:\/\/mycielewo.pl\/wp-content\/uploads\/2023\/03\/wiosna-250x143.jpg 250w, https:\/\/mycielewo.pl\/wp-content\/uploads\/2023\/03\/wiosna-768x439.jpg 768w, https:\/\/mycielewo.pl\/wp-content\/uploads\/2023\/03\/wiosna.jpg 1280w\" sizes=\"auto, (max-width: 300px) 100vw, 300px\" \/><\/figure>\n<\/div>\n\n\n<p>W pi\u0105tek 24 marca 2023 r. obchodzimy w naszej szkole \u015awiatowy Dzie\u0144 Zespo\u0142u Downa. Prosimy, aby wszyscy w tym dniu za\u0142o\u017cyli kolorowe skarpetki na znak solidarno\u015bci i zwr\u00f3cenia szczeg\u00f3lnej uwagi na te osoby.<\/p>\n\n\n<div class=\"wp-block-image\">\n<figure class=\"alignright size-large\"><img loading=\"lazy\" decoding=\"async\" width=\"300\" height=\"190\" src=\"https:\/\/mycielewo.pl\/wp-content\/uploads\/2023\/03\/down-300x190.png\" alt=\"\" class=\"wp-image-35749\" srcset=\"https:\/\/mycielewo.pl\/wp-content\/uploads\/2023\/03\/down-300x190.png 300w, https:\/\/mycielewo.pl\/wp-content\/uploads\/2023\/03\/down-250x158.png 250w, https:\/\/mycielewo.pl\/wp-content\/uploads\/2023\/03\/down-768x486.png 768w, https:\/\/mycielewo.pl\/wp-content\/uploads\/2023\/03\/down.png 1024w\" sizes=\"auto, (max-width: 300px) 100vw, 300px\" \/><\/figure>\n<\/div>\n\n\n<p>R\u00f3wnie\u017c tego dnia obchodzimy Pierwszy Dzie\u0144 Wiosny. Przychodzimy ubrani na zielono, mo\u017cna ubra\u0107 kapelusz wiosenny, wianek z kwiat\u00f3w, itp.<\/p>\n\n\n\n<p>Spotykamy si\u0119 na holu szkolnym o godz. 12:20.<\/p>\n","protected":false},"excerpt":{"rendered":"<p>W pi\u0105tek 24 marca 2023 r. obchodzimy w naszej szkole \u015awiatowy Dzie\u0144 Zespo\u0142u Downa. Prosimy, aby wszyscy w tym dniu za\u0142o\u017cyli kolorowe skarpetki na znak solidarno\u015bci i zwr\u00f3cenia szczeg\u00f3lnej uwagi na te osoby. R\u00f3wnie\u017c tego dnia obchodzimy Pierwszy Dzie\u0144 Wiosny. Przychodzimy ubrani na zielono, mo\u017cna ubra\u0107 kapelusz wiosenny, wianek z kwiat\u00f3w, itp. Spotykamy si\u0119 na&hellip; <a class=\"continue\" href=\"https:\/\/mycielewo.pl\/?p=35744\">Kontynuuj czytanie<span> Og\u0142oszenie Samorz\u0105du Szkolnego!<\/span><\/a><\/p>\n","protected":false},"author":1,"featured_media":0,"comment_status":"open","ping_status":"open","sticky":false,"template":"","format":"standard","meta":{"footnotes":""},"categories":[1],"tags":[],"class_list":["post-35744","post","type-post","status-publish","format-standard","hentry","category-bez-kategorii"],"_links":{"self":[{"href":"https:\/\/mycielewo.pl\/index.php?rest_route=\/wp\/v2\/posts\/35744","targetHints":{"allow":["GET"]}}],"collection":[{"href":"https:\/\/mycielewo.pl\/index.php?rest_route=\/wp\/v2\/posts"}],"about":[{"href":"https:\/\/mycielewo.pl\/index.php?rest_route=\/wp\/v2\/types\/post"}],"author":[{"embeddable":true,"href":"https:\/\/mycielewo.pl\/index.php?rest_route=\/wp\/v2\/users\/1"}],"replies":[{"embeddable":true,"href":"https:\/\/mycielewo.pl\/index.php?rest_route=%2Fwp%2Fv2%2Fcomments&post=35744"}],"version-history":[{"count":4,"href":"https:\/\/mycielewo.pl\/index.php?rest_route=\/wp\/v2\/posts\/35744\/revisions"}],"predecessor-version":[{"id":35751,"href":"https:\/\/mycielewo.pl\/index.php?rest_route=\/wp\/v2\/posts\/35744\/revisions\/35751"}],"wp:attachment":[{"href":"https:\/\/mycielewo.pl\/index.php?rest_route=%2Fwp%2Fv2%2Fmedia&parent=35744"}],"wp:term":[{"taxonomy":"category","embeddable":true,"href":"https:\/\/mycielewo.pl\/index.php?rest_route=%2Fwp%2Fv2%2Fcategories&post=35744"},{"taxonomy":"post_tag","embeddable":true,"href":"https:\/\/mycielewo.pl\/index.php?rest_route=%2Fwp%2Fv2%2Ftags&post=35744"}],"curies":[{"name":"wp","href":"https:\/\/api.w.org\/{rel}","templated":true}]}}