{"id":35725,"date":"2023-03-22T19:53:34","date_gmt":"2023-03-22T19:53:34","guid":{"rendered":"http:\/\/www.mycielewo.pl\/?p=35725"},"modified":"2023-03-22T20:05:46","modified_gmt":"2023-03-22T20:05:46","slug":"dnia-swietego-patryka-tradycje-irlandii","status":"publish","type":"post","link":"https:\/\/mycielewo.pl\/?p=35725","title":{"rendered":"Dzie\u0144 \u015awi\u0119tego Patryka i tradycje Irlandii"},"content":{"rendered":"\n<p><strong>W pi\u0105tek 17 marca 2023 roku w klasie 2 zosta\u0142y przeprowadzone zaj\u0119cia tematyczne z okazji Dnia \u015awi\u0119tego Patryka, celem kt\u00f3rych by\u0142o przybli\u017cenie uczniom kultury, zwyczaj\u00f3w i tradycji Irlandii.<\/strong><\/p>\n\n\n\n<p>Z tej okazji uczniowie uczestniczyli w rozmaitych aktywno\u015bciach j\u0119zykowych, nawi\u0105zuj\u0105cych do irlandzkiego \u015bwi\u0119ta narodowego oraz religijnego. Poznali s\u0142ownictwo tematyczne oraz histori\u0119 \u015bw. Patryka. Wykonali w\u0142asn\u0105 mini-ksi\u0105\u017ck\u0119 przedstawiaj\u0105c\u0105 symbole zwi\u0105zane z tym \u015bwi\u0119tem, m.in.: tr\u00f3jlistn\u0105 koniczyn\u0119 (<em>shamrock<\/em>), garniec z\u0142ota (<em>pot of gold<\/em>) oraz t\u0119cz\u0119 (<em>rainbow<\/em>). Pod koniec lekcji uczniowie mogli poczu\u0107 si\u0119 jak Leprechaun, skrzat, kt\u00f3ry wed\u0142ug legendy strze\u017ce garnca ze z\u0142otem. Za\u0142o\u017cyli na siebie charakterystyczn\u0105 mask\u0119 z zielonym kapeluszem oraz rud\u0105 brod\u0105. Zielony elf jest nie tylko symbolem narodowym Irlandii, ale r\u00f3wnie\u017c szcz\u0119\u015bcia. Ca\u0142a klasa z du\u017cym zaanga\u017cowaniem rozwi\u0105zywa\u0142a zadania tematyczne, przy okazji \u015bwietnie si\u0119 bawi\u0105c.<\/p>\n\n\n\n<p class=\"has-text-align-right\"><em>Ma\u0142gorzata Sucharska<\/em><\/p>\n\n\n\n<figure class=\"wp-block-gallery has-nested-images columns-8 is-cropped wp-block-gallery-2 is-layout-flex wp-block-gallery-is-layout-flex\">\n<figure class=\"wp-block-image size-large\"><a href=\"https:\/\/mycielewo.pl\/?attachment_id=35733\"><img loading=\"lazy\" decoding=\"async\" width=\"225\" height=\"300\" data-id=\"35733\" src=\"https:\/\/mycielewo.pl\/wp-content\/uploads\/2023\/03\/image1-8-225x300.jpg\" alt=\"\" class=\"wp-image-35733\" srcset=\"https:\/\/mycielewo.pl\/wp-content\/uploads\/2023\/03\/image1-8-225x300.jpg 225w, https:\/\/mycielewo.pl\/wp-content\/uploads\/2023\/03\/image1-8-188x250.jpg 188w, https:\/\/mycielewo.pl\/wp-content\/uploads\/2023\/03\/image1-8.jpg 675w\" sizes=\"auto, (max-width: 225px) 100vw, 225px\" \/><\/a><\/figure>\n\n\n\n<figure class=\"wp-block-image size-large\"><a href=\"https:\/\/mycielewo.pl\/?attachment_id=35731\"><img loading=\"lazy\" decoding=\"async\" width=\"225\" height=\"300\" data-id=\"35731\" src=\"https:\/\/mycielewo.pl\/wp-content\/uploads\/2023\/03\/image2-8-225x300.jpg\" alt=\"\" class=\"wp-image-35731\" srcset=\"https:\/\/mycielewo.pl\/wp-content\/uploads\/2023\/03\/image2-8-225x300.jpg 225w, https:\/\/mycielewo.pl\/wp-content\/uploads\/2023\/03\/image2-8-188x250.jpg 188w, https:\/\/mycielewo.pl\/wp-content\/uploads\/2023\/03\/image2-8.jpg 675w\" sizes=\"auto, (max-width: 225px) 100vw, 225px\" \/><\/a><\/figure>\n\n\n\n<figure class=\"wp-block-image size-large\"><a href=\"https:\/\/mycielewo.pl\/?attachment_id=35728\"><img loading=\"lazy\" decoding=\"async\" width=\"225\" height=\"300\" data-id=\"35728\" src=\"https:\/\/mycielewo.pl\/wp-content\/uploads\/2023\/03\/image3-8-225x300.jpg\" alt=\"\" class=\"wp-image-35728\" srcset=\"https:\/\/mycielewo.pl\/wp-content\/uploads\/2023\/03\/image3-8-225x300.jpg 225w, https:\/\/mycielewo.pl\/wp-content\/uploads\/2023\/03\/image3-8-188x250.jpg 188w, https:\/\/mycielewo.pl\/wp-content\/uploads\/2023\/03\/image3-8.jpg 675w\" sizes=\"auto, (max-width: 225px) 100vw, 225px\" \/><\/a><\/figure>\n\n\n\n<figure class=\"wp-block-image size-large\"><a href=\"https:\/\/mycielewo.pl\/?attachment_id=35730\"><img loading=\"lazy\" decoding=\"async\" width=\"225\" height=\"300\" data-id=\"35730\" src=\"https:\/\/mycielewo.pl\/wp-content\/uploads\/2023\/03\/image4-7-225x300.jpg\" alt=\"\" class=\"wp-image-35730\" srcset=\"https:\/\/mycielewo.pl\/wp-content\/uploads\/2023\/03\/image4-7-225x300.jpg 225w, https:\/\/mycielewo.pl\/wp-content\/uploads\/2023\/03\/image4-7-188x250.jpg 188w, https:\/\/mycielewo.pl\/wp-content\/uploads\/2023\/03\/image4-7.jpg 675w\" sizes=\"auto, (max-width: 225px) 100vw, 225px\" \/><\/a><\/figure>\n\n\n\n<figure class=\"wp-block-image size-large\"><a href=\"https:\/\/mycielewo.pl\/?attachment_id=35729\"><img loading=\"lazy\" decoding=\"async\" width=\"225\" height=\"300\" data-id=\"35729\" src=\"https:\/\/mycielewo.pl\/wp-content\/uploads\/2023\/03\/image5-7-225x300.jpg\" alt=\"\" class=\"wp-image-35729\" srcset=\"https:\/\/mycielewo.pl\/wp-content\/uploads\/2023\/03\/image5-7-225x300.jpg 225w, https:\/\/mycielewo.pl\/wp-content\/uploads\/2023\/03\/image5-7-188x250.jpg 188w, https:\/\/mycielewo.pl\/wp-content\/uploads\/2023\/03\/image5-7.jpg 675w\" sizes=\"auto, (max-width: 225px) 100vw, 225px\" \/><\/a><\/figure>\n\n\n\n<figure class=\"wp-block-image size-large\"><a href=\"https:\/\/mycielewo.pl\/?attachment_id=35732\"><img loading=\"lazy\" decoding=\"async\" width=\"225\" height=\"300\" data-id=\"35732\" src=\"https:\/\/mycielewo.pl\/wp-content\/uploads\/2023\/03\/image6-7-225x300.jpg\" alt=\"\" class=\"wp-image-35732\" srcset=\"https:\/\/mycielewo.pl\/wp-content\/uploads\/2023\/03\/image6-7-225x300.jpg 225w, https:\/\/mycielewo.pl\/wp-content\/uploads\/2023\/03\/image6-7-188x250.jpg 188w, https:\/\/mycielewo.pl\/wp-content\/uploads\/2023\/03\/image6-7.jpg 675w\" sizes=\"auto, (max-width: 225px) 100vw, 225px\" \/><\/a><\/figure>\n\n\n\n<figure class=\"wp-block-image size-large\"><a href=\"https:\/\/mycielewo.pl\/?attachment_id=35735\"><img loading=\"lazy\" decoding=\"async\" width=\"225\" height=\"300\" data-id=\"35735\" src=\"https:\/\/mycielewo.pl\/wp-content\/uploads\/2023\/03\/image7-6-225x300.jpg\" alt=\"\" class=\"wp-image-35735\" srcset=\"https:\/\/mycielewo.pl\/wp-content\/uploads\/2023\/03\/image7-6-225x300.jpg 225w, https:\/\/mycielewo.pl\/wp-content\/uploads\/2023\/03\/image7-6-188x250.jpg 188w, https:\/\/mycielewo.pl\/wp-content\/uploads\/2023\/03\/image7-6.jpg 675w\" sizes=\"auto, (max-width: 225px) 100vw, 225px\" \/><\/a><\/figure>\n\n\n\n<figure class=\"wp-block-image size-large\"><a href=\"https:\/\/mycielewo.pl\/?attachment_id=35734\"><img loading=\"lazy\" decoding=\"async\" width=\"225\" height=\"300\" data-id=\"35734\" src=\"https:\/\/mycielewo.pl\/wp-content\/uploads\/2023\/03\/image8-6-225x300.jpg\" alt=\"\" class=\"wp-image-35734\" srcset=\"https:\/\/mycielewo.pl\/wp-content\/uploads\/2023\/03\/image8-6-225x300.jpg 225w, https:\/\/mycielewo.pl\/wp-content\/uploads\/2023\/03\/image8-6-188x250.jpg 188w, https:\/\/mycielewo.pl\/wp-content\/uploads\/2023\/03\/image8-6.jpg 675w\" sizes=\"auto, (max-width: 225px) 100vw, 225px\" \/><\/a><\/figure>\n\n\n\n<figure class=\"wp-block-image size-large\"><a href=\"https:\/\/mycielewo.pl\/?attachment_id=35736\"><img loading=\"lazy\" decoding=\"async\" width=\"225\" height=\"300\" data-id=\"35736\" src=\"https:\/\/mycielewo.pl\/wp-content\/uploads\/2023\/03\/image9-6-225x300.jpg\" alt=\"\" class=\"wp-image-35736\" srcset=\"https:\/\/mycielewo.pl\/wp-content\/uploads\/2023\/03\/image9-6-225x300.jpg 225w, https:\/\/mycielewo.pl\/wp-content\/uploads\/2023\/03\/image9-6-188x250.jpg 188w, https:\/\/mycielewo.pl\/wp-content\/uploads\/2023\/03\/image9-6.jpg 675w\" sizes=\"auto, (max-width: 225px) 100vw, 225px\" \/><\/a><\/figure>\n\n\n\n<figure class=\"wp-block-image size-large\"><a href=\"https:\/\/mycielewo.pl\/?attachment_id=35737\"><img loading=\"lazy\" decoding=\"async\" width=\"300\" height=\"225\" data-id=\"35737\" src=\"https:\/\/mycielewo.pl\/wp-content\/uploads\/2023\/03\/image10-6-300x225.jpg\" alt=\"\" class=\"wp-image-35737\" srcset=\"https:\/\/mycielewo.pl\/wp-content\/uploads\/2023\/03\/image10-6-300x225.jpg 300w, https:\/\/mycielewo.pl\/wp-content\/uploads\/2023\/03\/image10-6-250x188.jpg 250w, https:\/\/mycielewo.pl\/wp-content\/uploads\/2023\/03\/image10-6-768x576.jpg 768w, https:\/\/mycielewo.pl\/wp-content\/uploads\/2023\/03\/image10-6.jpg 1200w\" sizes=\"auto, (max-width: 300px) 100vw, 300px\" \/><\/a><\/figure>\n\n\n\n<figure class=\"wp-block-image size-large\"><a href=\"https:\/\/mycielewo.pl\/?attachment_id=35739\"><img loading=\"lazy\" decoding=\"async\" width=\"225\" height=\"300\" data-id=\"35739\" src=\"https:\/\/mycielewo.pl\/wp-content\/uploads\/2023\/03\/image11-5-225x300.jpg\" alt=\"\" class=\"wp-image-35739\" srcset=\"https:\/\/mycielewo.pl\/wp-content\/uploads\/2023\/03\/image11-5-225x300.jpg 225w, https:\/\/mycielewo.pl\/wp-content\/uploads\/2023\/03\/image11-5-188x250.jpg 188w, https:\/\/mycielewo.pl\/wp-content\/uploads\/2023\/03\/image11-5.jpg 675w\" sizes=\"auto, (max-width: 225px) 100vw, 225px\" \/><\/a><\/figure>\n\n\n\n<figure class=\"wp-block-image size-large\"><a href=\"https:\/\/mycielewo.pl\/?attachment_id=35738\"><img loading=\"lazy\" decoding=\"async\" width=\"300\" height=\"225\" data-id=\"35738\" src=\"https:\/\/mycielewo.pl\/wp-content\/uploads\/2023\/03\/image12-5-300x225.jpg\" alt=\"\" class=\"wp-image-35738\" srcset=\"https:\/\/mycielewo.pl\/wp-content\/uploads\/2023\/03\/image12-5-300x225.jpg 300w, https:\/\/mycielewo.pl\/wp-content\/uploads\/2023\/03\/image12-5-250x188.jpg 250w, https:\/\/mycielewo.pl\/wp-content\/uploads\/2023\/03\/image12-5-768x576.jpg 768w, https:\/\/mycielewo.pl\/wp-content\/uploads\/2023\/03\/image12-5.jpg 1200w\" sizes=\"auto, (max-width: 300px) 100vw, 300px\" \/><\/a><\/figure>\n\n\n\n<figure class=\"wp-block-image size-large\"><a href=\"https:\/\/mycielewo.pl\/?attachment_id=35741\"><img loading=\"lazy\" decoding=\"async\" width=\"225\" height=\"300\" data-id=\"35741\" src=\"https:\/\/mycielewo.pl\/wp-content\/uploads\/2023\/03\/image13-5-225x300.jpg\" alt=\"\" class=\"wp-image-35741\" srcset=\"https:\/\/mycielewo.pl\/wp-content\/uploads\/2023\/03\/image13-5-225x300.jpg 225w, https:\/\/mycielewo.pl\/wp-content\/uploads\/2023\/03\/image13-5-188x250.jpg 188w, https:\/\/mycielewo.pl\/wp-content\/uploads\/2023\/03\/image13-5.jpg 675w\" sizes=\"auto, (max-width: 225px) 100vw, 225px\" \/><\/a><\/figure>\n\n\n\n<figure class=\"wp-block-image size-large\"><a href=\"https:\/\/mycielewo.pl\/?attachment_id=35740\"><img loading=\"lazy\" decoding=\"async\" width=\"225\" height=\"300\" data-id=\"35740\" src=\"https:\/\/mycielewo.pl\/wp-content\/uploads\/2023\/03\/image14-4-225x300.jpg\" alt=\"\" class=\"wp-image-35740\" srcset=\"https:\/\/mycielewo.pl\/wp-content\/uploads\/2023\/03\/image14-4-225x300.jpg 225w, https:\/\/mycielewo.pl\/wp-content\/uploads\/2023\/03\/image14-4-188x250.jpg 188w, https:\/\/mycielewo.pl\/wp-content\/uploads\/2023\/03\/image14-4.jpg 675w\" sizes=\"auto, (max-width: 225px) 100vw, 225px\" \/><\/a><\/figure>\n<\/figure>\n","protected":false},"excerpt":{"rendered":"<p>W pi\u0105tek 17 marca 2023 roku w klasie 2 zosta\u0142y przeprowadzone zaj\u0119cia tematyczne z okazji Dnia \u015awi\u0119tego Patryka, celem kt\u00f3rych by\u0142o przybli\u017cenie uczniom kultury, zwyczaj\u00f3w i tradycji Irlandii. Z tej okazji uczniowie uczestniczyli w rozmaitych aktywno\u015bciach j\u0119zykowych, nawi\u0105zuj\u0105cych do irlandzkiego \u015bwi\u0119ta narodowego oraz religijnego. Poznali s\u0142ownictwo tematyczne oraz histori\u0119 \u015bw. Patryka. Wykonali w\u0142asn\u0105 mini-ksi\u0105\u017ck\u0119 przedstawiaj\u0105c\u0105&hellip; <a class=\"continue\" href=\"https:\/\/mycielewo.pl\/?p=35725\">Kontynuuj czytanie<span> Dzie\u0144 \u015awi\u0119tego Patryka i tradycje Irlandii<\/span><\/a><\/p>\n","protected":false},"author":1,"featured_media":0,"comment_status":"open","ping_status":"open","sticky":false,"template":"","format":"standard","meta":{"footnotes":""},"categories":[1],"tags":[],"class_list":["post-35725","post","type-post","status-publish","format-standard","hentry","category-bez-kategorii"],"_links":{"self":[{"href":"https:\/\/mycielewo.pl\/index.php?rest_route=\/wp\/v2\/posts\/35725","targetHints":{"allow":["GET"]}}],"collection":[{"href":"https:\/\/mycielewo.pl\/index.php?rest_route=\/wp\/v2\/posts"}],"about":[{"href":"https:\/\/mycielewo.pl\/index.php?rest_route=\/wp\/v2\/types\/post"}],"author":[{"embeddable":true,"href":"https:\/\/mycielewo.pl\/index.php?rest_route=\/wp\/v2\/users\/1"}],"replies":[{"embeddable":true,"href":"https:\/\/mycielewo.pl\/index.php?rest_route=%2Fwp%2Fv2%2Fcomments&post=35725"}],"version-history":[{"count":3,"href":"https:\/\/mycielewo.pl\/index.php?rest_route=\/wp\/v2\/posts\/35725\/revisions"}],"predecessor-version":[{"id":35743,"href":"https:\/\/mycielewo.pl\/index.php?rest_route=\/wp\/v2\/posts\/35725\/revisions\/35743"}],"wp:attachment":[{"href":"https:\/\/mycielewo.pl\/index.php?rest_route=%2Fwp%2Fv2%2Fmedia&parent=35725"}],"wp:term":[{"taxonomy":"category","embeddable":true,"href":"https:\/\/mycielewo.pl\/index.php?rest_route=%2Fwp%2Fv2%2Fcategories&post=35725"},{"taxonomy":"post_tag","embeddable":true,"href":"https:\/\/mycielewo.pl\/index.php?rest_route=%2Fwp%2Fv2%2Ftags&post=35725"}],"curies":[{"name":"wp","href":"https:\/\/api.w.org\/{rel}","templated":true}]}}