{"id":35708,"date":"2023-03-20T20:04:01","date_gmt":"2023-03-20T20:04:01","guid":{"rendered":"http:\/\/www.mycielewo.pl\/?p=35708"},"modified":"2023-03-20T20:06:49","modified_gmt":"2023-03-20T20:06:49","slug":"czy-dom-bez-kota-to-tylko-mieszkanie","status":"publish","type":"post","link":"https:\/\/mycielewo.pl\/?p=35708","title":{"rendered":"Czy dom bez kota to tylko\u2026 mieszkanie?"},"content":{"rendered":"\n<p>\u2026o tak, pomy\u015bl\u0105 pewnie ci kt\u00f3rzy kochaj\u0105 koty i chocia\u017c Dzie\u0144 Kota ju\u017c za nami to warto tym zwierzakom przyjrze\u0107 si\u0119 dok\u0142adniej. Przy okazji omawianej lektury uczniowie klasy pierwszej poznali Cukierka sympatycznego kota, kt\u00f3ry wzbudzi\u0142 ciekawo\u015b\u0107. Pojawi\u0142o si\u0119 wiele pyta\u0144 dotycz\u0105cych tych ssak\u00f3w.<\/p>\n\n\n\n<p><strong>15 marca klasa pierwsza <\/strong>na lekcji go\u015bci\u0142a<strong> Mari\u0119\u00a0Kurtysiak <\/strong>uczennic\u0119 klasy trzeciej i jej mam\u0119 <strong>Katarzyn\u0119 Walasiewicz<\/strong>, kt\u00f3re s\u0105 w\u0142a\u015bcicielkami trzech kot\u00f3w i odpowiedzia\u0142y na najbardziej nurtuj\u0105ce pierwszoklasist\u00f3w pytania. Dlaczego w\u0142a\u015bciwie koty s\u0105 ssakami? Jak d\u0142ugo \u017cyj\u0105? Jakie maj\u0105 rytua\u0142y?\u00a0 Kt\u00f3re zmys\u0142y s\u0105 im niezb\u0119dne do prze\u017cycia? Co powinny je\u015b\u0107, a czego nie?\u00a0\u00a0<\/p>\n\n\n\n<p>Warto takie rzeczy wiedzie\u0107 tym bardziej, \u017ce niekt\u00f3re dzieci marz\u0105 o w\u0142asnym kotku Cukierku ;).\u00a0 Uczniowie dowiedzieli si\u0119 r\u00f3wnie\u017c tego, \u017ce b\u0119d\u0105c opiekunem kota czy innego pupila to nie tylko same przyjemno\u015bci, ale r\u00f3wnie\u017c obowi\u0105zki takie jak dbanie o ich czysto\u015b\u0107 i zdrowie. Nale\u017cy r\u00f3wnie\u017c zawsze znale\u017a\u0107 czas na wsp\u00f3ln\u0105 zabaw\u0119. Spotkanie by\u0142o bardzo bogate w konkretn\u0105 i rzeteln\u0105 wiedz\u0119 na temat kot\u00f3w, a \u017ceby ta wiedza nie wyparowa\u0142a to Marysia zorganizowa\u0142a kr\u00f3tki quiz z nagrodami. \u00a0<\/p>\n\n\n\n<p>Na koniec mamy do wszystkich apel: Pami\u0119tajcie, \u017ce <strong><u>zwierz\u0119 to nie zabawka!<\/u><\/strong> Je\u017celi ju\u017c decydujemy si\u0119 otoczy\u0107 je opiek\u0105, to b\u0105d\u017amy konsekwentni i odpowiedzialni. Nie obawiajmy si\u0119 podda\u0107 swego pupila sterylizacji. <strong><u>Nie dawajmy nikomu, a zw\u0142aszcza dzieciom zwierz\u0105t w prezencie.<\/u><\/strong> Niech opieka nad czworonogiem b\u0119dzie wynikiem przemy\u015blanej i odpowiedzialnej decyzji.<\/p>\n\n\n\n<p class=\"has-text-align-right\"><em>Anna Pyszczy\u0144ska<\/em><\/p>\n\n\n\n<figure class=\"wp-block-gallery has-nested-images columns-6 is-cropped wp-block-gallery-2 is-layout-flex wp-block-gallery-is-layout-flex\">\n<figure class=\"wp-block-image size-large\"><a href=\"https:\/\/mycielewo.pl\/?attachment_id=35713\"><img loading=\"lazy\" decoding=\"async\" width=\"300\" height=\"135\" data-id=\"35713\" src=\"https:\/\/mycielewo.pl\/wp-content\/uploads\/2023\/03\/image1-6-300x135.jpg\" alt=\"\" class=\"wp-image-35713\" srcset=\"https:\/\/mycielewo.pl\/wp-content\/uploads\/2023\/03\/image1-6-300x135.jpg 300w, https:\/\/mycielewo.pl\/wp-content\/uploads\/2023\/03\/image1-6-250x113.jpg 250w, https:\/\/mycielewo.pl\/wp-content\/uploads\/2023\/03\/image1-6-768x346.jpg 768w, https:\/\/mycielewo.pl\/wp-content\/uploads\/2023\/03\/image1-6.jpg 1200w\" sizes=\"auto, (max-width: 300px) 100vw, 300px\" \/><\/a><\/figure>\n\n\n\n<figure class=\"wp-block-image size-large\"><a href=\"https:\/\/mycielewo.pl\/?attachment_id=35712\"><img loading=\"lazy\" decoding=\"async\" width=\"135\" height=\"300\" data-id=\"35712\" src=\"https:\/\/mycielewo.pl\/wp-content\/uploads\/2023\/03\/image2-6-135x300.jpg\" alt=\"\" class=\"wp-image-35712\" srcset=\"https:\/\/mycielewo.pl\/wp-content\/uploads\/2023\/03\/image2-6-135x300.jpg 135w, https:\/\/mycielewo.pl\/wp-content\/uploads\/2023\/03\/image2-6-113x250.jpg 113w, https:\/\/mycielewo.pl\/wp-content\/uploads\/2023\/03\/image2-6.jpg 405w\" sizes=\"auto, (max-width: 135px) 100vw, 135px\" \/><\/a><\/figure>\n\n\n\n<figure class=\"wp-block-image size-large\"><a href=\"https:\/\/mycielewo.pl\/?attachment_id=35715\"><img loading=\"lazy\" decoding=\"async\" width=\"300\" height=\"135\" data-id=\"35715\" src=\"https:\/\/mycielewo.pl\/wp-content\/uploads\/2023\/03\/image3-6-300x135.jpg\" alt=\"\" class=\"wp-image-35715\" srcset=\"https:\/\/mycielewo.pl\/wp-content\/uploads\/2023\/03\/image3-6-300x135.jpg 300w, https:\/\/mycielewo.pl\/wp-content\/uploads\/2023\/03\/image3-6-250x113.jpg 250w, https:\/\/mycielewo.pl\/wp-content\/uploads\/2023\/03\/image3-6-768x346.jpg 768w, https:\/\/mycielewo.pl\/wp-content\/uploads\/2023\/03\/image3-6.jpg 1200w\" sizes=\"auto, (max-width: 300px) 100vw, 300px\" \/><\/a><\/figure>\n\n\n\n<figure class=\"wp-block-image size-large\"><a href=\"https:\/\/mycielewo.pl\/?attachment_id=35714\"><img loading=\"lazy\" decoding=\"async\" width=\"300\" height=\"135\" data-id=\"35714\" src=\"https:\/\/mycielewo.pl\/wp-content\/uploads\/2023\/03\/image4-6-300x135.jpg\" alt=\"\" class=\"wp-image-35714\" srcset=\"https:\/\/mycielewo.pl\/wp-content\/uploads\/2023\/03\/image4-6-300x135.jpg 300w, https:\/\/mycielewo.pl\/wp-content\/uploads\/2023\/03\/image4-6-250x113.jpg 250w, https:\/\/mycielewo.pl\/wp-content\/uploads\/2023\/03\/image4-6-768x346.jpg 768w, https:\/\/mycielewo.pl\/wp-content\/uploads\/2023\/03\/image4-6.jpg 1200w\" sizes=\"auto, (max-width: 300px) 100vw, 300px\" \/><\/a><\/figure>\n\n\n\n<figure class=\"wp-block-image size-large\"><a href=\"https:\/\/mycielewo.pl\/?attachment_id=35716\"><img loading=\"lazy\" decoding=\"async\" width=\"300\" height=\"135\" data-id=\"35716\" src=\"https:\/\/mycielewo.pl\/wp-content\/uploads\/2023\/03\/image5-6-300x135.jpg\" alt=\"\" class=\"wp-image-35716\" srcset=\"https:\/\/mycielewo.pl\/wp-content\/uploads\/2023\/03\/image5-6-300x135.jpg 300w, https:\/\/mycielewo.pl\/wp-content\/uploads\/2023\/03\/image5-6-250x113.jpg 250w, https:\/\/mycielewo.pl\/wp-content\/uploads\/2023\/03\/image5-6-768x346.jpg 768w, https:\/\/mycielewo.pl\/wp-content\/uploads\/2023\/03\/image5-6.jpg 1200w\" sizes=\"auto, (max-width: 300px) 100vw, 300px\" \/><\/a><\/figure>\n\n\n\n<figure class=\"wp-block-image size-large\"><a href=\"https:\/\/mycielewo.pl\/?attachment_id=35717\"><img loading=\"lazy\" decoding=\"async\" width=\"300\" height=\"135\" data-id=\"35717\" src=\"https:\/\/mycielewo.pl\/wp-content\/uploads\/2023\/03\/image6-6-300x135.jpg\" alt=\"\" class=\"wp-image-35717\" srcset=\"https:\/\/mycielewo.pl\/wp-content\/uploads\/2023\/03\/image6-6-300x135.jpg 300w, https:\/\/mycielewo.pl\/wp-content\/uploads\/2023\/03\/image6-6-250x113.jpg 250w, https:\/\/mycielewo.pl\/wp-content\/uploads\/2023\/03\/image6-6-768x346.jpg 768w, https:\/\/mycielewo.pl\/wp-content\/uploads\/2023\/03\/image6-6.jpg 1200w\" sizes=\"auto, (max-width: 300px) 100vw, 300px\" \/><\/a><\/figure>\n<\/figure>\n","protected":false},"excerpt":{"rendered":"<p>\u2026o tak, pomy\u015bl\u0105 pewnie ci kt\u00f3rzy kochaj\u0105 koty i chocia\u017c Dzie\u0144 Kota ju\u017c za nami to warto tym zwierzakom przyjrze\u0107 si\u0119 dok\u0142adniej. Przy okazji omawianej lektury uczniowie klasy pierwszej poznali Cukierka sympatycznego kota, kt\u00f3ry wzbudzi\u0142 ciekawo\u015b\u0107. Pojawi\u0142o si\u0119 wiele pyta\u0144 dotycz\u0105cych tych ssak\u00f3w. 15 marca klasa pierwsza na lekcji go\u015bci\u0142a Mari\u0119\u00a0Kurtysiak uczennic\u0119 klasy trzeciej i&hellip; <a class=\"continue\" href=\"https:\/\/mycielewo.pl\/?p=35708\">Kontynuuj czytanie<span> Czy dom bez kota to tylko\u2026 mieszkanie?<\/span><\/a><\/p>\n","protected":false},"author":1,"featured_media":0,"comment_status":"open","ping_status":"open","sticky":false,"template":"","format":"standard","meta":{"footnotes":""},"categories":[1],"tags":[],"class_list":["post-35708","post","type-post","status-publish","format-standard","hentry","category-bez-kategorii"],"_links":{"self":[{"href":"https:\/\/mycielewo.pl\/index.php?rest_route=\/wp\/v2\/posts\/35708","targetHints":{"allow":["GET"]}}],"collection":[{"href":"https:\/\/mycielewo.pl\/index.php?rest_route=\/wp\/v2\/posts"}],"about":[{"href":"https:\/\/mycielewo.pl\/index.php?rest_route=\/wp\/v2\/types\/post"}],"author":[{"embeddable":true,"href":"https:\/\/mycielewo.pl\/index.php?rest_route=\/wp\/v2\/users\/1"}],"replies":[{"embeddable":true,"href":"https:\/\/mycielewo.pl\/index.php?rest_route=%2Fwp%2Fv2%2Fcomments&post=35708"}],"version-history":[{"count":4,"href":"https:\/\/mycielewo.pl\/index.php?rest_route=\/wp\/v2\/posts\/35708\/revisions"}],"predecessor-version":[{"id":35718,"href":"https:\/\/mycielewo.pl\/index.php?rest_route=\/wp\/v2\/posts\/35708\/revisions\/35718"}],"wp:attachment":[{"href":"https:\/\/mycielewo.pl\/index.php?rest_route=%2Fwp%2Fv2%2Fmedia&parent=35708"}],"wp:term":[{"taxonomy":"category","embeddable":true,"href":"https:\/\/mycielewo.pl\/index.php?rest_route=%2Fwp%2Fv2%2Fcategories&post=35708"},{"taxonomy":"post_tag","embeddable":true,"href":"https:\/\/mycielewo.pl\/index.php?rest_route=%2Fwp%2Fv2%2Ftags&post=35708"}],"curies":[{"name":"wp","href":"https:\/\/api.w.org\/{rel}","templated":true}]}}