{"id":35689,"date":"2023-03-17T20:15:05","date_gmt":"2023-03-17T20:15:05","guid":{"rendered":"http:\/\/www.mycielewo.pl\/?p=35689"},"modified":"2023-03-17T20:15:05","modified_gmt":"2023-03-17T20:15:05","slug":"zebranie-z-rodzicami-17","status":"publish","type":"post","link":"https:\/\/mycielewo.pl\/?p=35689","title":{"rendered":"Zebranie z rodzicami"},"content":{"rendered":"\n<p><strong>Informujemy, \u017ce 23 marca 2023 r., o godzinie 16.00 odb\u0119dzie si\u0119 zebranie z rodzicami.<\/strong> <\/p>\n\n\n\n<p><strong>Zapraszamy.<\/strong><\/p>\n","protected":false},"excerpt":{"rendered":"<p>Informujemy, \u017ce 23 marca 2023 r., o godzinie 16.00 odb\u0119dzie si\u0119 zebranie z rodzicami. Zapraszamy.<\/p>\n","protected":false},"author":4,"featured_media":0,"comment_status":"open","ping_status":"open","sticky":false,"template":"","format":"standard","meta":{"footnotes":""},"categories":[1],"tags":[],"class_list":["post-35689","post","type-post","status-publish","format-standard","hentry","category-bez-kategorii"],"_links":{"self":[{"href":"https:\/\/mycielewo.pl\/index.php?rest_route=\/wp\/v2\/posts\/35689","targetHints":{"allow":["GET"]}}],"collection":[{"href":"https:\/\/mycielewo.pl\/index.php?rest_route=\/wp\/v2\/posts"}],"about":[{"href":"https:\/\/mycielewo.pl\/index.php?rest_route=\/wp\/v2\/types\/post"}],"author":[{"embeddable":true,"href":"https:\/\/mycielewo.pl\/index.php?rest_route=\/wp\/v2\/users\/4"}],"replies":[{"embeddable":true,"href":"https:\/\/mycielewo.pl\/index.php?rest_route=%2Fwp%2Fv2%2Fcomments&post=35689"}],"version-history":[{"count":1,"href":"https:\/\/mycielewo.pl\/index.php?rest_route=\/wp\/v2\/posts\/35689\/revisions"}],"predecessor-version":[{"id":35690,"href":"https:\/\/mycielewo.pl\/index.php?rest_route=\/wp\/v2\/posts\/35689\/revisions\/35690"}],"wp:attachment":[{"href":"https:\/\/mycielewo.pl\/index.php?rest_route=%2Fwp%2Fv2%2Fmedia&parent=35689"}],"wp:term":[{"taxonomy":"category","embeddable":true,"href":"https:\/\/mycielewo.pl\/index.php?rest_route=%2Fwp%2Fv2%2Fcategories&post=35689"},{"taxonomy":"post_tag","embeddable":true,"href":"https:\/\/mycielewo.pl\/index.php?rest_route=%2Fwp%2Fv2%2Ftags&post=35689"}],"curies":[{"name":"wp","href":"https:\/\/api.w.org\/{rel}","templated":true}]}}