{"id":35684,"date":"2023-03-18T21:04:04","date_gmt":"2023-03-18T21:04:04","guid":{"rendered":"http:\/\/www.mycielewo.pl\/?p=35684"},"modified":"2023-03-18T21:05:02","modified_gmt":"2023-03-18T21:05:02","slug":"otwarta-lekcja-historii","status":"publish","type":"post","link":"https:\/\/mycielewo.pl\/?p=35684","title":{"rendered":"Otwarta lekcja historii"},"content":{"rendered":"\n<p>16 marca go\u015bcili\u015bmy w naszej szkole pana Jakuba Topolewskiego, inspektora Instytutu Pami\u0119ci Narodowej- K\u015aZpNP w Gda\u0144sku, Delegatura w Bydgoszczy, kt\u00f3ry przeprowadzi\u0142 zaj\u0119cia edukacyjne na temat \u017bo\u0142nierzy Wykl\u0119tych. <\/p>\n\n\n\n<p>Podczas ciekawej prezentacji pan Jakub opowiedzia\u0142 m.in. o tym, jak dosz\u0142o do powstania polskiego powojennego podziemia niepodleg\u0142o\u015bciowego i antykomunistycznego, om\u00f3wi\u0142 kampani\u0119 wrze\u015bniow\u0105, pocz\u0105tki konspiracji na ziemiach polskich pod okupacj\u0105, porz\u0105dek ja\u0142ta\u0144ski, testament Polski Walcz\u0105cej. Uczniowie dowiedzieli si\u0119 r\u00f3wnie\u017c o dzia\u0142alno\u015bci \u017bo\u0142nierzy Wykl\u0119tych na terenie wojew\u00f3dztwa kujawsko-pomorskiego.<\/p>\n\n\n\n<p class=\"has-text-align-right\"><em>Katarzyna Walasiewicz<\/em><\/p>\n\n\n\n<figure class=\"wp-block-gallery has-nested-images columns-8 is-cropped wp-block-gallery-2 is-layout-flex wp-block-gallery-is-layout-flex\">\n<figure class=\"wp-block-image size-large\"><a href=\"https:\/\/mycielewo.pl\/?attachment_id=35698\"><img loading=\"lazy\" decoding=\"async\" width=\"142\" height=\"300\" data-id=\"35698\" src=\"https:\/\/mycielewo.pl\/wp-content\/uploads\/2023\/03\/image1-5-142x300.jpg\" alt=\"\" class=\"wp-image-35698\" srcset=\"https:\/\/mycielewo.pl\/wp-content\/uploads\/2023\/03\/image1-5-142x300.jpg 142w, https:\/\/mycielewo.pl\/wp-content\/uploads\/2023\/03\/image1-5-118x250.jpg 118w, https:\/\/mycielewo.pl\/wp-content\/uploads\/2023\/03\/image1-5.jpg 426w\" sizes=\"auto, (max-width: 142px) 100vw, 142px\" \/><\/a><\/figure>\n\n\n\n<figure class=\"wp-block-image size-large\"><a href=\"https:\/\/mycielewo.pl\/?attachment_id=35695\"><img loading=\"lazy\" decoding=\"async\" width=\"142\" height=\"300\" data-id=\"35695\" src=\"https:\/\/mycielewo.pl\/wp-content\/uploads\/2023\/03\/image2-5-142x300.jpg\" alt=\"\" class=\"wp-image-35695\" srcset=\"https:\/\/mycielewo.pl\/wp-content\/uploads\/2023\/03\/image2-5-142x300.jpg 142w, https:\/\/mycielewo.pl\/wp-content\/uploads\/2023\/03\/image2-5-118x250.jpg 118w, https:\/\/mycielewo.pl\/wp-content\/uploads\/2023\/03\/image2-5.jpg 426w\" sizes=\"auto, (max-width: 142px) 100vw, 142px\" \/><\/a><\/figure>\n\n\n\n<figure class=\"wp-block-image size-large\"><a href=\"https:\/\/mycielewo.pl\/?attachment_id=35694\"><img loading=\"lazy\" decoding=\"async\" width=\"142\" height=\"300\" data-id=\"35694\" src=\"https:\/\/mycielewo.pl\/wp-content\/uploads\/2023\/03\/image3-5-142x300.jpg\" alt=\"\" class=\"wp-image-35694\" srcset=\"https:\/\/mycielewo.pl\/wp-content\/uploads\/2023\/03\/image3-5-142x300.jpg 142w, https:\/\/mycielewo.pl\/wp-content\/uploads\/2023\/03\/image3-5-118x250.jpg 118w, https:\/\/mycielewo.pl\/wp-content\/uploads\/2023\/03\/image3-5.jpg 426w\" sizes=\"auto, (max-width: 142px) 100vw, 142px\" \/><\/a><\/figure>\n\n\n\n<figure class=\"wp-block-image size-large\"><a href=\"https:\/\/mycielewo.pl\/?attachment_id=35699\"><img loading=\"lazy\" decoding=\"async\" width=\"142\" height=\"300\" data-id=\"35699\" src=\"https:\/\/mycielewo.pl\/wp-content\/uploads\/2023\/03\/image4-5-142x300.jpg\" alt=\"\" class=\"wp-image-35699\" srcset=\"https:\/\/mycielewo.pl\/wp-content\/uploads\/2023\/03\/image4-5-142x300.jpg 142w, https:\/\/mycielewo.pl\/wp-content\/uploads\/2023\/03\/image4-5-118x250.jpg 118w, https:\/\/mycielewo.pl\/wp-content\/uploads\/2023\/03\/image4-5.jpg 426w\" sizes=\"auto, (max-width: 142px) 100vw, 142px\" \/><\/a><\/figure>\n\n\n\n<figure class=\"wp-block-image size-large\"><a href=\"https:\/\/mycielewo.pl\/?attachment_id=35696\"><img loading=\"lazy\" decoding=\"async\" width=\"142\" height=\"300\" data-id=\"35696\" src=\"https:\/\/mycielewo.pl\/wp-content\/uploads\/2023\/03\/image5-5-142x300.jpg\" alt=\"\" class=\"wp-image-35696\" srcset=\"https:\/\/mycielewo.pl\/wp-content\/uploads\/2023\/03\/image5-5-142x300.jpg 142w, https:\/\/mycielewo.pl\/wp-content\/uploads\/2023\/03\/image5-5-118x250.jpg 118w, https:\/\/mycielewo.pl\/wp-content\/uploads\/2023\/03\/image5-5.jpg 426w\" sizes=\"auto, (max-width: 142px) 100vw, 142px\" \/><\/a><\/figure>\n\n\n\n<figure class=\"wp-block-image size-large\"><a href=\"https:\/\/mycielewo.pl\/?attachment_id=35697\"><img loading=\"lazy\" decoding=\"async\" width=\"142\" height=\"300\" data-id=\"35697\" src=\"https:\/\/mycielewo.pl\/wp-content\/uploads\/2023\/03\/image6-5-142x300.jpg\" alt=\"\" class=\"wp-image-35697\" srcset=\"https:\/\/mycielewo.pl\/wp-content\/uploads\/2023\/03\/image6-5-142x300.jpg 142w, https:\/\/mycielewo.pl\/wp-content\/uploads\/2023\/03\/image6-5-118x250.jpg 118w, https:\/\/mycielewo.pl\/wp-content\/uploads\/2023\/03\/image6-5.jpg 426w\" sizes=\"auto, (max-width: 142px) 100vw, 142px\" \/><\/a><\/figure>\n\n\n\n<figure class=\"wp-block-image size-large\"><a href=\"https:\/\/mycielewo.pl\/?attachment_id=35700\"><img loading=\"lazy\" decoding=\"async\" width=\"142\" height=\"300\" data-id=\"35700\" src=\"https:\/\/mycielewo.pl\/wp-content\/uploads\/2023\/03\/image7-5-142x300.jpg\" alt=\"\" class=\"wp-image-35700\" srcset=\"https:\/\/mycielewo.pl\/wp-content\/uploads\/2023\/03\/image7-5-142x300.jpg 142w, https:\/\/mycielewo.pl\/wp-content\/uploads\/2023\/03\/image7-5-118x250.jpg 118w, https:\/\/mycielewo.pl\/wp-content\/uploads\/2023\/03\/image7-5.jpg 426w\" sizes=\"auto, (max-width: 142px) 100vw, 142px\" \/><\/a><\/figure>\n\n\n\n<figure class=\"wp-block-image size-large\"><a href=\"https:\/\/mycielewo.pl\/?attachment_id=35701\"><img loading=\"lazy\" decoding=\"async\" width=\"300\" height=\"142\" data-id=\"35701\" src=\"https:\/\/mycielewo.pl\/wp-content\/uploads\/2023\/03\/image8-5-300x142.jpg\" alt=\"\" class=\"wp-image-35701\" srcset=\"https:\/\/mycielewo.pl\/wp-content\/uploads\/2023\/03\/image8-5-300x142.jpg 300w, https:\/\/mycielewo.pl\/wp-content\/uploads\/2023\/03\/image8-5-250x118.jpg 250w, https:\/\/mycielewo.pl\/wp-content\/uploads\/2023\/03\/image8-5-768x364.jpg 768w, https:\/\/mycielewo.pl\/wp-content\/uploads\/2023\/03\/image8-5.jpg 1200w\" sizes=\"auto, (max-width: 300px) 100vw, 300px\" \/><\/a><\/figure>\n\n\n\n<figure class=\"wp-block-image size-large\"><a href=\"https:\/\/mycielewo.pl\/?attachment_id=35703\"><img loading=\"lazy\" decoding=\"async\" width=\"300\" height=\"120\" data-id=\"35703\" src=\"https:\/\/mycielewo.pl\/wp-content\/uploads\/2023\/03\/image9-5-300x120.jpg\" alt=\"\" class=\"wp-image-35703\" srcset=\"https:\/\/mycielewo.pl\/wp-content\/uploads\/2023\/03\/image9-5-300x120.jpg 300w, https:\/\/mycielewo.pl\/wp-content\/uploads\/2023\/03\/image9-5-250x100.jpg 250w, https:\/\/mycielewo.pl\/wp-content\/uploads\/2023\/03\/image9-5-768x306.jpg 768w, https:\/\/mycielewo.pl\/wp-content\/uploads\/2023\/03\/image9-5.jpg 1200w\" sizes=\"auto, (max-width: 300px) 100vw, 300px\" \/><\/a><\/figure>\n\n\n\n<figure class=\"wp-block-image size-large\"><a href=\"https:\/\/mycielewo.pl\/?attachment_id=35702\"><img loading=\"lazy\" decoding=\"async\" width=\"300\" height=\"119\" data-id=\"35702\" src=\"https:\/\/mycielewo.pl\/wp-content\/uploads\/2023\/03\/image10-5-300x119.jpg\" alt=\"\" class=\"wp-image-35702\" srcset=\"https:\/\/mycielewo.pl\/wp-content\/uploads\/2023\/03\/image10-5-300x119.jpg 300w, https:\/\/mycielewo.pl\/wp-content\/uploads\/2023\/03\/image10-5-250x99.jpg 250w, https:\/\/mycielewo.pl\/wp-content\/uploads\/2023\/03\/image10-5-768x305.jpg 768w, https:\/\/mycielewo.pl\/wp-content\/uploads\/2023\/03\/image10-5.jpg 1200w\" sizes=\"auto, (max-width: 300px) 100vw, 300px\" \/><\/a><\/figure>\n\n\n\n<figure class=\"wp-block-image size-large\"><a href=\"https:\/\/mycielewo.pl\/?attachment_id=35704\"><img loading=\"lazy\" decoding=\"async\" width=\"300\" height=\"120\" data-id=\"35704\" src=\"https:\/\/mycielewo.pl\/wp-content\/uploads\/2023\/03\/Socialmedia3.01Mailing-PL_7e98fb1e-0b92-45dc-b467-619ca50f2daa-300x120.jpg\" alt=\"\" class=\"wp-image-35704\" srcset=\"https:\/\/mycielewo.pl\/wp-content\/uploads\/2023\/03\/Socialmedia3.01Mailing-PL_7e98fb1e-0b92-45dc-b467-619ca50f2daa-300x120.jpg 300w, https:\/\/mycielewo.pl\/wp-content\/uploads\/2023\/03\/Socialmedia3.01Mailing-PL_7e98fb1e-0b92-45dc-b467-619ca50f2daa-250x100.jpg 250w, https:\/\/mycielewo.pl\/wp-content\/uploads\/2023\/03\/Socialmedia3.01Mailing-PL_7e98fb1e-0b92-45dc-b467-619ca50f2daa-768x306.jpg 768w, https:\/\/mycielewo.pl\/wp-content\/uploads\/2023\/03\/Socialmedia3.01Mailing-PL_7e98fb1e-0b92-45dc-b467-619ca50f2daa.jpg 1335w\" sizes=\"auto, (max-width: 300px) 100vw, 300px\" \/><\/a><\/figure>\n<\/figure>\n","protected":false},"excerpt":{"rendered":"<p>16 marca go\u015bcili\u015bmy w naszej szkole pana Jakuba Topolewskiego, inspektora Instytutu Pami\u0119ci Narodowej- K\u015aZpNP w Gda\u0144sku, Delegatura w Bydgoszczy, kt\u00f3ry przeprowadzi\u0142 zaj\u0119cia edukacyjne na temat \u017bo\u0142nierzy Wykl\u0119tych. Podczas ciekawej prezentacji pan Jakub opowiedzia\u0142 m.in. o tym, jak dosz\u0142o do powstania polskiego powojennego podziemia niepodleg\u0142o\u015bciowego i antykomunistycznego, om\u00f3wi\u0142 kampani\u0119 wrze\u015bniow\u0105, pocz\u0105tki konspiracji na ziemiach polskich pod&hellip; <a class=\"continue\" href=\"https:\/\/mycielewo.pl\/?p=35684\">Kontynuuj czytanie<span> Otwarta lekcja historii<\/span><\/a><\/p>\n","protected":false},"author":4,"featured_media":0,"comment_status":"open","ping_status":"open","sticky":false,"template":"","format":"standard","meta":{"footnotes":""},"categories":[1],"tags":[],"class_list":["post-35684","post","type-post","status-publish","format-standard","hentry","category-bez-kategorii"],"_links":{"self":[{"href":"https:\/\/mycielewo.pl\/index.php?rest_route=\/wp\/v2\/posts\/35684","targetHints":{"allow":["GET"]}}],"collection":[{"href":"https:\/\/mycielewo.pl\/index.php?rest_route=\/wp\/v2\/posts"}],"about":[{"href":"https:\/\/mycielewo.pl\/index.php?rest_route=\/wp\/v2\/types\/post"}],"author":[{"embeddable":true,"href":"https:\/\/mycielewo.pl\/index.php?rest_route=\/wp\/v2\/users\/4"}],"replies":[{"embeddable":true,"href":"https:\/\/mycielewo.pl\/index.php?rest_route=%2Fwp%2Fv2%2Fcomments&post=35684"}],"version-history":[{"count":5,"href":"https:\/\/mycielewo.pl\/index.php?rest_route=\/wp\/v2\/posts\/35684\/revisions"}],"predecessor-version":[{"id":35706,"href":"https:\/\/mycielewo.pl\/index.php?rest_route=\/wp\/v2\/posts\/35684\/revisions\/35706"}],"wp:attachment":[{"href":"https:\/\/mycielewo.pl\/index.php?rest_route=%2Fwp%2Fv2%2Fmedia&parent=35684"}],"wp:term":[{"taxonomy":"category","embeddable":true,"href":"https:\/\/mycielewo.pl\/index.php?rest_route=%2Fwp%2Fv2%2Fcategories&post=35684"},{"taxonomy":"post_tag","embeddable":true,"href":"https:\/\/mycielewo.pl\/index.php?rest_route=%2Fwp%2Fv2%2Ftags&post=35684"}],"curies":[{"name":"wp","href":"https:\/\/api.w.org\/{rel}","templated":true}]}}