{"id":35474,"date":"2023-03-08T09:54:59","date_gmt":"2023-03-08T09:54:59","guid":{"rendered":"http:\/\/www.mycielewo.pl\/?p=35474"},"modified":"2023-03-08T09:56:33","modified_gmt":"2023-03-08T09:56:33","slug":"konkurs-na-pomoc-sensoryczna","status":"publish","type":"post","link":"https:\/\/mycielewo.pl\/?p=35474","title":{"rendered":"<strong>Konkurs na pomoc sensoryczn\u0105<\/strong>"},"content":{"rendered":"\n<p class=\"has-text-align-center\">Zapraszamy wszystkich uczni\u00f3w ze Szko\u0142y Podstawowej w Mycielewie do udzia\u0142u w konkursie plastycznym na pomoc sensoryczn\u0105<\/p>\n\n\n\n<p><strong>Technika wykonania<\/strong>: dowolna<\/p>\n\n\n\n<p><strong>Do pracy nale\u017cy do\u0142\u0105czy\u0107 dane autora:<\/strong> imi\u0119 i nazwisko, klasa <\/p>\n\n\n\n<p><strong>Gotowe projekty prosz\u0119 sk\u0142ada\u0107 do: <\/strong>p. Marty Bernas, p. Pauliny Otto Prac\u0119 <\/p>\n\n\n\n<p><strong>Termin:<\/strong> mo\u017cna sk\u0142ada\u0107 do dnia <strong>24.03.2023 r.<\/strong><\/p>\n\n\n\n<p>Szczeg\u00f3\u0142y na plakacie poni\u017cej.<\/p>\n\n\n\n<div class=\"wp-block-file\"><a id=\"wp-block-file--media-c03b7756-5c4b-4366-b507-8c06310eee7c\" href=\"https:\/\/mycielewo.pl\/wp-content\/uploads\/2023\/03\/Konkurs_sensoryczna.pdf\">Konkurs_sensoryczna<\/a><a href=\"https:\/\/mycielewo.pl\/wp-content\/uploads\/2023\/03\/Konkurs_sensoryczna.pdf\" class=\"wp-block-file__button wp-element-button\" download aria-describedby=\"wp-block-file--media-c03b7756-5c4b-4366-b507-8c06310eee7c\">Pobierz<\/a><\/div>\n","protected":false},"excerpt":{"rendered":"<p>Zapraszamy wszystkich uczni\u00f3w ze Szko\u0142y Podstawowej w Mycielewie do udzia\u0142u w konkursie plastycznym na pomoc sensoryczn\u0105 Technika wykonania: dowolna Do pracy nale\u017cy do\u0142\u0105czy\u0107 dane autora: imi\u0119 i nazwisko, klasa Gotowe projekty prosz\u0119 sk\u0142ada\u0107 do: p. Marty Bernas, p. Pauliny Otto Prac\u0119 Termin: mo\u017cna sk\u0142ada\u0107 do dnia 24.03.2023 r. Szczeg\u00f3\u0142y na plakacie poni\u017cej.<\/p>\n","protected":false},"author":1,"featured_media":0,"comment_status":"open","ping_status":"open","sticky":false,"template":"","format":"standard","meta":{"footnotes":""},"categories":[1],"tags":[],"class_list":["post-35474","post","type-post","status-publish","format-standard","hentry","category-bez-kategorii"],"_links":{"self":[{"href":"https:\/\/mycielewo.pl\/index.php?rest_route=\/wp\/v2\/posts\/35474","targetHints":{"allow":["GET"]}}],"collection":[{"href":"https:\/\/mycielewo.pl\/index.php?rest_route=\/wp\/v2\/posts"}],"about":[{"href":"https:\/\/mycielewo.pl\/index.php?rest_route=\/wp\/v2\/types\/post"}],"author":[{"embeddable":true,"href":"https:\/\/mycielewo.pl\/index.php?rest_route=\/wp\/v2\/users\/1"}],"replies":[{"embeddable":true,"href":"https:\/\/mycielewo.pl\/index.php?rest_route=%2Fwp%2Fv2%2Fcomments&post=35474"}],"version-history":[{"count":3,"href":"https:\/\/mycielewo.pl\/index.php?rest_route=\/wp\/v2\/posts\/35474\/revisions"}],"predecessor-version":[{"id":35531,"href":"https:\/\/mycielewo.pl\/index.php?rest_route=\/wp\/v2\/posts\/35474\/revisions\/35531"}],"wp:attachment":[{"href":"https:\/\/mycielewo.pl\/index.php?rest_route=%2Fwp%2Fv2%2Fmedia&parent=35474"}],"wp:term":[{"taxonomy":"category","embeddable":true,"href":"https:\/\/mycielewo.pl\/index.php?rest_route=%2Fwp%2Fv2%2Fcategories&post=35474"},{"taxonomy":"post_tag","embeddable":true,"href":"https:\/\/mycielewo.pl\/index.php?rest_route=%2Fwp%2Fv2%2Ftags&post=35474"}],"curies":[{"name":"wp","href":"https:\/\/api.w.org\/{rel}","templated":true}]}}